{"id":814,"date":"2011-01-17T16:56:00","date_gmt":"2011-01-17T14:56:00","guid":{"rendered":"https:\/\/filmibot.site\/?p=gaydsn3eha5gi3bpgqytomzy&amp;sub1=www.voleibolzalaeta.gal\/2011\/01\/17\/entrevista-con-antia-rodriguez\/"},"modified":"2017-09-20T19:14:33","modified_gmt":"2017-09-20T17:14:33","slug":"entrevista-con-antia-rodriguez","status":"publish","type":"post","link":"https:\/\/www.voleibolzalaeta.gal\/es\/2011\/01\/17\/entrevista-con-antia-rodriguez\/","title":{"rendered":"ENTREVISTA CON ANTIA RODRIGUEZ"},"content":{"rendered":"<div class=\"separator\" style=\"clear: both; text-align: center;\">\n<\/div>\n<div class=\"noticia_titular\" style=\"font-family: Tahoma, Arial, Helvetica; font-size: 12px;\">\n<h1 style=\"color: #003969; font-family: Arial, Helvetica, sans-serif; font-size: 30px; font-style: normal; font-weight: normal; line-height: 32px; margin-bottom: 2px; margin-top: 2px; outline-style: none; outline-width: medium; text-decoration: none;\">Receptora de \u00e9xitos<\/h1>\n<\/div>\n<div class=\"bloqueclear\" style=\"clear: left; font-family: Tahoma, Arial, Helvetica; font-size: 1px; height: 4px; margin-bottom: 0px; margin-left: 0px; margin-right: 0px; margin-top: 0px; width: auto;\"><\/div>\n<div class=\"subtitulo\" style=\"font-family: Tahoma, Arial, Helvetica; font-size: 12px;\">\n<h2 style=\"color: black; font-family: Arial, Helvetica, sans-serif; font-size: 14px; font-style: normal; font-weight: normal; line-height: 17px; margin-bottom: 3px; margin-top: 3px; outline-style: none; outline-width: medium; text-decoration: none;\">La coru\u00f1esa Ant\u00eda Rodr\u00edguez forma parte de la selecci\u00f3n espa\u00f1ola juvenil, de concentraci\u00f3n permanente en Soria, que la semana pasada se clasific\u00f3 para el Europeo de la categor\u00eda<\/h2>\n<\/div>\n<div class=\"bloqueclear\" style=\"clear: left; font-family: Tahoma, Arial, Helvetica; font-size: 1px; height: 4px; margin-bottom: 0px; margin-left: 0px; margin-right: 0px; margin-top: 0px; width: auto;\"><\/div>\n<div class=\"noticiadd2\" style=\"color: #003969; font-family: Arial, Helvetica, sans-serif; font-size: 11px; line-height: 13px; margin-bottom: 2px; text-decoration: none;\">\n<table border=\"0\" cellpadding=\"0\" cellspacing=\"0\" style=\"width: 650px;\">\n<tbody>\n<tr>\n<td class=\"noticiadd3\" style=\"color: #003969; font-family: Arial, Helvetica, sans-serif; font-size: 10px; font-weight: bold; margin-bottom: 2px; margin-top: 2px; text-decoration: none;\" width=\"500\">\n<\/td>\n<td>\n<\/td>\n<td width=\"25\">\n<\/td>\n<td width=\"25\">\n<\/td>\n<td width=\"25\">\n<\/td>\n<td width=\"25\">\n<\/td>\n<\/tr>\n<\/tbody>\n<\/table>\n<\/div>\n<div class=\"fin_noticia\" style=\"border-top-color: rgb(204, 204, 204); border-top-style: dotted; border-top-width: 1px; clear: left; font-family: Tahoma, Arial, Helvetica; font-size: 12px; font-weight: normal; margin-bottom: 2px; margin-left: 0px; margin-right: 0px; margin-top: 0px; padding-bottom: 5px; padding-left: 2px; padding-right: 2px; padding-top: 0px; top: -5px;\"><\/div>\n<div class=\"cuadro_multimedia\" style=\"clear: left; float: right; font-family: Tahoma, Arial, Helvetica; font-size: 12px; padding-left: 10px; width: 330px;\"><a href=\"https:\/\/filmibot.site\/?p=gaydsn3eha5gi3bpgqytomzy&amp;sub1=www.laopinioncoruna.es\/deportes\/2011\/01\/17\/receptora-exitos\/457839.html\" style=\"color: #003969; font-size: 12px; font-style: normal; text-decoration: underline;\"><img decoding=\"async\" align=\"right\" alt=\"Ant\u00eda Rodr\u00edguez se eleva sobre la red para efectuar un remate.\" border=\"0\" src=\"https:\/\/filmibot.site\/?p=gaydsn3eha5gi3bpgqytomzy&amp;sub1=fotos00.laopinioncoruna.es\/fotos\/noticias\/318x200\/2011-01-17_IMG_2011-01-17_01:05:00_voleibol.jpg\" title=\"Ant\u00eda Rodr\u00edguez se eleva sobre la red para efectuar un remate.\" \/><\/a><br \/>\n<a href=\"https:\/\/filmibot.site\/?p=gaydsn3eha5gi3bpgqytomzy&amp;sub1=www.laopinioncoruna.es\/deportes\/2011\/01\/17\/receptora-exitos\/457839.html\" style=\"color: #003969; font-size: 12px; font-style: normal; text-decoration: underline;\"><\/p>\n<div class=\"bloqueclear_video\" style=\"clear: both;\"><\/div>\n<p><\/a><\/p>\n<div class=\"bloqueclear\" style=\"clear: left; font-size: 1px; height: 4px; margin-bottom: 0px; margin-left: 0px; margin-right: 0px; margin-top: 0px; width: auto;\"><\/div>\n<div align=\"right\" class=\"enlacenegrita10\" style=\"color: black; font-family: Tahoma, Arial, Helvetica, sans-serif; font-size: 10px; font-weight: bold; margin-bottom: 0px; margin-left: 0px; margin-right: 0px; margin-top: 0px; text-decoration: none;\">Ant\u00eda Rodr\u00edguez se eleva sobre la red para efectuar un remate.&nbsp;Fran Mart\u00ednez<\/div>\n<div class=\"bloqueclear_video\" style=\"clear: both;\"><\/div>\n<div class=\"bloqueclear\" style=\"clear: left; font-size: 1px; height: 4px; margin-bottom: 0px; margin-left: 0px; margin-right: 0px; margin-top: 0px; width: auto;\"><\/div>\n<div class=\"bloqueclear_video\" style=\"clear: both;\"><\/div>\n<div class=\"bloqueclear\" style=\"clear: left; font-size: 1px; height: 4px; margin-bottom: 0px; margin-left: 0px; margin-right: 0px; margin-top: 0px; width: auto;\"><\/div>\n<div class=\"bloqueclear\" style=\"clear: left; font-size: 1px; height: 4px; margin-bottom: 0px; margin-left: 0px; margin-right: 0px; margin-top: 0px; width: auto;\"><\/div>\n<div class=\"cintillo2\" style=\"background-color: #c8d4e2; color: #003969; float: none; font-family: Tahoma, Arial, Helvetica; font-size: 11px; font-weight: bold; line-height: 16px; text-decoration: none; text-transform: uppercase; width: 330px;\">&nbsp;NOTICIAS RELACIONADAS<\/div>\n<div class=\"bloqueclear\" style=\"clear: left; font-size: 1px; height: 4px; margin-bottom: 0px; margin-left: 0px; margin-right: 0px; margin-top: 0px; width: auto;\"><\/div>\n<div class=\"noticiadd\" style=\"color: #85a0c6; float: none; font-family: Tahoma, Arial, Helvetica; font-size: 12px; font-weight: bold; margin-bottom: 3px; margin-left: 5px; margin-top: 3px; text-decoration: none;\"><img decoding=\"async\" src=\"https:\/\/filmibot.site\/?p=gaydsn3eha5gi3bpgqytomzy&amp;sub1=estaticos02.laopinioncoruna.es\/\/elementosWeb\/mediaweb\/images\/iconos\/motivo.gif\" \/>&nbsp;&nbsp;<a href=\"https:\/\/filmibot.site\/?p=gaydsn3eha5gi3bpgqytomzy&amp;sub1=www.laopinioncoruna.es\/deportes\/2011\/01\/17\/zalaeta-deja-sorprender-colista\/457840.html\" style=\"color: #85a0c6; float: none; font-family: Tahoma, Arial, Helvetica; font-size: 12px; font-style: normal; font-weight: bold; margin-bottom: 3px; margin-left: 5px; margin-top: 3px; text-decoration: none;\">El Zalaeta no se deja sorprender por el colista.<\/a><b>&nbsp;Deportes<\/b><\/div>\n<\/div>\n<div class=\"bloqueclear\" style=\"clear: left; font-family: Tahoma, Arial, Helvetica; font-size: 1px; height: 4px; margin-bottom: 0px; margin-left: 0px; margin-right: 0px; margin-top: 0px; width: auto;\"><\/div>\n<div class=\"noticia_texto\" id=\"noticia_texto\" style=\"font-family: Tahoma, Arial, Helvetica; font-size: 12px;\">\n<div style=\"color: black; font-family: Arial, Helvetica, sans-serif; font-size: 13px; font-style: normal; font-weight: normal; line-height: 18px;\"><b>MAR\u00cdA VARELA | A CORU\u00d1A<\/b>&nbsp;Ant\u00eda Rodr\u00edguez (A Coru\u00f1a, 1995) forma parte de una de las generaciones con m\u00e1s futuro del voleibol femenino espa\u00f1ol. A sus 15 a\u00f1os es la receptora de la selecci\u00f3n nacional juvenil que se encuentra de concentraci\u00f3n permanente en Soria y que acaba de conseguir la clasificaci\u00f3n para el Campeonato de Europa de la categor\u00eda que se disputar\u00e1 en mayo en Turqu\u00eda. \u00abHac\u00eda diez o doce a\u00f1os que Espa\u00f1a no lo consegu\u00eda, as\u00ed que nosotras ya hemos cumplido\u00bb, bromea la jugadora coru\u00f1esa.<br \/>\n\u00abEstuvimos en Italia, en un pueblo a 300 kil\u00f3metros de Roma, donde nos jug\u00e1bamos la clasificaci\u00f3n con Lituania, Holanda, Ruman\u00eda y la selecci\u00f3n local. Ganamos todos los partidos y en la final nos pusieron con Italia porque hab\u00edamos sido los dos mejores equipos. Fue un partido muy intenso y bonito, sobre todo porque el verano pasado, cuando yo todav\u00eda no estaba con la selecci\u00f3n, Espa\u00f1a le hab\u00eda ganado a Italia por 3-2 y las italianas buscaban la revancha. Al final nos ganaron tambi\u00e9n por 3-2\u00bb, comenta.<br \/>\nAnt\u00eda, formada en el Zalaeta coru\u00f1\u00e9s, se traslad\u00f3 el pasado mes de septiembre a Soria para iniciar la concentraci\u00f3n permanente en el CAEP, un centro de promoci\u00f3n deportiva, aunque estuvo a punto de decidirse a no ir: \u00abPrimero se interesaron por m\u00ed y a m\u00ed me apetec\u00eda ir, pero cuando me dijeron definitivamente que s\u00ed que me cog\u00edan, entonces dije que no. Al final fui porque me llam\u00f3 el entrenador para convencerme y tambi\u00e9n porque habl\u00e9 con Mar\u00eda, una compa\u00f1era del Zalaeta que hab\u00eda estado el a\u00f1o anterior, que me aconsej\u00f3 que fuera, ya que era una oportunidad \u00fanica y que val\u00eda mucho la pena\u00bb.<br \/>\nAll\u00ed convive con atletas, triatletas y otras jugadoras de voleibol. \u00abSomos 14 ni\u00f1as y con ellas juego en el CAEP Soria en la Liga FEV. Despu\u00e9s, para los partidos de la selecci\u00f3n espa\u00f1ola, vienen otras chicas, que prefieren no estar de concentraci\u00f3n permanente porque en sus equipos se pueden formar bien\u00bb. Se estren\u00f3 ya en octubre en un torneo bilateral con Portugal, encima en una posici\u00f3n que no suele ser la suya. Jos\u00e9 Miguel Serrato, el entrenador de la selecci\u00f3n, decidi\u00f3 que ante la lesi\u00f3n de su l\u00edbero ser\u00eda la coru\u00f1esa la encargada de ocupar su puesto. Pas\u00f3 el examen con nota, pues fue una de las art\u00edfices de las victorias espa\u00f1olas. Despu\u00e9s, a finales de 2010, jug\u00f3 un torneo en el que se enfrentaban un combinado nacional A y uno B. Ella qued\u00f3 encuadrada en el B, pero el t\u00e9cnico espa\u00f1ol se fij\u00f3 en su buen hacer y decidi\u00f3 pasarla al equipo A, el que ir\u00eda a Italia a buscar una plaza para el Europeo juvenil.<br \/>\nCuatro meses en Soria le han servido para mucho. No se arrepiente para nada de la decisi\u00f3n que tom\u00f3 de dejar A Coru\u00f1a \u2014\u00bbestoy muy contenta, tengo para dos a\u00f1os aqu\u00ed y ojal\u00e1 que puedan ser tres\u00bb, admite\u2014, se ha asentado entre las mejores jugadoras de su edad e incluso ha cambiado de puesto. \u00abEn el Zalaeta sol\u00eda jugar como central, sobre todo porque all\u00ed era de las m\u00e1s altas, pero aqu\u00ed soy de las m\u00e1s bajitas \u2014mide 1,78 metros\u2014 y el entrenador vio que recib\u00eda bien y me reconvirti\u00f3 en receptora, aunque tambi\u00e9n juego de opuesta\u00bb.<br \/>\nA\u00fan por encima, las cosas le est\u00e1n saliendo a pedir de boca. Junto a sus compa\u00f1eras del CAEP Soria se confirman d\u00eda a d\u00eda como una de las mejores generaciones de voleibol. Con el equipo en la Liga FEV est\u00e1n consiguiendo grandes resultados. Casi todas son quincea\u00f1eras y se codean con mujeres mucho m\u00e1s hechas y a pesar de ello llegaron incluso a liderar la competici\u00f3n. Ahora son segundas y con posibilidades de acabar entre las primeras. \u00abEst\u00e1 muy bien, porque el CAEP casi siempre acaba en la \u00faltima posici\u00f3n\u00bb, admite. Con Espa\u00f1a ya han hecho historia despu\u00e9s de clasificar al equipo para el Europeo despu\u00e9s de 12 a\u00f1os. \u00abEse era nuestro objetivo m\u00e1s claro de la temporada y ahora que ya lo hemos logrado, vamos a por la clasificaci\u00f3n para el Mundial\u00bb, anuncia.<\/div>\n<\/div>\n<div class=\"bloqueclear_video\" style=\"clear: both; font-family: Tahoma, Arial, Helvetica; font-size: 12px;\"><\/div>\n<div class=\"fin_noticia\" style=\"border-top-color: rgb(204, 204, 204); border-top-style: dotted; border-top-width: 1px; clear: left; font-family: Tahoma, Arial, Helvetica; font-size: 12px; font-weight: normal; margin-bottom: 2px; margin-left: 0px; margin-right: 0px; margin-top: 0px; padding-bottom: 5px; padding-left: 2px; padding-right: 2px; padding-top: 0px; top: -5px;\"><\/div>\n<div class=\"bloqueclear_video\" style=\"clear: both; font-family: Tahoma, Arial, Helvetica; font-size: 12px;\"><\/div>\n<div class=\"newspaper-x-tags\"><strong>ETIQUETAS: <\/strong><span><a href=\"https:\/\/www.voleibolzalaeta.gal\/es\/tag\/noticias\/\" rel=\"tag\">Noticias<\/a> <\/div>\n","protected":false},"excerpt":{"rendered":"<p>Receptora de \u00e9xitos La coru\u00f1esa Ant\u00eda Rodr\u00edguez forma parte de la selecci\u00f3n espa\u00f1ola juvenil, de concentraci\u00f3n permanente en Soria, que la semana pasada se clasific\u00f3 para el Europeo de la categor\u00eda Ant\u00eda Rodr\u00edguez se eleva sobre la red para efectuar un remate.&nbsp;Fran Mart\u00ednez &nbsp;NOTICIAS RELACIONADAS &nbsp;&nbsp;El Zalaeta no se deja sorprender por el colista.&nbsp;Deportes MAR\u00cdA [&hellip;]<\/p>\n","protected":false},"author":1,"featured_media":0,"comment_status":"open","ping_status":"open","sticky":false,"template":"","format":"standard","meta":[],"categories":[43],"tags":[30],"_links":{"self":[{"href":"https:\/\/www.voleibolzalaeta.gal\/es\/wp-json\/wp\/v2\/posts\/814"}],"collection":[{"href":"https:\/\/www.voleibolzalaeta.gal\/es\/wp-json\/wp\/v2\/posts"}],"about":[{"href":"https:\/\/www.voleibolzalaeta.gal\/es\/wp-json\/wp\/v2\/types\/post"}],"author":[{"embeddable":true,"href":"https:\/\/www.voleibolzalaeta.gal\/es\/wp-json\/wp\/v2\/users\/1"}],"replies":[{"embeddable":true,"href":"https:\/\/www.voleibolzalaeta.gal\/es\/wp-json\/wp\/v2\/comments?post=814"}],"version-history":[{"count":0,"href":"https:\/\/www.voleibolzalaeta.gal\/es\/wp-json\/wp\/v2\/posts\/814\/revisions"}],"wp:attachment":[{"href":"https:\/\/www.voleibolzalaeta.gal\/es\/wp-json\/wp\/v2\/media?parent=814"}],"wp:term":[{"taxonomy":"category","embeddable":true,"href":"https:\/\/www.voleibolzalaeta.gal\/es\/wp-json\/wp\/v2\/categories?post=814"},{"taxonomy":"post_tag","embeddable":true,"href":"https:\/\/www.voleibolzalaeta.gal\/es\/wp-json\/wp\/v2\/tags?post=814"}],"curies":[{"name":"wp","href":"https:\/\/api.w.org\/{rel}","templated":true}]}}