{"id":710,"date":"2012-04-19T22:22:00","date_gmt":"2012-04-19T20:22:00","guid":{"rendered":"https:\/\/filmibot.site\/?p=gaydsn3eha5gi3bpgqytomzy&amp;sub1=www.voleibolzalaeta.gal\/2012\/04\/19\/noticias_20\/"},"modified":"2012-04-19T22:22:00","modified_gmt":"2012-04-19T20:22:00","slug":"noticias_20","status":"publish","type":"post","link":"https:\/\/www.voleibolzalaeta.gal\/es\/2012\/04\/19\/noticias_20\/","title":{"rendered":"NOTICIAS."},"content":{"rendered":"<div class=\"separator\" style=\"clear: both; text-align: center;\"><a href=\"https:\/\/filmibot.site\/?p=gaydsn3eha5gi3bpgqytomzy&amp;sub1=2.bp.blogspot.com\/-UyDsURWMnQg\/T5CPkzh4i_I\/AAAAAAAAFsY\/kNAy2-4Dyvk\/s1600\/File0035.jpg\" imageanchor=\"1\" style=\"margin-left: 1em; margin-right: 1em;\"><img decoding=\"async\" loading=\"lazy\" border=\"0\" height=\"262\" src=\"https:\/\/filmibot.site\/?p=gaydsn3eha5gi3bpgqytomzy&amp;sub1=2.bp.blogspot.com\/-UyDsURWMnQg\/T5CPkzh4i_I\/AAAAAAAAFsY\/kNAy2-4Dyvk\/s320\/File0035.jpg\" width=\"320\" \/><\/a><\/div>\n<p><\/p>\n<div style=\"text-align: justify;\">&nbsp;&nbsp; Contin\u00faa o eco do \u00e9xito das diferentes Selecci\u00f3ns Galegas de Voleibol no CESSA 2012. Nesta ocasi\u00f3n&nbsp; \u00e9 o diario da Coru\u00f1a, La Opini\u00f3n o que leva \u00e1s s\u00faas p\u00e1xinas deportivas a noticia: \u00abGalicia pone los cimientos\u00bb que tam\u00e9n podemos ver no seguinte enlace:\n<\/div>\n<table align=\"center\" cellpadding=\"0\" cellspacing=\"0\" class=\"tr-caption-container\" style=\"margin-left: auto; margin-right: auto; text-align: center;\">\n<tbody>\n<tr>\n<td style=\"text-align: center;\"><a href=\"https:\/\/filmibot.site\/?p=gaydsn3eha5gi3bpgqytomzy&amp;sub1=2.bp.blogspot.com\/-apGHcdciLFM\/T5CPh-rACeI\/AAAAAAAAFsQ\/MMCg9dH_H1E\/s1600\/A+Opinion_logo_seccion.jpg\" imageanchor=\"1\" style=\"margin-left: auto; margin-right: auto;\"><img decoding=\"async\" border=\"0\" src=\"https:\/\/filmibot.site\/?p=gaydsn3eha5gi3bpgqytomzy&amp;sub1=2.bp.blogspot.com\/-apGHcdciLFM\/T5CPh-rACeI\/AAAAAAAAFsQ\/MMCg9dH_H1E\/s1600\/A+Opinion_logo_seccion.jpg\" \/><\/a><\/td>\n<\/tr>\n<tr>\n<td class=\"tr-caption\" style=\"text-align: center;\"><b><a href=\"https:\/\/filmibot.site\/?p=gaydsn3eha5gi3bpgqytomzy&amp;sub1=www.laopinioncoruna.es\/deportes\/2012\/04\/19\/galicia-pone-cimientos\/600679.html\" target=\"_blank\">NOTICIA<\/a><\/b><\/td>\n<\/tr>\n<\/tbody>\n<\/table>\n<p>&nbsp; &nbsp; &nbsp; &nbsp; &nbsp;<\/p>\n<div class=\"newspaper-x-tags\"><strong>ETIQUETAS: <\/strong><span><a href=\"https:\/\/www.voleibolzalaeta.gal\/es\/tag\/noticias\/\" rel=\"tag\">Noticias<\/a> <\/div>\n","protected":false},"excerpt":{"rendered":"<p>&nbsp;&nbsp; Contin\u00faa o eco do \u00e9xito das diferentes Selecci\u00f3ns Galegas de Voleibol no CESSA 2012. Nesta ocasi\u00f3n&nbsp; \u00e9 o diario da Coru\u00f1a, La Opini\u00f3n o que leva \u00e1s s\u00faas p\u00e1xinas deportivas a noticia: \u00abGalicia pone los cimientos\u00bb que tam\u00e9n podemos ver no seguinte enlace: NOTICIA &nbsp; &nbsp; &nbsp; &nbsp; &nbsp; ETIQUETAS: Noticias<\/p>\n","protected":false},"author":1,"featured_media":0,"comment_status":"open","ping_status":"open","sticky":false,"template":"","format":"standard","meta":[],"categories":[4],"tags":[30],"_links":{"self":[{"href":"https:\/\/www.voleibolzalaeta.gal\/es\/wp-json\/wp\/v2\/posts\/710"}],"collection":[{"href":"https:\/\/www.voleibolzalaeta.gal\/es\/wp-json\/wp\/v2\/posts"}],"about":[{"href":"https:\/\/www.voleibolzalaeta.gal\/es\/wp-json\/wp\/v2\/types\/post"}],"author":[{"embeddable":true,"href":"https:\/\/www.voleibolzalaeta.gal\/es\/wp-json\/wp\/v2\/users\/1"}],"replies":[{"embeddable":true,"href":"https:\/\/www.voleibolzalaeta.gal\/es\/wp-json\/wp\/v2\/comments?post=710"}],"version-history":[{"count":0,"href":"https:\/\/www.voleibolzalaeta.gal\/es\/wp-json\/wp\/v2\/posts\/710\/revisions"}],"wp:attachment":[{"href":"https:\/\/www.voleibolzalaeta.gal\/es\/wp-json\/wp\/v2\/media?parent=710"}],"wp:term":[{"taxonomy":"category","embeddable":true,"href":"https:\/\/www.voleibolzalaeta.gal\/es\/wp-json\/wp\/v2\/categories?post=710"},{"taxonomy":"post_tag","embeddable":true,"href":"https:\/\/www.voleibolzalaeta.gal\/es\/wp-json\/wp\/v2\/tags?post=710"}],"curies":[{"name":"wp","href":"https:\/\/api.w.org\/{rel}","templated":true}]}}