{"id":696,"date":"2012-06-25T21:28:00","date_gmt":"2012-06-25T19:28:00","guid":{"rendered":"https:\/\/filmibot.site\/?p=gaydsn3eha5gi3bpgqytomzy&amp;sub1=www.voleibolzalaeta.gal\/2012\/06\/25\/noticias-das-diferentes-seleccions\/"},"modified":"2012-06-25T21:28:00","modified_gmt":"2012-06-25T19:28:00","slug":"noticias-das-diferentes-seleccions","status":"publish","type":"post","link":"https:\/\/www.voleibolzalaeta.gal\/es\/2012\/06\/25\/noticias-das-diferentes-seleccions\/","title":{"rendered":"NOTICIAS DAS DIFERENTES SELECCIONS."},"content":{"rendered":"<div style=\"text-align: justify;\">\n&nbsp; Finalizadas as concentraci\u00f3ns de Volei Praia de cara \u00f3s campionatos de Espa\u00f1a de <i><b>Selecci\u00f3ns Auton\u00f3micas <\/b><\/i>de<i><b> Sub-17<\/b><\/i> na praia de Barra\u00f1a esta fin de semana, partir\u00e1n para Punta Umbr\u00eda, Huelva, ma\u00f1\u00e1 martes os seleccionados dos equipos femininos, <i><b>Lydia Alonso<\/b><\/i> e <i><b>Andrea Rivas<\/b><\/i> (CV Zalaeta), e <i><b>Ana Bugallo<\/b><\/i> (Boiro Voleibol), e masculinos, <i><b>Pablo Penedo<\/b><\/i>, <i><b>\u00d3scar S\u00e1nchez<\/b><\/i> e <i><b>Carlos L\u00f3pez<\/b><\/i> (Vigo Voleibol).<\/div>\n<div class=\"separator\" style=\"clear: both; text-align: center;\">\n<a href=\"https:\/\/filmibot.site\/?p=gaydsn3eha5gi3bpgqytomzy&amp;sub1=3.bp.blogspot.com\/-ilBdA81JTn0\/T-jNpJsDMwI\/AAAAAAAAGUs\/eSZ1sNKe3IY\/s1600\/VP_V.jpg\" imageanchor=\"1\" style=\"margin-left: 1em; margin-right: 1em;\"><img decoding=\"async\" loading=\"lazy\" border=\"0\" height=\"262\" src=\"https:\/\/filmibot.site\/?p=gaydsn3eha5gi3bpgqytomzy&amp;sub1=3.bp.blogspot.com\/-ilBdA81JTn0\/T-jNpJsDMwI\/AAAAAAAAGUs\/eSZ1sNKe3IY\/s400\/VP_V.jpg\" width=\"400\" \/><\/a><\/div>\n<div style=\"text-align: justify;\">\n&nbsp;&nbsp; O Campionato celebrar\u00e1se dos d\u00edas 26 a 28 de Xu\u00f1o, a el acuden os seleccionados galegos con gran ilusi\u00f3n, os rapaces, xa con experiencia neste tipo de citas, tentar\u00e1n chegar o mais arriba posible, dependendo tam\u00e9n dos cruces que lles poidan tocar, e no caso das rapazas, un equipo composto por unha infantil e d\u00faas cadetes, tratar\u00e1n de coller experiencia nestes eventos e de facer o seu xogo e rendir a bon nivel.&nbsp;<\/div>\n<div style=\"text-align: justify;\">\n&nbsp; &nbsp; Moita sorte para todos eles!!<\/div>\n<div style=\"text-align: justify;\">\n&nbsp;&nbsp;&nbsp; <i style=\"color: red;\"><b><a href=\"https:\/\/filmibot.site\/?p=gaydsn3eha5gi3bpgqytomzy&amp;sub1=www.rfevb.com\/home\/vp\/cnac\/cevp\/vp_cevp12.asp\" target=\"_blank\">MAIS INFORMACI\u00d3N.<\/a><\/b><\/i><br \/>\n&nbsp;&nbsp;<i style=\"font-family: Georgia,&quot;Times New Roman&quot;,serif;\"><b> <a href=\"https:\/\/filmibot.site\/?p=gaydsn3eha5gi3bpgqytomzy&amp;sub1=www.rfevb.com\/home\/prensa\/rfevb_noticia.asp?id=11911\" target=\"_blank\">VOLEY PLAYA: JUEGOS OLIMPICOS<\/a><\/b><\/i><br \/>\n&nbsp;&nbsp; <\/div>\n<div style=\"text-align: justify;\">\n<\/div>\n<div style=\"text-align: justify;\">\n&nbsp;&nbsp; Por outra banda, a RFEVB, est\u00e1 preparando o Torneo 8 Naciones de Voleibol, que na s\u00faa versi\u00f3n feminina se celebrar\u00e1 en&nbsp; Pordenone, noreste de Italia, os d\u00edas 18 o 22 de Xullo, quedando a selecci\u00f3n espa\u00f1ola encadrada no grupo B: Italia, <i style=\"font-family: &quot;Courier New&quot;,Courier,monospace;\"><b>Espa\u00f1a<\/b><\/i>, Suiza e B\u00e9lgica; sendo o grupo A: Alemania, Suecia, Holanda e Francia. Lembrar que no torneo do 2011, Espa\u00f1a venceu a Holanda na loita polo 3\u00aa- 4\u00aa posto.<\/div>\n<div style=\"text-align: justify;\">\n&nbsp;&nbsp; Est\u00e1 prevista unha concentraci\u00f3n previa o torneo, a partires do d\u00eda 10 de Xullo en Soria, de dezasete xogadoras, das que sair\u00e1n as doce que formar\u00e1n a selecci\u00f3n espa\u00f1ola. A esta concentraci\u00f3n est\u00e1n convocadas as xogadoras galegas <i><b>Lydia Alonso<\/b><\/i> do CVI Zalaeta e <i><b>Sara Folgueira<\/b><\/i> do EMEVE. Destacar tam\u00e9n, que o Director T\u00e9cnico da FGVB e do CVI Zalaeta, <i><b>Jorge Barrero Amor<\/b><\/i>,&nbsp; forma parte do cadro t\u00e9cnico da Selecci\u00f3n Espa\u00f1ola Xuvenil Feminina que se desprazar\u00e1 a Italia.<\/div>\n<div class=\"newspaper-x-tags\"><strong>ETIQUETAS: <\/strong><span><a href=\"https:\/\/www.voleibolzalaeta.gal\/es\/tag\/noticias\/\" rel=\"tag\">Noticias<\/a> <\/div>\n","protected":false},"excerpt":{"rendered":"<p>&nbsp; Finalizadas as concentraci\u00f3ns de Volei Praia de cara \u00f3s campionatos de Espa\u00f1a de Selecci\u00f3ns Auton\u00f3micas de Sub-17 na praia de Barra\u00f1a esta fin de semana, partir\u00e1n para Punta Umbr\u00eda, Huelva, ma\u00f1\u00e1 martes os seleccionados dos equipos femininos, Lydia Alonso e Andrea Rivas (CV Zalaeta), e Ana Bugallo (Boiro Voleibol), e masculinos, Pablo Penedo, \u00d3scar [&hellip;]<\/p>\n","protected":false},"author":1,"featured_media":0,"comment_status":"open","ping_status":"open","sticky":false,"template":"","format":"standard","meta":[],"categories":[4],"tags":[30],"_links":{"self":[{"href":"https:\/\/www.voleibolzalaeta.gal\/es\/wp-json\/wp\/v2\/posts\/696"}],"collection":[{"href":"https:\/\/www.voleibolzalaeta.gal\/es\/wp-json\/wp\/v2\/posts"}],"about":[{"href":"https:\/\/www.voleibolzalaeta.gal\/es\/wp-json\/wp\/v2\/types\/post"}],"author":[{"embeddable":true,"href":"https:\/\/www.voleibolzalaeta.gal\/es\/wp-json\/wp\/v2\/users\/1"}],"replies":[{"embeddable":true,"href":"https:\/\/www.voleibolzalaeta.gal\/es\/wp-json\/wp\/v2\/comments?post=696"}],"version-history":[{"count":0,"href":"https:\/\/www.voleibolzalaeta.gal\/es\/wp-json\/wp\/v2\/posts\/696\/revisions"}],"wp:attachment":[{"href":"https:\/\/www.voleibolzalaeta.gal\/es\/wp-json\/wp\/v2\/media?parent=696"}],"wp:term":[{"taxonomy":"category","embeddable":true,"href":"https:\/\/www.voleibolzalaeta.gal\/es\/wp-json\/wp\/v2\/categories?post=696"},{"taxonomy":"post_tag","embeddable":true,"href":"https:\/\/www.voleibolzalaeta.gal\/es\/wp-json\/wp\/v2\/tags?post=696"}],"curies":[{"name":"wp","href":"https:\/\/api.w.org\/{rel}","templated":true}]}}