{"id":693,"date":"2012-07-02T22:24:00","date_gmt":"2012-07-02T20:24:00","guid":{"rendered":"https:\/\/filmibot.site\/?p=gaydsn3eha5gi3bpgqytomzy&amp;sub1=www.voleibolzalaeta.gal\/2012\/07\/02\/circuito-galego-de-volei-praia-barrana\/"},"modified":"2012-07-02T22:24:00","modified_gmt":"2012-07-02T20:24:00","slug":"circuito-galego-de-volei-praia-barrana","status":"publish","type":"post","link":"https:\/\/www.voleibolzalaeta.gal\/es\/2012\/07\/02\/circuito-galego-de-volei-praia-barrana\/","title":{"rendered":"CIRCUITO GALEGO DE VOLEI PRAIA: BARRA\u00d1A"},"content":{"rendered":"<table align=\"center\" cellpadding=\"0\" cellspacing=\"0\" class=\"tr-caption-container\" style=\"margin-left: auto; margin-right: auto; text-align: center;\">\n<tbody>\n<tr>\n<td style=\"text-align: center;\"><a href=\"https:\/\/filmibot.site\/?p=gaydsn3eha5gi3bpgqytomzy&amp;sub1=2.bp.blogspot.com\/-3Ibr-LMH36c\/T_IKeBIt4OI\/AAAAAAAAGXU\/5HAQKxLlBBQ\/s1600\/BARRA%C3%91A+copia.jpg\" imageanchor=\"1\" style=\"margin-left: auto; margin-right: auto;\"><img decoding=\"async\" border=\"0\" src=\"https:\/\/filmibot.site\/?p=gaydsn3eha5gi3bpgqytomzy&amp;sub1=2.bp.blogspot.com\/-3Ibr-LMH36c\/T_IKeBIt4OI\/AAAAAAAAGXU\/5HAQKxLlBBQ\/s1600\/BARRA%C3%91A+copia.jpg\" \/><\/a><\/td>\n<\/tr>\n<tr>\n<td class=\"tr-caption\" style=\"text-align: center;\"><b><a href=\"https:\/\/filmibot.site\/?p=gaydsn3eha5gi3bpgqytomzy&amp;sub1=picasaweb.google.com\/111943944927473341927\/VOLEIPRAIA2012#5761441784278452642\" target=\"_blank\">VER FOTOS&gt;<\/a><\/b><\/td>\n<\/tr>\n<\/tbody>\n<\/table>\n<p><\/p>\n<div style=\"text-align: justify;\">\n&nbsp;&nbsp;&nbsp; Rematou o pasado s\u00e1bado d\u00eda trinta&nbsp; o I Campus de Volei Praia organizado polo Club Barra\u00f1a Volei Praia, con exito de inscripci\u00f3n e de organizaci\u00f3n, no que os participantes aprenderon e desenrrolaron os fundamentos desta especialidade, no marco incomparable da praia de Barra\u00f1a. E rematou como non, coincidindo cunha competici\u00f3n do Circuito Galego de Volei Prai, que tivo lugar ao longo da fin de semana para as categor\u00edas inferiores. Entre o s\u00e1bado e o domingo, xog\u00e1ronse os partidos correspondentes as categor\u00edas Sub-15, 17, 19 e 21, tanto femeninos coma masculinos con ampla representaci\u00f3n de equipos das catro provincias.<\/div>\n<div style=\"text-align: justify;\">\n&nbsp;&nbsp; O C.V.I. Zalaeta, estivo representado en categor\u00eda Sub-17 feminino por dous equipos formados polas xogadoras Lydia, Andrea e Paula L. e Nerea, In\u00e9s e Paula B., categor\u00eda na que se alzaron co triunfo as xogadoras do Liceo coru\u00f1\u00e9s, Susana, Carla e Alba; en categor\u00eda Sub-19 feminino, numerosa participaci\u00f3n do Zalaeta con tres equipos. Lydia-Andrea, Marta-Ant\u00eda e Sof\u00eda e Sara, con triunfo para as xogadoras de EMEVE Blanca e Claudia. E na categor\u00eda masculina, con gran afluencia de equipos, a representacion do club correo a cargo dos xogadores Daniel e Roberto, que tam\u00e9n competiron de Sub-21; e en categor\u00eda Sub-21 feminina, Marta-Ant\u00eda e Sof\u00eda e Sara, que se alzaron co triunfo nesta categor\u00eda.<\/p>\n<table cellpadding=\"0\" cellspacing=\"0\" class=\"tr-caption-container\" style=\"float: left; margin-right: 1em; text-align: left;\">\n<tbody>\n<tr>\n<td style=\"text-align: center;\"><a href=\"https:\/\/filmibot.site\/?p=gaydsn3eha5gi3bpgqytomzy&amp;sub1=1.bp.blogspot.com\/-Rp6psymkFOk\/T_IYbwlN8HI\/AAAAAAAAGYE\/_O81Bo3XxxA\/s1600\/cpermanente01_b.JPG\" imageanchor=\"1\" style=\"clear: left; margin-bottom: 1em; margin-left: auto; margin-right: auto;\"><img decoding=\"async\" loading=\"lazy\" border=\"0\" height=\"240\" src=\"https:\/\/filmibot.site\/?p=gaydsn3eha5gi3bpgqytomzy&amp;sub1=1.bp.blogspot.com\/-Rp6psymkFOk\/T_IYbwlN8HI\/AAAAAAAAGYE\/_O81Bo3XxxA\/s320\/cpermanente01_b.JPG\" width=\"320\" \/><\/a><\/td>\n<\/tr>\n<tr>\n<td class=\"tr-caption\" style=\"text-align: center;\"><i><b>RFEVB<\/b><\/i><\/td>\n<\/tr>\n<\/tbody>\n<\/table>\n<p>&nbsp; &nbsp;&nbsp;<br \/>\n&nbsp;&nbsp; A <i><b><a href=\"https:\/\/filmibot.site\/?p=gaydsn3eha5gi3bpgqytomzy&amp;sub1=www.rfevb.com\/home\/prensa\/rfevb_noticia.asp?id=11956\" target=\"_blank\">CONCENTRACI\u00d3N FEMENINA<\/a><\/b><\/i> PERMANENTE da Selecci\u00f3n Juvenil Femenina con base no <i><b><a href=\"https:\/\/filmibot.site\/?p=gaydsn3eha5gi3bpgqytomzy&amp;sub1=www.caepsoria.com\/VOLEY_INDICE.htm\" target=\"_blank\">CAEP<\/a><\/b><\/i> en Soria, deu por finalizada a tempada con un acto de despedida. Para a pr\u00f3xima tempada, causan baixa as xogadoras galegas M\u00aa Alejandra \u00c1lvarez e Sara D\u00edaz, e contin\u00faa un ano mais a coru\u00f1esa de Zalaeta, Ant\u00eda Rodriguez.<\/p>\n<p><\/p>\n<table cellpadding=\"0\" cellspacing=\"0\" class=\"tr-caption-container\" style=\"float: right; margin-left: 1em; text-align: right;\">\n<tbody>\n<tr>\n<td style=\"text-align: center;\"><a href=\"https:\/\/filmibot.site\/?p=gaydsn3eha5gi3bpgqytomzy&amp;sub1=4.bp.blogspot.com\/--AJqNHFYkjE\/T_Id_QliOLI\/AAAAAAAAGYs\/KAOuPfHw11s\/s1600\/_2012_smasc_ligaeuropea_turquia_lem_medallas2.jpg\" imageanchor=\"1\" style=\"clear: right; margin-bottom: 1em; margin-left: auto; margin-right: auto;\"><img decoding=\"async\" loading=\"lazy\" border=\"0\" height=\"320\" src=\"https:\/\/filmibot.site\/?p=gaydsn3eha5gi3bpgqytomzy&amp;sub1=4.bp.blogspot.com\/--AJqNHFYkjE\/T_Id_QliOLI\/AAAAAAAAGYs\/KAOuPfHw11s\/s320\/_2012_smasc_ligaeuropea_turquia_lem_medallas2.jpg\" width=\"240\" \/><\/a><\/td>\n<\/tr>\n<tr>\n<td class=\"tr-caption\" style=\"text-align: center;\"><i><b>RFEVB<\/b><\/i><\/td>\n<\/tr>\n<\/tbody>\n<\/table>\n<p>\n&nbsp;&nbsp;<br \/>\n&nbsp; A Selecci\u00f3n Nacional Absoluta Masculina, firmou de novo un terceiro posto na Liga Europea, logo de caer ante Turqu\u00eda, derrotou a Eslovaquia, 3-1, na loita polo terceiro posto cun <b><i><a href=\"https:\/\/filmibot.site\/?p=gaydsn3eha5gi3bpgqytomzy&amp;sub1=www.rfevb.com\/prensa\/notas\/07-01-12lem_esp-svk.asp\" target=\"_blank\">PARTIDO<\/a><\/i><\/b> moi serio en ataque e un bloqueo que marcou as diferencias.<br \/>\n&nbsp;&nbsp; Da destacada participaci\u00f3n espa\u00f1ola nesta liga, e mostra a elecci\u00f3n de tres xogadores entre os mellores do torneo, entre eles, coma mellor bloqueador, o central galego, Jorge Fern\u00e1ndez, ex xogador do Club Voleibol Zalaeta.<br \/>\n&nbsp;&nbsp; Noraboa por este novo podio europeo, e polaas distincions logradas. <\/div>\n<div class=\"newspaper-x-tags\"><strong>ETIQUETAS: <\/strong><span><a href=\"https:\/\/www.voleibolzalaeta.gal\/es\/tag\/noticias\/\" rel=\"tag\">Noticias<\/a><\/span><a href=\"https:\/\/www.voleibolzalaeta.gal\/es\/tag\/volei-praia\/\" rel=\"tag\">VOLEI PRAIA<\/a> <\/div>\n","protected":false},"excerpt":{"rendered":"<p>VER FOTOS&gt; &nbsp;&nbsp;&nbsp; Rematou o pasado s\u00e1bado d\u00eda trinta&nbsp; o I Campus de Volei Praia organizado polo Club Barra\u00f1a Volei Praia, con exito de inscripci\u00f3n e de organizaci\u00f3n, no que os participantes aprenderon e desenrrolaron os fundamentos desta especialidade, no marco incomparable da praia de Barra\u00f1a. E rematou como non, coincidindo cunha competici\u00f3n do Circuito [&hellip;]<\/p>\n","protected":false},"author":1,"featured_media":0,"comment_status":"open","ping_status":"open","sticky":false,"template":"","format":"standard","meta":[],"categories":[4],"tags":[30,37],"_links":{"self":[{"href":"https:\/\/www.voleibolzalaeta.gal\/es\/wp-json\/wp\/v2\/posts\/693"}],"collection":[{"href":"https:\/\/www.voleibolzalaeta.gal\/es\/wp-json\/wp\/v2\/posts"}],"about":[{"href":"https:\/\/www.voleibolzalaeta.gal\/es\/wp-json\/wp\/v2\/types\/post"}],"author":[{"embeddable":true,"href":"https:\/\/www.voleibolzalaeta.gal\/es\/wp-json\/wp\/v2\/users\/1"}],"replies":[{"embeddable":true,"href":"https:\/\/www.voleibolzalaeta.gal\/es\/wp-json\/wp\/v2\/comments?post=693"}],"version-history":[{"count":0,"href":"https:\/\/www.voleibolzalaeta.gal\/es\/wp-json\/wp\/v2\/posts\/693\/revisions"}],"wp:attachment":[{"href":"https:\/\/www.voleibolzalaeta.gal\/es\/wp-json\/wp\/v2\/media?parent=693"}],"wp:term":[{"taxonomy":"category","embeddable":true,"href":"https:\/\/www.voleibolzalaeta.gal\/es\/wp-json\/wp\/v2\/categories?post=693"},{"taxonomy":"post_tag","embeddable":true,"href":"https:\/\/www.voleibolzalaeta.gal\/es\/wp-json\/wp\/v2\/tags?post=693"}],"curies":[{"name":"wp","href":"https:\/\/api.w.org\/{rel}","templated":true}]}}