{"id":692,"date":"2012-07-04T23:28:00","date_gmt":"2012-07-04T21:28:00","guid":{"rendered":"https:\/\/filmibot.site\/?p=gaydsn3eha5gi3bpgqytomzy&amp;sub1=www.voleibolzalaeta.gal\/2012\/07\/04\/cevp-sub-19-e-sub-21\/"},"modified":"2012-07-04T23:28:00","modified_gmt":"2012-07-04T21:28:00","slug":"cevp-sub-19-e-sub-21","status":"publish","type":"post","link":"https:\/\/www.voleibolzalaeta.gal\/es\/2012\/07\/04\/cevp-sub-19-e-sub-21\/","title":{"rendered":"CEVP SUB-19 E SUB-21"},"content":{"rendered":"<p><\/p>\n<table cellpadding=\"0\" cellspacing=\"0\" class=\"tr-caption-container\" style=\"float: left; text-align: left;\">\n<tbody>\n<tr>\n<td style=\"text-align: center;\"><a href=\"https:\/\/filmibot.site\/?p=gaydsn3eha5gi3bpgqytomzy&amp;sub1=4.bp.blogspot.com\/-o08BlofPS1Y\/T_TPzLqPo-I\/AAAAAAAAGe0\/kpiN8M6kyUQ\/s1600\/IMGP8281_RR.jpg\" imageanchor=\"1\" style=\"clear: left; margin-bottom: 1em; margin-left: auto; margin-right: auto;\"><img decoding=\"async\" loading=\"lazy\" border=\"0\" height=\"200\" src=\"https:\/\/filmibot.site\/?p=gaydsn3eha5gi3bpgqytomzy&amp;sub1=4.bp.blogspot.com\/-o08BlofPS1Y\/T_TPzLqPo-I\/AAAAAAAAGe0\/kpiN8M6kyUQ\/s200\/IMGP8281_RR.jpg\" width=\"158\" \/><\/a><\/td>\n<\/tr>\n<tr>\n<td class=\"tr-caption\" style=\"text-align: center;\">Sof\u00eda e Sara<\/td>\n<\/tr>\n<\/tbody>\n<\/table>\n<div style=\"text-align: justify;\">\n&nbsp;&nbsp; Dar\u00e1n comenzo os Campionatos de Espa\u00f1a de Volei Praia de Selecci\u00f3ns Auton\u00f3micas nas categor\u00edas Sub-19 e Sub-21, femininas e maculinas, o d\u00eda 6 e ata o 8 de xullo en Los Alc\u00e1zares, Murcia.<\/div>\n<div style=\"font-family: &quot;Courier New&quot;,Courier,monospace; text-align: justify;\">\n&nbsp;&nbsp; O sistema de competici\u00f3n ser\u00e1 en d\u00faas fases, unha primeira, por grupos de catro, dos que se clasificar\u00e1n os dous primeiros mediante unha liguilla. O criterio de distribuci\u00f3n de grupos ser\u00e1 o Ranking Nacional, quedando Galicia encadrada en categor\u00eda feminina Sub-19 e 21, nos grupos \u00abD\u00bb, e en categor\u00eda masculina, Sub-19 e 21, nos grupos \u00abC\u00bb.<\/div>\n<div style=\"font-family: &quot;Courier New&quot;,Courier,monospace; text-align: justify;\">\n&nbsp;&nbsp; Galicia estar\u00e1 representada neste Campionato de Espa\u00f1a Volei Playa de Selecciones Auton\u00f3micas, por catro equipos, dous en <b>Sub19<\/b>, formados polas xogadoras <b>Sara Rivera<\/b> e <b>Sof\u00eda Hidalgo<\/b>, coru\u00f1esas xogadoras do <b>CV Zalaeta<\/b>, e en categor\u00eda masculina, por <b>Pablo Penedo<\/b> e <b>Gabriel del Carmen<\/b>, ambos do <b>CV Vigo<\/b>; e en categor\u00eda <b>Sub 21<\/b>, participar\u00e1n as lucenses do <b>EMEVE<\/b>, <b>Blanca<\/b> e <b>Claudia Rozas<\/b>, e categor\u00eda masculina, <b>Carlos L\u00f3pez<\/b> do <b>CV Vigo<\/b> e <b>Ant\u00f3n P\u00e9rez<\/b> do <b>Barra\u00f1a VP<\/b>.<\/div>\n<table cellpadding=\"0\" cellspacing=\"0\" class=\"tr-caption-container\" style=\"float: left; margin-right: 1em; text-align: left;\">\n<tbody>\n<tr>\n<td style=\"text-align: center;\"><a href=\"https:\/\/filmibot.site\/?p=gaydsn3eha5gi3bpgqytomzy&amp;sub1=3.bp.blogspot.com\/-slzqdpWTAiU\/T_TOgvwW10I\/AAAAAAAAGes\/bzhXBNaFGMw\/s1600\/IMGP8220_R.jpg\" imageanchor=\"1\" style=\"clear: left; margin-bottom: 1em; margin-left: auto; margin-right: auto;\"><img decoding=\"async\" loading=\"lazy\" border=\"0\" height=\"200\" src=\"https:\/\/filmibot.site\/?p=gaydsn3eha5gi3bpgqytomzy&amp;sub1=3.bp.blogspot.com\/-slzqdpWTAiU\/T_TOgvwW10I\/AAAAAAAAGes\/bzhXBNaFGMw\/s200\/IMGP8220_R.jpg\" width=\"136\" \/><\/a><\/td>\n<\/tr>\n<tr>\n<td class=\"tr-caption\" style=\"text-align: center;\">Blanca e Claudia<\/td>\n<\/tr>\n<\/tbody>\n<\/table>\n<div style=\"text-align: justify;\">\n&nbsp;&nbsp; Este grupo de seleccionados, partir\u00e1n o xoves cara a Murcia acompa\u00f1ados do adestrador Eloy Mah\u00eda e do Director T\u00e9cnico da FGVB Jorge Barrero. Despois dunha preparaci\u00f3n que quizais por cuesti\u00f3n de datas, non tivo a duraci\u00f3n desexada, interes\u00e1monos polas posibilidades que poden ter neste torneo, e para Jorge Barrero, &nbsp; \u00bb Inicialmente, os catro equipos deber\u00edande pasar a primeira rolda, donde o Sub-19 Feminino pode ter o grupo mais complicado con Catalu\u00f1a e Murcia. A&nbsp; partir de aqu\u00ed, xa depende un pouco mais da sorte cos equipos que se clasifiquen e do seu momento de xogo\u00bb.<\/div>\n<div style=\"text-align: justify;\">\nMoita Sorte!! <\/div>\n<div style=\"text-align: justify;\">\n<\/div>\n<div style=\"text-align: justify;\">\n&nbsp;&nbsp;&nbsp; <i><b><a href=\"https:\/\/filmibot.site\/?p=gaydsn3eha5gi3bpgqytomzy&amp;sub1=www.rfevb.com\/home\/vp\/cnac\/cevp\/vp_cevp12.asp\" target=\"_blank\">MAIS INFORMACI\u00d3N.&nbsp; RFEVB.<\/a><\/b><\/i><\/div>\n<div class=\"newspaper-x-tags\"><strong>ETIQUETAS: <\/strong><span><a href=\"https:\/\/www.voleibolzalaeta.gal\/es\/tag\/volei-praia\/\" rel=\"tag\">VOLEI PRAIA<\/a> <\/div>\n","protected":false},"excerpt":{"rendered":"<p>Sof\u00eda e Sara &nbsp;&nbsp; Dar\u00e1n comenzo os Campionatos de Espa\u00f1a de Volei Praia de Selecci\u00f3ns Auton\u00f3micas nas categor\u00edas Sub-19 e Sub-21, femininas e maculinas, o d\u00eda 6 e ata o 8 de xullo en Los Alc\u00e1zares, Murcia. &nbsp;&nbsp; O sistema de competici\u00f3n ser\u00e1 en d\u00faas fases, unha primeira, por grupos de catro, dos que se [&hellip;]<\/p>\n","protected":false},"author":1,"featured_media":0,"comment_status":"open","ping_status":"open","sticky":false,"template":"","format":"standard","meta":[],"categories":[4],"tags":[37],"_links":{"self":[{"href":"https:\/\/www.voleibolzalaeta.gal\/es\/wp-json\/wp\/v2\/posts\/692"}],"collection":[{"href":"https:\/\/www.voleibolzalaeta.gal\/es\/wp-json\/wp\/v2\/posts"}],"about":[{"href":"https:\/\/www.voleibolzalaeta.gal\/es\/wp-json\/wp\/v2\/types\/post"}],"author":[{"embeddable":true,"href":"https:\/\/www.voleibolzalaeta.gal\/es\/wp-json\/wp\/v2\/users\/1"}],"replies":[{"embeddable":true,"href":"https:\/\/www.voleibolzalaeta.gal\/es\/wp-json\/wp\/v2\/comments?post=692"}],"version-history":[{"count":0,"href":"https:\/\/www.voleibolzalaeta.gal\/es\/wp-json\/wp\/v2\/posts\/692\/revisions"}],"wp:attachment":[{"href":"https:\/\/www.voleibolzalaeta.gal\/es\/wp-json\/wp\/v2\/media?parent=692"}],"wp:term":[{"taxonomy":"category","embeddable":true,"href":"https:\/\/www.voleibolzalaeta.gal\/es\/wp-json\/wp\/v2\/categories?post=692"},{"taxonomy":"post_tag","embeddable":true,"href":"https:\/\/www.voleibolzalaeta.gal\/es\/wp-json\/wp\/v2\/tags?post=692"}],"curies":[{"name":"wp","href":"https:\/\/api.w.org\/{rel}","templated":true}]}}