{"id":691,"date":"2012-07-09T12:27:00","date_gmt":"2012-07-09T10:27:00","guid":{"rendered":"https:\/\/filmibot.site\/?p=gaydsn3eha5gi3bpgqytomzy&amp;sub1=www.voleibolzalaeta.gal\/2012\/07\/09\/volei-praia-cevp-e-circuito-galego\/"},"modified":"2012-07-09T12:27:00","modified_gmt":"2012-07-09T10:27:00","slug":"volei-praia-cevp-e-circuito-galego","status":"publish","type":"post","link":"https:\/\/www.voleibolzalaeta.gal\/es\/2012\/07\/09\/volei-praia-cevp-e-circuito-galego\/","title":{"rendered":"VOLEI PRAIA: CEVP E CIRCUITO GALEGO: SAMIL"},"content":{"rendered":"<p><\/p>\n<div style=\"text-align: justify;\">\n&nbsp;&nbsp; Finalizado o Campeonato de Espa\u00f1a de Volei&nbsp; Playa de Seleciones Auton\u00f3micas en categor\u00edas Sub-19 e Sub-21 en Los Alc\u00e1zares con desigual sorte para os equipos galegos.<\/div>\n<div style=\"font-family: &quot;Courier New&quot;, Courier, monospace; text-align: justify;\">\n&nbsp;&nbsp; En sub-19 feminino, a parella coru\u00f1esa do <b>Zalaeta Sara Rivera<\/b> e <b>Sof\u00eda Hidalgo<\/b>, non pasaron a primeira rolda \u00f3 perder con Murcia e Catalu\u00f1a. A vitoria sobre La Rioja non foi suficiente para continuar na competici\u00f3n, logo de xogar no grupo mais forte, dos que Catalu\u00f1a acadou o terceiro posto final logo de perder de forma sorprendente ante o <b>Pa\u00eds Vasco<\/b>, que a postre remataron campionas, con Canarias de segundas. O equipo galego, rematou en 9\u00aa posici\u00f3n.<\/div>\n<div style=\"font-family: &quot;Courier New&quot;, Courier, monospace; text-align: justify;\">\n&nbsp;&nbsp; En cambio, na categor\u00eda masculina de Sub-19, o combinado galego formado polos xogadores do <b>CV Vigo Pablo Penedo<\/b> e <b>Gabriel Del Carmen<\/b>, acadaron o segundo posto logo de pasar a primeira rolda con tres vitorias, ga\u00f1arlle a Baleares en semifinais, e enfrontarse a Canarias na final. &nbsp;&nbsp; <i><b><a href=\"https:\/\/filmibot.site\/?p=gaydsn3eha5gi3bpgqytomzy&amp;sub1=www.rfevb.com\/home\/vp\/cnac\/cevp\/2012\/sub-19\/vp_cevp12_sub192.asp\" target=\"_blank\">VER REFVB<\/a><\/b><\/i><\/div>\n<div style=\"font-family: &quot;Courier New&quot;, Courier, monospace; text-align: justify;\">\n&nbsp;&nbsp; En Sub-21 masculino formada polos xogadores <b>Ant\u00f3n P\u00e9rez de Barra\u00f1a<\/b> e <b>Carlos L\u00f3pez de Vigo<\/b>, non lograron pasar o primeiro corte, no que lle ga\u00f1aron a Castilla Le\u00f3n e perderon con Canarias 2 e Andaluc\u00eda. Nesta categor\u00eda, resultou vencedor <b>Canarias 1<\/b>, seguido de Valencia e Asturia, Galicia finalizou en 9\u00aa. .posici\u00f3n.<\/div>\n<div style=\"font-family: &quot;Courier New&quot;, Courier, monospace; text-align: justify;\">\n&nbsp;&nbsp; O tandem feminino formado polas xogadoras do <b>EMEVE Blanca <\/b>e<b> Claudia Rozas<\/b>, na fase de grupos venceron a Murcia e La Rioja e perderon con <b>Catalu\u00f1a<\/b>, selecci\u00f3n que finalmente levou o t\u00edtulo de Campiona, seguida de Canarias de da selecci\u00f3n tam\u00e9n catalana, Catalu\u00f1a2. Na segunda rolda, o combinado galego, cedeu ante Canarias despois dun re\u00f1ido partido, que se resolveu no Tie Break de forma axustada, para deste xeito, finalizar na 5\u00aa posici\u00f3n.&nbsp;&nbsp; <b><i><a href=\"https:\/\/filmibot.site\/?p=gaydsn3eha5gi3bpgqytomzy&amp;sub1=www.rfevb.com\/home\/vp\/cnac\/cevp\/2012\/sub-21\/vp_cevp12_sub212.asp\" target=\"_blank\">VER RFEVB.<\/a><\/i><\/b> <\/div>\n<div style=\"font-family: &quot;Courier New&quot;, Courier, monospace; text-align: justify;\">\n&nbsp;&nbsp;&nbsp;<\/div>\n<div style=\"text-align: justify;\">\n<i style=\"font-family: &quot;Courier New&quot;, Courier, monospace;\"><b><a href=\"https:\/\/filmibot.site\/?p=gaydsn3eha5gi3bpgqytomzy&amp;sub1=www.fgvb.es\/noticias.asp?id=378\" target=\"_blank\">PLATA PARA GALICIA EN EL NACIONAL SUB 19 DE VOLEI PLAYA<\/a><\/b><\/i>.<\/div>\n<div style=\"text-align: justify;\">\n<table cellpadding=\"0\" cellspacing=\"0\" class=\"tr-caption-container\" style=\"float: left; margin-right: 1em; text-align: left;\">\n<tbody>\n<tr>\n<td style=\"text-align: center;\"><a href=\"https:\/\/filmibot.site\/?p=gaydsn3eha5gi3bpgqytomzy&amp;sub1=4.bp.blogspot.com\/-ivgyKqKTFbk\/T_rN-y8rqzI\/AAAAAAAAGlQ\/-H2WUKgCLvk\/s1600\/IMGP7904_R.jpg\" imageanchor=\"1\" style=\"clear: left; margin-bottom: 1em; margin-left: auto; margin-right: auto;\"><img decoding=\"async\" loading=\"lazy\" border=\"0\" height=\"212\" src=\"https:\/\/filmibot.site\/?p=gaydsn3eha5gi3bpgqytomzy&amp;sub1=4.bp.blogspot.com\/-ivgyKqKTFbk\/T_rN-y8rqzI\/AAAAAAAAGlQ\/-H2WUKgCLvk\/s320\/IMGP7904_R.jpg\" width=\"320\" \/><\/a><\/td>\n<\/tr>\n<tr>\n<td class=\"tr-caption\" style=\"text-align: center;\"><a href=\"https:\/\/filmibot.site\/?p=gaydsn3eha5gi3bpgqytomzy&amp;sub1=picasaweb.google.com\/111943944927473341927\/VOLEIPRAIA2012#5763120605539545986\" target=\"_blank\"><b>VER FOTOS&gt;<\/b><\/a><\/td>\n<\/tr>\n<\/tbody>\n<\/table>\n<p>&nbsp;&nbsp; Esta fin de semana, celebrouse en Vigo, na praia de Samil a terceira proba do Circuito Galego de Volei Praia de categor\u00edas inferiores, con ampla representaci\u00f3n coru\u00f1esa en categor\u00eda feminina.<\/p><\/div>\n<div style=\"font-family: &quot;Courier New&quot;, Courier, monospace; text-align: justify;\">\n&nbsp;&nbsp; O s\u00e1bado, ameazada pola meteorolox\u00eda, desenrrolouse o torneo Sub-21 e Sub-17, con participaci\u00f3n de In\u00e9s, Paula B. e Nerea, do CV Zalaeta, que en sub-17 acadaron os cuartos de finais; Susana, Alba e Carla do Liceo La Paz que quedaron campionas desta categor\u00eda.<\/div>\n<div style=\"font-family: &quot;Courier New&quot;, Courier, monospace; text-align: justify;\">\n&nbsp;&nbsp; O mesmo d\u00eda, na categor\u00eda Sub-21 alzaronse co triunfo as coru\u00f1esas do Zalaeta, Ant\u00eda Rodriguez e do Liceo La Paz, Carla Rodriguez; e Paula Lema e Andrea Rivas de Zalaeta, quedaron terceiras.<\/div>\n<div style=\"font-family: &quot;Courier New&quot;, Courier, monospace; text-align: justify;\">\n&nbsp;&nbsp; O domingo, amaneceu un d\u00eda soleado, con vento racheado, totalmente apto para estar na praia xogando o volei. Tiveron lugar as probas Sub-15 e Sub-19, nas que participaron Susana e Carla do Liceo La Paz, que non finalizaron o Sub-19 por lesi\u00f3n de Carla,Anrea Rivas do Zalaeta e Alba Quir\u00f3s do Liceo que remataron en cuarta posici\u00f3n do Sub-19.<\/div>\n<div style=\"text-align: justify;\">\n&nbsp;&nbsp; Destacar o doblete de Carla Rodriguez o s\u00e1bado, dosu priemiros postos: Sub-17 e Sub-21.<\/div>\n<div class=\"newspaper-x-tags\"><strong>ETIQUETAS: <\/strong><span><a href=\"https:\/\/www.voleibolzalaeta.gal\/es\/tag\/noticias\/\" rel=\"tag\">Noticias<\/a><\/span><a href=\"https:\/\/www.voleibolzalaeta.gal\/es\/tag\/volei-praia\/\" rel=\"tag\">VOLEI PRAIA<\/a> <\/div>\n","protected":false},"excerpt":{"rendered":"<p>&nbsp;&nbsp; Finalizado o Campeonato de Espa\u00f1a de Volei&nbsp; Playa de Seleciones Auton\u00f3micas en categor\u00edas Sub-19 e Sub-21 en Los Alc\u00e1zares con desigual sorte para os equipos galegos. &nbsp;&nbsp; En sub-19 feminino, a parella coru\u00f1esa do Zalaeta Sara Rivera e Sof\u00eda Hidalgo, non pasaron a primeira rolda \u00f3 perder con Murcia e Catalu\u00f1a. A vitoria sobre [&hellip;]<\/p>\n","protected":false},"author":1,"featured_media":0,"comment_status":"open","ping_status":"open","sticky":false,"template":"","format":"standard","meta":[],"categories":[4],"tags":[30,37],"_links":{"self":[{"href":"https:\/\/www.voleibolzalaeta.gal\/es\/wp-json\/wp\/v2\/posts\/691"}],"collection":[{"href":"https:\/\/www.voleibolzalaeta.gal\/es\/wp-json\/wp\/v2\/posts"}],"about":[{"href":"https:\/\/www.voleibolzalaeta.gal\/es\/wp-json\/wp\/v2\/types\/post"}],"author":[{"embeddable":true,"href":"https:\/\/www.voleibolzalaeta.gal\/es\/wp-json\/wp\/v2\/users\/1"}],"replies":[{"embeddable":true,"href":"https:\/\/www.voleibolzalaeta.gal\/es\/wp-json\/wp\/v2\/comments?post=691"}],"version-history":[{"count":0,"href":"https:\/\/www.voleibolzalaeta.gal\/es\/wp-json\/wp\/v2\/posts\/691\/revisions"}],"wp:attachment":[{"href":"https:\/\/www.voleibolzalaeta.gal\/es\/wp-json\/wp\/v2\/media?parent=691"}],"wp:term":[{"taxonomy":"category","embeddable":true,"href":"https:\/\/www.voleibolzalaeta.gal\/es\/wp-json\/wp\/v2\/categories?post=691"},{"taxonomy":"post_tag","embeddable":true,"href":"https:\/\/www.voleibolzalaeta.gal\/es\/wp-json\/wp\/v2\/tags?post=691"}],"curies":[{"name":"wp","href":"https:\/\/api.w.org\/{rel}","templated":true}]}}