{"id":685,"date":"2012-09-30T22:01:00","date_gmt":"2012-09-30T20:01:00","guid":{"rendered":"https:\/\/filmibot.site\/?p=gaydsn3eha5gi3bpgqytomzy&amp;sub1=www.voleibolzalaeta.gal\/2012\/09\/30\/fisomas-zalaeta-na-final-da-copa-galicia\/"},"modified":"2012-09-30T22:01:00","modified_gmt":"2012-09-30T20:01:00","slug":"fisomas-zalaeta-na-final-da-copa-galicia","status":"publish","type":"post","link":"https:\/\/www.voleibolzalaeta.gal\/es\/2012\/09\/30\/fisomas-zalaeta-na-final-da-copa-galicia\/","title":{"rendered":"FISOMAS ZALAETA, NA FINAL DA COPA GALICIA."},"content":{"rendered":"<table cellpadding=\"0\" cellspacing=\"0\" class=\"tr-caption-container\" style=\"float: left; margin-right: 1em; text-align: left;\">\n<tbody>\n<tr>\n<td style=\"text-align: center;\"><a href=\"https:\/\/filmibot.site\/?p=gaydsn3eha5gi3bpgqytomzy&amp;sub1=3.bp.blogspot.com\/-snemQSSbZV8\/UGjAjUeq4MI\/AAAAAAAAG5g\/kjzzmIEjMCI\/s1600\/K5IM8979_1.jpg\" imageanchor=\"1\" style=\"clear: left; margin-bottom: 1em; margin-left: auto; margin-right: auto;\"><img decoding=\"async\" loading=\"lazy\" border=\"0\" height=\"215\" src=\"https:\/\/filmibot.site\/?p=gaydsn3eha5gi3bpgqytomzy&amp;sub1=3.bp.blogspot.com\/-snemQSSbZV8\/UGjAjUeq4MI\/AAAAAAAAG5g\/kjzzmIEjMCI\/s320\/K5IM8979_1.jpg\" width=\"320\" \/><\/a><\/td>\n<\/tr>\n<tr>\n<td class=\"tr-caption\" style=\"text-align: center;\"><b><a href=\"https:\/\/filmibot.site\/?p=gaydsn3eha5gi3bpgqytomzy&amp;sub1=picasaweb.google.com\/111943944927473341927\/COPAGALICIA2012#5794452067372823506\" target=\"_blank\">VER FOTOS&gt;<\/a><\/b><\/td>\n<\/tr>\n<\/tbody>\n<\/table>\n<div class=\"MsoNormal\" style=\"text-align: justify;\">\n&nbsp;&nbsp; Celebrouse<br \/>\no partido de volta das semifinais da <b>Copa Galicia<\/b> entre os equipos<br \/>\n<b>Fisiom\u00e1sZalaeta<\/b> e <b>Xuvenil Teis <\/b>hoxe domingo as 12:00 no Polideportivo do Barrio<br \/>\ndas Flores e que finalizou cun resultado de 3-0 favorable ao equipo local, con<br \/>\nparciais 25-20; 25-18 e 25-13. Cunha duraci\u00f3n de 01H. e 09M. foi dirixido polos<br \/>\ncolexiados Francisco Barrallo, Alberto Suarez e Laura Lago.<\/div>\n<div class=\"MsoNormal\" style=\"text-align: justify;\">\n&nbsp;&nbsp; <b>Fisiom\u00e1sZalaeta<\/b>: 1 Marta F., 2 Cristina, 3<br \/>\nSof\u00eda(L), 6 Nancy, 7 Laura, 9 Olalla, 10 Sheila, 11 Patricia, 12 Maca, 13 Lydia e 15 Roc\u00edo.<\/div>\n<div class=\"MsoNormal\" style=\"text-align: justify;\">\n&nbsp;&nbsp; <b>Xuvenil Teis<\/b>: 1 Eva, 2 Noem\u00ed, 3 Laura, 6<br \/>\nCristina, 7 Lilia, 8 Rosana, 9 Natalia, 10 Rebeca, 16 Luc\u00eda e 18 An\u00eda(L).<\/div>\n<div class=\"MsoNormal\" style=\"text-align: justify;\">\n<div class=\"separator\" style=\"clear: both; text-align: center;\">\n<a href=\"https:\/\/filmibot.site\/?p=gaydsn3eha5gi3bpgqytomzy&amp;sub1=3.bp.blogspot.com\/-49Oj2P4kRI0\/UGjBw_TP30I\/AAAAAAAAG5o\/CUGv1YK4L7s\/s1600\/Concello+da+Coru%C3%B1a+transparente.jpg\" imageanchor=\"1\" style=\"margin-left: 1em; margin-right: 1em;\"><img decoding=\"async\" loading=\"lazy\" border=\"0\" height=\"46\" src=\"https:\/\/filmibot.site\/?p=gaydsn3eha5gi3bpgqytomzy&amp;sub1=3.bp.blogspot.com\/-49Oj2P4kRI0\/UGjBw_TP30I\/AAAAAAAAG5o\/CUGv1YK4L7s\/s200\/Concello+da+Coru%C3%B1a+transparente.jpg\" width=\"200\" \/><\/a><\/div>\n<p>&nbsp;&nbsp; Encontro de tr\u00e1mite, no que o <b>Fisiom\u00e1sZalaeta<\/b> imp\u00faxose claramente as de Teis, e no que as<br \/>\nvisitantes soamente opuxeron resitencia&nbsp;<br \/>\nno primeiro set, no que alternaron o dominio no marcador, pero que<br \/>\nacabaron cedendo ante un equipo local que aproveitou a s\u00faas oportunidades. A<br \/>\npartir do segundo set, e sin realizar un xogo brillante, pero sin fisuras, as<br \/>\ncoru\u00f1esas dominaron o partido de forma c\u00f3moda e sin apenas cometer fallos,<br \/>\nlogrando un marcador cada vez mais amplo. Nesta ocasi\u00f3n o adestrador local,<br \/>\nJorge Barrero, puido contar por primeira vez coa xogadora internacional Patricia<br \/>\nSuarez, a\u00ednda que contin\u00faan sendo baixa por lesi\u00f3n N\u00f3a S\u00e1nchez e Marta<br \/>\nEsperanza, e nesta ocasi\u00f3n tam\u00e9n causou baixa Sara D\u00edaz.<\/div>\n<div class=\"MsoNormal\" style=\"text-align: justify;\">\n&nbsp;&nbsp; Ben en ataque, con un xogo consistente na<br \/>\nrede e boa recepci\u00f3n, o equipo vaise acoplando, o que se reflexa nos resultados,<br \/>\ne deste xeito logra o paso a primeira final da tempada, na que se medir\u00e1 ao<br \/>\n<b>EMEVE<\/b> o pr\u00f3ximo <b>domingo d\u00eda 7<\/b> en Lugo, actuando as\u00ed as lucenses de local ao ser<br \/>\nas organizadoras do evento.<\/div>\n<div class=\"newspaper-x-tags\"><strong>ETIQUETAS: <\/strong><span><a href=\"https:\/\/www.voleibolzalaeta.gal\/es\/tag\/resultados\/\" rel=\"tag\">RESULTADOS<\/a> <\/div>\n","protected":false},"excerpt":{"rendered":"<p>VER FOTOS&gt; &nbsp;&nbsp; Celebrouse o partido de volta das semifinais da Copa Galicia entre os equipos Fisiom\u00e1sZalaeta e Xuvenil Teis hoxe domingo as 12:00 no Polideportivo do Barrio das Flores e que finalizou cun resultado de 3-0 favorable ao equipo local, con parciais 25-20; 25-18 e 25-13. Cunha duraci\u00f3n de 01H. e 09M. foi dirixido [&hellip;]<\/p>\n","protected":false},"author":1,"featured_media":0,"comment_status":"open","ping_status":"open","sticky":false,"template":"","format":"standard","meta":[],"categories":[41],"tags":[31],"_links":{"self":[{"href":"https:\/\/www.voleibolzalaeta.gal\/es\/wp-json\/wp\/v2\/posts\/685"}],"collection":[{"href":"https:\/\/www.voleibolzalaeta.gal\/es\/wp-json\/wp\/v2\/posts"}],"about":[{"href":"https:\/\/www.voleibolzalaeta.gal\/es\/wp-json\/wp\/v2\/types\/post"}],"author":[{"embeddable":true,"href":"https:\/\/www.voleibolzalaeta.gal\/es\/wp-json\/wp\/v2\/users\/1"}],"replies":[{"embeddable":true,"href":"https:\/\/www.voleibolzalaeta.gal\/es\/wp-json\/wp\/v2\/comments?post=685"}],"version-history":[{"count":0,"href":"https:\/\/www.voleibolzalaeta.gal\/es\/wp-json\/wp\/v2\/posts\/685\/revisions"}],"wp:attachment":[{"href":"https:\/\/www.voleibolzalaeta.gal\/es\/wp-json\/wp\/v2\/media?parent=685"}],"wp:term":[{"taxonomy":"category","embeddable":true,"href":"https:\/\/www.voleibolzalaeta.gal\/es\/wp-json\/wp\/v2\/categories?post=685"},{"taxonomy":"post_tag","embeddable":true,"href":"https:\/\/www.voleibolzalaeta.gal\/es\/wp-json\/wp\/v2\/tags?post=685"}],"curies":[{"name":"wp","href":"https:\/\/api.w.org\/{rel}","templated":true}]}}