{"id":683,"date":"2012-10-05T21:14:00","date_gmt":"2012-10-05T19:14:00","guid":{"rendered":"https:\/\/filmibot.site\/?p=gaydsn3eha5gi3bpgqytomzy&amp;sub1=www.voleibolzalaeta.gal\/2012\/10\/05\/primeira-vitoria-do-cvi-zalaeta\/"},"modified":"2012-10-05T21:14:00","modified_gmt":"2012-10-05T19:14:00","slug":"primeira-vitoria-do-cvi-zalaeta","status":"publish","type":"post","link":"https:\/\/www.voleibolzalaeta.gal\/es\/2012\/10\/05\/primeira-vitoria-do-cvi-zalaeta\/","title":{"rendered":"PRIMEIRA VITORIA DO CVI ZALAETA"},"content":{"rendered":"<p><\/p>\n<div class=\"MsoNormal\" style=\"text-align: justify;\">\n<table cellpadding=\"0\" cellspacing=\"0\" class=\"tr-caption-container\" style=\"float: left; margin-right: 1em; text-align: left;\">\n<tbody>\n<tr>\n<td style=\"text-align: center;\"><a href=\"https:\/\/filmibot.site\/?p=gaydsn3eha5gi3bpgqytomzy&amp;sub1=2.bp.blogspot.com\/-r1M1uLghk1g\/UG9NDAP4SeI\/AAAAAAAAG_w\/QK6vy_JBmDI\/s1600\/K5IM9015_R.jpg\" imageanchor=\"1\" style=\"clear: left; margin-bottom: 1em; margin-left: auto; margin-right: auto;\"><img decoding=\"async\" loading=\"lazy\" border=\"0\" height=\"177\" src=\"https:\/\/filmibot.site\/?p=gaydsn3eha5gi3bpgqytomzy&amp;sub1=2.bp.blogspot.com\/-r1M1uLghk1g\/UG9NDAP4SeI\/AAAAAAAAG_w\/QK6vy_JBmDI\/s400\/K5IM9015_R.jpg\" width=\"400\" \/><\/a><\/td>\n<\/tr>\n<tr>\n<td class=\"tr-caption\" style=\"text-align: center;\"><b><a href=\"https:\/\/filmibot.site\/?p=gaydsn3eha5gi3bpgqytomzy&amp;sub1=picasaweb.google.com\/111943944927473341927\/CADETESFEMENINO20122013\" target=\"_blank\">VER FOTOS&gt;<\/a><\/b><\/td>\n<\/tr>\n<\/tbody>\n<\/table>\n<p>&nbsp; Esta tarde disputouse o primeiro partido de<br \/>\n<a href=\"https:\/\/filmibot.site\/?p=gaydsn3eha5gi3bpgqytomzy&amp;sub1=www.fgvb.es\/competiciones.asp?v=18&amp;torneo=705&amp;jornada=1\" target=\"_blank\"><b>Liga Galega Cadete Feminina<\/b><\/a> no que se enfrontaron os equipos Zalaeta e EMEVE en partido<b> <\/b>oficial correspondente \u00e1 1\u00aa xornada, e que finalizou con resultado favorable ao<br \/>\nequipo local por 3-0, con parciais 25-23; 25-17 y 25-16. O encontro tivo unha<br \/>\nduraci\u00f3n de 01h. 33m.,y<br \/>\nfoi dirixido polo colexiado Francisco L. Barrallo. Adestradores, local, David<br \/>\nHermida e visitante, Bouza e Bouza.<\/div>\n<div class=\"MsoNormal\" style=\"text-align: justify;\">\n<b style=\"mso-bidi-font-weight: normal;\">&nbsp;&nbsp; <\/b><b>CVI<br \/>\nZalaeta<\/b>: 11 Paula \u00a9, 6 Lydia, 1 Irene, 7 Alba, 13 Nerea, 12 Sara, 3 Ana M\u00aa, 4<br \/>\nPaula, 9 Raquel e 10 Carla.<\/div>\n<div class=\"MsoNormal\" style=\"text-align: justify;\">\n&nbsp;&nbsp; <b>EMEVE<\/b>: 2 Arias \u00a9, 9 Barrassa, 10 Mourelos, 4<br \/>\nRodriguez V., 16 Martinez, 8 Uriz, 6 Araujo, 18 Rodriguez G., 15 Prol, 5 V\u00e1zquez,<br \/>\n12 Fern\u00e1ndez e 1 Caus\u00edn.<\/div>\n<div class=\"MsoNormal\" style=\"text-align: justify;\">\n&nbsp;&nbsp; Primeiro<br \/>\npartido da tempada para un equipo falto de rodaxe que se mostrou nervioso e<br \/>\ninseguro no primeiro set no que cometeu numerosos fallos, e que lle permitiu ao<br \/>\nEMEVE tomar a dianteira no marcador.&nbsp; Ao Zalaeta<br \/>\ncustoulle remontar ante un rival inferior, que dispuxo na cancha un equipo mais<br \/>\nnovo, no que ali\u00f1ou varias xogadoras infant\u00eds pero que creu nas s\u00faas<br \/>\nposibilidades ata rematar nun apertado 25-23. A partir do 2\u00ba set, o partido foi<br \/>\ntomando outro cariz, coas do Instituto ga\u00f1ando confianza, foron asent\u00e1ndose na cancha<br \/>\ne dominando o xogo con constancia e sen caerse en ning\u00fan momento, ben no saque<br \/>\ne en recepci\u00f3n, regular na rede e ben o ataque polas \u00e1s e controlando os erros,<br \/>\nmarcaron as diferenzas coas lucenses afast\u00e1ndoas no marcador.&nbsp;<br \/>\n&nbsp; &nbsp; Mencionar que nesta ocasi\u00f3n, causaron baixa na convocatoria Laura Pardo e In\u00e9s Rivas por lesi\u00f3n. <\/div>\n<div class=\"MsoNormal\" style=\"text-align: justify;\">\n&nbsp;&nbsp; \u00c9 este un equipo ao que lle fan falta<br \/>\npartidos para tranquilizarse e desenvolver o seu potencial, que pode darnos<br \/>\nmoitas alegr\u00edas nesta competici\u00f3n.<\/div>\n<div class=\"newspaper-x-tags\"><strong>ETIQUETAS: <\/strong><span><a href=\"https:\/\/www.voleibolzalaeta.gal\/es\/tag\/resultados\/\" rel=\"tag\">RESULTADOS<\/a> <\/div>\n","protected":false},"excerpt":{"rendered":"<p>VER FOTOS&gt; &nbsp; Esta tarde disputouse o primeiro partido de Liga Galega Cadete Feminina no que se enfrontaron os equipos Zalaeta e EMEVE en partido oficial correspondente \u00e1 1\u00aa xornada, e que finalizou con resultado favorable ao equipo local por 3-0, con parciais 25-23; 25-17 y 25-16. O encontro tivo unha duraci\u00f3n de 01h. 33m.,y [&hellip;]<\/p>\n","protected":false},"author":1,"featured_media":0,"comment_status":"open","ping_status":"open","sticky":false,"template":"","format":"standard","meta":[],"categories":[41],"tags":[31],"_links":{"self":[{"href":"https:\/\/www.voleibolzalaeta.gal\/es\/wp-json\/wp\/v2\/posts\/683"}],"collection":[{"href":"https:\/\/www.voleibolzalaeta.gal\/es\/wp-json\/wp\/v2\/posts"}],"about":[{"href":"https:\/\/www.voleibolzalaeta.gal\/es\/wp-json\/wp\/v2\/types\/post"}],"author":[{"embeddable":true,"href":"https:\/\/www.voleibolzalaeta.gal\/es\/wp-json\/wp\/v2\/users\/1"}],"replies":[{"embeddable":true,"href":"https:\/\/www.voleibolzalaeta.gal\/es\/wp-json\/wp\/v2\/comments?post=683"}],"version-history":[{"count":0,"href":"https:\/\/www.voleibolzalaeta.gal\/es\/wp-json\/wp\/v2\/posts\/683\/revisions"}],"wp:attachment":[{"href":"https:\/\/www.voleibolzalaeta.gal\/es\/wp-json\/wp\/v2\/media?parent=683"}],"wp:term":[{"taxonomy":"category","embeddable":true,"href":"https:\/\/www.voleibolzalaeta.gal\/es\/wp-json\/wp\/v2\/categories?post=683"},{"taxonomy":"post_tag","embeddable":true,"href":"https:\/\/www.voleibolzalaeta.gal\/es\/wp-json\/wp\/v2\/tags?post=683"}],"curies":[{"name":"wp","href":"https:\/\/api.w.org\/{rel}","templated":true}]}}