{"id":678,"date":"2012-10-10T22:04:00","date_gmt":"2012-10-10T20:04:00","guid":{"rendered":"https:\/\/filmibot.site\/?p=gaydsn3eha5gi3bpgqytomzy&amp;sub1=www.voleibolzalaeta.gal\/2012\/10\/10\/entrevista-con-jorge-barredo\/"},"modified":"2012-10-10T22:04:00","modified_gmt":"2012-10-10T20:04:00","slug":"entrevista-con-jorge-barredo","status":"publish","type":"post","link":"https:\/\/www.voleibolzalaeta.gal\/es\/2012\/10\/10\/entrevista-con-jorge-barredo\/","title":{"rendered":"ENTREVISTA CON JORGE BARRERO"},"content":{"rendered":"<div class=\"MsoNormal\" style=\"text-align: justify;\">\n<b style=\"mso-bidi-font-weight: normal;\"><i style=\"mso-bidi-font-style: normal;\">&nbsp;\u00abOS PARTIDOS G\u00c1\u00d1ANSE XOGANDO,<br \/>\nNON FALANDO\u201d.&nbsp; <\/i><\/b><\/div>\n<div class=\"MsoNormal\" style=\"text-align: justify;\">\n<\/div>\n<div class=\"MsoNormal\" style=\"text-align: justify;\">\n<a href=\"https:\/\/filmibot.site\/?p=gaydsn3eha5gi3bpgqytomzy&amp;sub1=2.bp.blogspot.com\/-MihhtWiw8aY\/UHXtp_o1y_I\/AAAAAAAAHQk\/bGhDO53pYHo\/s1600\/IMGP3993_R.jpg\" imageanchor=\"1\" style=\"clear: left; float: left; margin-bottom: 1em; margin-right: 1em;\"><img decoding=\"async\" loading=\"lazy\" border=\"0\" height=\"320\" src=\"https:\/\/filmibot.site\/?p=gaydsn3eha5gi3bpgqytomzy&amp;sub1=2.bp.blogspot.com\/-MihhtWiw8aY\/UHXtp_o1y_I\/AAAAAAAAHQk\/bGhDO53pYHo\/s320\/IMGP3993_R.jpg\" width=\"214\" \/><\/a>&nbsp;<b>Esta frase pode perfectamente definir a<br \/>\nJorge Barrero, o seu pragmatismo como adestrador \u00e9 dabondo co\u00f1ecido entre as<br \/>\ns\u00faas xogadoras e a xente do Volei que lle rodea. Dificilmente influenciable,<br \/>\nten as ideas claras e \u00e9 dif\u00edcil que se deixe levar ata polo ambiente do partido<br \/>\na\u00ednda que dunha final importante se tr\u00e1te. Decidido, coherente, ten claro que o<br \/>\nseu \u00e9 un cami\u00f1o cara a adiante, e non se corta nin ante un reto como dirixir un<br \/>\nequipo coru\u00f1\u00e9s de Voleibol feminino cara \u00e1 \u00e9lite.<\/b><\/div>\n<div class=\"MsoNormal\" style=\"text-align: justify;\">\n<b>&nbsp;&nbsp;<br \/>\nCon \u00e9l cruzamos unhas palabras.<\/b><\/div>\n<div class=\"MsoNormal\" style=\"text-align: justify;\">\n<b>&nbsp;&nbsp; Na tempada 2008-2009 o CV Zalaeta ascende a<br \/>\nLiga FEV, iniciando as\u00ed a senda do Voleibol de alto nivel, na que se une aos<br \/>\nequipos locais Millenium Cermel e Ageco Marineda,<\/b><\/div>\n<div class=\"MsoNormal\" style=\"text-align: justify;\">\n<b>&nbsp;<br \/>\n&nbsp;&nbsp;<i>Eu dir\u00eda que cando chegamos ao alto nivel \u00e9<br \/>\nesta tempada en Superliga 2, e que intentamos ser a continuaci\u00f3n dos proxectos<br \/>\nque na nosa cidade rozaron a m\u00e1xima categor\u00eda (Liceo Autos Rico, Volei Coru\u00f1a,<br \/>\nTorruf Calasancias e Millenium Cermel) xa que a liga FEV que disputamos n\u00f3s ata<br \/>\nagora, e o Marineda era a terceira categor\u00eda e non a segunda e non creo que se<br \/>\npoida considerar alto nivel.<\/i><\/b><\/div>\n<div class=\"MsoNormal\" style=\"text-align: justify;\">\n<b>\u00bfEran outros tempos para o noso deporte?<\/b><\/div>\n<div class=\"MsoNormal\" style=\"text-align: justify;\">\n<b>&nbsp;&nbsp;&nbsp; <i>Son<br \/>\nmomentos distintos, pero creo que non hai gran diferenza entre os distintos<br \/>\nproxectos, salvo o do Millenium, que creo que sen d\u00fabida \u00e9 o proxecto m\u00e1is<br \/>\nserio, profesional e sobre todo con m\u00e1is traballo e estrutura detr\u00e1s no que<br \/>\nestiven, e neste sentido si que para min supuxo sen d\u00fabida a mellor \u00e9poca,<br \/>\nmalia non conseguir por pouco o obxectivo deportivo que ti\u00f1amos.<\/i><\/b><\/div>\n<div class=\"MsoNormal\" style=\"text-align: justify;\">\n<b>Actualmente na nosa cidade, o Millenium<br \/>\ndesapareceu e pervive o Calasancias Marineda con equipos de base, un en 2\u00aa<br \/>\nDivisi\u00f3n A. A ra\u00edz da desaparici\u00f3n da Liga FEV, a inclusi\u00f3n do Zalaeta en SF2,<\/b><\/div>\n<div class=\"MsoNormal\" style=\"text-align: justify;\">\n<b>\u00bfSup\u00f3n un reto representar \u00e1 Coru\u00f1a na<br \/>\n\u00e9lite do Voleibol nacional?<\/b><\/div>\n<div class=\"MsoNormal\" style=\"text-align: justify;\">\n<b>&nbsp;&nbsp;<br \/>\n&nbsp;<i>Sen d\u00fabida que o \u00e9, sobre<br \/>\ntodo cun equipo con case todas as xogadoras coru\u00f1esas, pero o principal reto<br \/>\npara min \u00e9 conseguir que o equipo chegue no menor tempo posible ao nivel que<br \/>\nestou convencido que pode alcanzar, que \u00e9 bastante alto.<\/i><\/b><\/div>\n<div class=\"MsoNormal\" style=\"text-align: justify;\">\n<b>\u00bfComo se mete un nunha aventura como esta<br \/>\ncon os tempos que corren e a escaseza de recursos que hai? <\/b><\/div>\n<div class=\"MsoNormal\" style=\"text-align: justify;\">\n<b><i>&nbsp;&nbsp; Realmente a estas alturas &nbsp;s\u00f3 &nbsp;cun<br \/>\nreto ou aventura a nivel deportivo como esta encontro a enerx\u00eda para seguir, xa<br \/>\nque analiz\u00e1ndoo obxetivamente cada vez os recursos son menores, compar\u00e1ndonos<br \/>\nata con equipos do noso nivel e categor\u00eda.<\/i><\/b><\/div>\n<div class=\"MsoNormal\" style=\"text-align: justify;\">\n<b>O certo \u00e9 que Jorge Barrero, \u00e9 un t\u00e9cnico<br \/>\nexperimentado, e que presenta un curr\u00edculum que parece que non garda relaci\u00f3n<br \/>\ncoa idade que ten,<\/b><\/div>\n<div class=\"MsoNormal\" style=\"text-align: justify;\">\n<b>\u00bfFoi un adestrador precoz?<\/b><\/div>\n<div class=\"MsoNormal\" style=\"text-align: justify;\">\n<b><i>&nbsp;&nbsp;&nbsp; A<br \/>\nverdade \u00e9 que si, con 16 anos adestrei o meu primeiro equipo benjam\u00edn&nbsp; masculino no colexio Calvo Sotelo, pero<br \/>\nsempre considero que como \u201cadestrador\u201d empecei aos 18 anos no Colexio<br \/>\nCalasancias, cun equipo infantil feminino.<\/i><\/b><\/div>\n<div class=\"MsoNormal\" style=\"text-align: justify;\">\n<b>&nbsp;&nbsp;<br \/>\nLogo de dirixir ao&nbsp; Torruf<br \/>\nCalasancias e ao Millenium en Liga Fev, e haber protagonizado os ascensos do<br \/>\nCVI&nbsp; Zalaeta, e dirixilo en FEV,<br \/>\nactualmente \u00e9 Director T\u00e9cnico de FGVB e Seleccionador&nbsp; xunto a Jos\u00e9 Miguel Serrato do combinado<br \/>\ncadete espa\u00f1ol,<\/b><\/div>\n<div class=\"MsoNormal\" style=\"text-align: justify;\">\n<b>\u00bf\u00c9 un paso m\u00e1is na t\u00faa traxectoria a SF2?<\/b><\/div>\n<div class=\"MsoNormal\" style=\"text-align: justify;\">\n<b>&nbsp;&nbsp;&nbsp; <i>M\u00e1is que<br \/>\nun paso consid\u00e9roo un novo reto. Como che dixen antes a nivel de club e responsabilidade<br \/>\n&nbsp;as &nbsp;mellores &nbsp;tempadas &nbsp;foron co Millenium, pero \u00e9 verdade que esta<br \/>\ntempada me ilusiona especialmente, non s\u00f3 pola categor\u00eda sen\u00f3n porque este<br \/>\nano&nbsp; x\u00fantamos &nbsp;no equipo xogadoras coas que levo traballando<br \/>\nbastantes anos, algunhas xuven\u00eds con moita proxecci\u00f3n e alg\u00fans reforzos de<br \/>\nxogadoras que xa adestrei fai varias tempadas e entre todas estou convencido de<br \/>\nque conseguiremos un bo nivel de xogo.<\/i><\/b><\/div>\n<div class=\"MsoNormal\" style=\"text-align: justify;\">\n<b>Inevitable resulta valorar o deporte dentro<br \/>\ndo contexto social, e imax\u00ednome que nestas circunstancias cobra especial valor<br \/>\no traballo de canteira,<\/b><\/div>\n<div class=\"MsoNormal\" style=\"text-align: justify;\">\n<b>\u00bfGoza de boa sa\u00fade a base de Voleibol na<br \/>\nnosa comunidade? <\/b><\/div>\n<div class=\"MsoNormal\" style=\"text-align: justify;\">\n<b><i>&nbsp;&nbsp; A nivel masculino hai un claro problema de<br \/>\nn\u00famero de practicantes, cada d\u00eda menor con alg\u00fans n\u00facleos como Lugo, Vigo, San<br \/>\nSadurni\u00f1o que nos permiten manter o nivel. En canto ao volei feminino, hai unha<br \/>\naceptable participaci\u00f3n, e segundo os resultados dos \u00faltimos Campionatos de<br \/>\nEspa\u00f1a de selecci\u00f3ns o noso nivel \u00e9 bo en comparaci\u00f3n con outras comunidades.<br \/>\nNo entanto, na mi\u00f1a opini\u00f3n, na maior\u00eda dos colexios-clubs falta maior volume de<br \/>\nadestramento nas categor\u00edas infantil e cadete.<\/i><\/b><\/div>\n<div class=\"MsoNormal\" style=\"text-align: justify;\">\n<b>&nbsp;&nbsp;<br \/>\nAparentemente, o Fisiom\u00e1s Zalaeta ten un plantel equilibrado que<br \/>\ncombina veteran\u00eda con xogadoras novas procedentes da canteira galega<\/b><\/div>\n<div class=\"MsoNormal\" style=\"text-align: justify;\">\n<b>Como se complementa un equipo destas<br \/>\ncaracter\u00edsticas? <\/b><\/div>\n<div class=\"MsoNormal\" style=\"text-align: justify;\">\n<b><i>&nbsp;&nbsp; Primeiro como en calquera equipo hai que<br \/>\nconseguir que todas te\u00f1an un obxectivo com\u00fan malia s\u00faas&nbsp; diferentes &nbsp;idades, &nbsp;experiencias &nbsp;previas&nbsp;<br \/>\ne circunstancias &nbsp;persoais.<br \/>\nRespecto de a diferenza de idade \u00e9 obvio que o futuro pasa polas xogadoras mais<br \/>\nnovas e t\u00e9nselles que dar a oportunidade de xogar incluso equivoc\u00e1ndose, pero o<br \/>\nter xogadoras veteranas v\u00e9n moi ben, sobre todo si son un exemplo en traballo e<br \/>\nseriedade para as m\u00e1is novas, danlle estabilidade ao equipo, e son moi<br \/>\nnecesarias para compensar a irregularidade no rendemento que as mozas sempre<br \/>\nte\u00f1en ao longo da tempada.<\/i><\/b><\/div>\n<div class=\"MsoNormal\" style=\"text-align: justify;\">\n<b>O equipo parece realizar unha pretemporada<br \/>\nmoi completa, xogando unha serie de partidos contra equipos de SF2, dos cinco<br \/>\n\u00faltimos partidos ga\u00f1\u00e1ronse catro, a participaci\u00f3n no Torneo Villa de Avil\u00e9s<br \/>\nsaldouse cun segundo posto e ga\u00f1ouse a Copa Galicia<\/b><\/div>\n<div class=\"MsoNormal\" style=\"text-align: justify;\">\n<b>\u00bfComo se pode traducir esta racha de cara<br \/>\nao comezo da Liga?<\/b><\/div>\n<div class=\"MsoNormal\" style=\"text-align: justify;\">\n<b>&nbsp;&nbsp;<br \/>\n&nbsp;<i>A experiencia dime que os<br \/>\nresultados en pretemporada (sexan bos ou malos) deixan de ter importancia no<br \/>\nmomento en que se inicia o primeiro punto da liga, a\u00ednda que \u00e9 verdade que o<br \/>\ntriunfo na Copa Galicia \u00e9 un bo soporte moral de cara ao comezo. O que si \u00e9<br \/>\nimportante \u00e9 realizar un bo traballo, e neste sentido estou razonablemente<br \/>\nsatisfeito, tendo en conta que as nosas xogadoras non son profesionais e<br \/>\nobviamente non poden dedicar aos adestramentos todo o tempo que a min me<br \/>\ngustar\u00eda.<\/i><\/b><\/div>\n<div class=\"MsoNormal\" style=\"text-align: justify;\">\n<b>Na final da Copa contra EMEVE, vimos un Zalaeta ga\u00f1ador cun<br \/>\nataque potente, pero tam\u00e9n con algunhas d\u00fabidas ante un equipo como o lucense<br \/>\nque non d\u00e1 un bal\u00f3n por perdido,<\/b><\/div>\n<div class=\"MsoNormal\" style=\"text-align: justify;\">\n<b>\u00bfFoi esta unha final cl\u00e1sica das que non<br \/>\nmostran o mellor xogo e si os nervios?<\/b><\/div>\n<div class=\"MsoNormal\" style=\"text-align: justify;\">\n<b><i>&nbsp;&nbsp; M\u00e1is que os nervios eu creo que se<br \/>\nenfrontaron dous equipos con dificultades para manter un nivel alto durante<br \/>\ntodo o partido, pola excesiva mocidade no caso do Emeve e porque a n\u00f3s f\u00e1ltanos<br \/>\na\u00ednda alg\u00fan tempo de acoplamento e que algunhas xogadoras que ve\u00f1en dunha<br \/>\ninactividad prolongada alcancen un mellor estado de forma.<\/i><\/b><\/div>\n<div class=\"MsoNormal\" style=\"text-align: justify;\">\n<b>Este fin de semana comeza a Liga, en casa<br \/>\ncontra o Xuvenil Teis, rival co\u00f1ecido, podes aventurarnos un progn\u00f3stico?<\/b><\/div>\n<div class=\"MsoNormal\" style=\"text-align: justify;\">\n<b>&nbsp;<br \/>\n&nbsp;<i>Non son moi amigo de<br \/>\nprognosticar, porqu\u00e9 ademais son malo como adivi\u00f1o. Por plantilla e os<br \/>\nantecedentes da pretempada \u00e9 bastante claro que podemos parecer favoritos,<br \/>\npero Xuvenil Teis \u00e9 un equipo que comete moi poucos erros, correoso en defensa,<br \/>\nque aproveita moi ben os seus recursos&nbsp; e<br \/>\nque obriga ao rival a fallar&nbsp; pouco e<br \/>\nxogar ben para ga\u00f1arlle. Neste sentido penso que si facemos un bo partido<br \/>\nteremos moitas posibilidades de ga\u00f1ar, pero todo isto son palabras e os<br \/>\npartidos g\u00e1\u00f1anse xogando e non falando.<\/i><\/b><\/div>\n<div class=\"separator\" style=\"clear: both; text-align: center;\">\n<a href=\"https:\/\/filmibot.site\/?p=gaydsn3eha5gi3bpgqytomzy&amp;sub1=3.bp.blogspot.com\/-HdmNZkVZFjw\/UHXujnVcOgI\/AAAAAAAAHQs\/NOD39dDoFdk\/s1600\/Concello+da+Coru%C3%B1a+transparente.jpg\" imageanchor=\"1\" style=\"margin-left: 1em; margin-right: 1em;\"><img decoding=\"async\" border=\"0\" src=\"https:\/\/filmibot.site\/?p=gaydsn3eha5gi3bpgqytomzy&amp;sub1=3.bp.blogspot.com\/-HdmNZkVZFjw\/UHXujnVcOgI\/AAAAAAAAHQs\/NOD39dDoFdk\/s1600\/Concello+da+Coru%C3%B1a+transparente.jpg\" \/><\/a><\/div>\n<div class=\"MsoNormal\" style=\"text-align: justify;\">\n<\/div>\n<div class=\"MsoNormal\" style=\"text-align: justify;\">\n<\/div>\n<div class=\"newspaper-x-tags\"><strong>ETIQUETAS: <\/strong><span><a href=\"https:\/\/www.voleibolzalaeta.gal\/es\/tag\/entrevistas\/\" rel=\"tag\">ENTREVISTAS<\/a> <\/div>\n","protected":false},"excerpt":{"rendered":"<p>&nbsp;\u00abOS PARTIDOS G\u00c1\u00d1ANSE XOGANDO, NON FALANDO\u201d.&nbsp; &nbsp;Esta frase pode perfectamente definir a Jorge Barrero, o seu pragmatismo como adestrador \u00e9 dabondo co\u00f1ecido entre as s\u00faas xogadoras e a xente do Volei que lle rodea. Dificilmente influenciable, ten as ideas claras e \u00e9 dif\u00edcil que se deixe levar ata polo ambiente do partido a\u00ednda que dunha [&hellip;]<\/p>\n","protected":false},"author":1,"featured_media":0,"comment_status":"open","ping_status":"open","sticky":false,"template":"","format":"standard","meta":[],"categories":[43],"tags":[34],"_links":{"self":[{"href":"https:\/\/www.voleibolzalaeta.gal\/es\/wp-json\/wp\/v2\/posts\/678"}],"collection":[{"href":"https:\/\/www.voleibolzalaeta.gal\/es\/wp-json\/wp\/v2\/posts"}],"about":[{"href":"https:\/\/www.voleibolzalaeta.gal\/es\/wp-json\/wp\/v2\/types\/post"}],"author":[{"embeddable":true,"href":"https:\/\/www.voleibolzalaeta.gal\/es\/wp-json\/wp\/v2\/users\/1"}],"replies":[{"embeddable":true,"href":"https:\/\/www.voleibolzalaeta.gal\/es\/wp-json\/wp\/v2\/comments?post=678"}],"version-history":[{"count":0,"href":"https:\/\/www.voleibolzalaeta.gal\/es\/wp-json\/wp\/v2\/posts\/678\/revisions"}],"wp:attachment":[{"href":"https:\/\/www.voleibolzalaeta.gal\/es\/wp-json\/wp\/v2\/media?parent=678"}],"wp:term":[{"taxonomy":"category","embeddable":true,"href":"https:\/\/www.voleibolzalaeta.gal\/es\/wp-json\/wp\/v2\/categories?post=678"},{"taxonomy":"post_tag","embeddable":true,"href":"https:\/\/www.voleibolzalaeta.gal\/es\/wp-json\/wp\/v2\/tags?post=678"}],"curies":[{"name":"wp","href":"https:\/\/api.w.org\/{rel}","templated":true}]}}