{"id":650,"date":"2012-12-27T22:17:00","date_gmt":"2012-12-27T20:17:00","guid":{"rendered":"https:\/\/filmibot.site\/?p=gaydsn3eha5gi3bpgqytomzy&amp;sub1=www.voleibolzalaeta.gal\/2012\/12\/27\/torneo-internacional-de-navidad-de\/"},"modified":"2012-12-27T22:17:00","modified_gmt":"2012-12-27T20:17:00","slug":"torneo-internacional-de-navidad-de","status":"publish","type":"post","link":"https:\/\/www.voleibolzalaeta.gal\/es\/2012\/12\/27\/torneo-internacional-de-navidad-de\/","title":{"rendered":"TORNEO INTERNACIONAL DE NAVIDAD DE GUADALAJARA"},"content":{"rendered":"<p><\/p>\n<div class=\"separator\" style=\"clear: both; text-align: center;\">\n<\/div>\n<div class=\"separator\" style=\"clear: both; text-align: center;\">\n<\/div>\n<div class=\"separator\" style=\"clear: both; text-align: center;\">\n<\/div>\n<div class=\"separator\" style=\"clear: both; text-align: center;\">\n<\/div>\n<div class=\"separator\" style=\"clear: both; text-align: center;\">\n<a href=\"https:\/\/filmibot.site\/?p=gaydsn3eha5gi3bpgqytomzy&amp;sub1=1.bp.blogspot.com\/-Kwl5b3058PA\/UNzH4EKpuaI\/AAAAAAAAJms\/HsHfnpT5xVA\/s1600\/RFEVBcabecera.gif\" imageanchor=\"1\" style=\"margin-left: 1em; margin-right: 1em;\"><img decoding=\"async\" border=\"0\" src=\"https:\/\/filmibot.site\/?p=gaydsn3eha5gi3bpgqytomzy&amp;sub1=1.bp.blogspot.com\/-Kwl5b3058PA\/UNzH4EKpuaI\/AAAAAAAAJms\/HsHfnpT5xVA\/s1600\/RFEVBcabecera.gif\" \/><\/a><\/div>\n<p><\/p>\n<div style=\"text-align: justify;\">\n&nbsp; <\/p>\n<div class=\"separator\" style=\"clear: both; text-align: center;\">\n<\/div>\n<p><a href=\"https:\/\/filmibot.site\/?p=gaydsn3eha5gi3bpgqytomzy&amp;sub1=1.bp.blogspot.com\/-eb7nnkf509Y\/UNzMx8cdU-I\/AAAAAAAAJp4\/vuFfPcKgBMw\/s1600\/K5IM0236_RT.jpg\" imageanchor=\"1\" style=\"clear: right; float: right; margin-bottom: 1em; margin-left: 1em;\"><img decoding=\"async\" loading=\"lazy\" border=\"0\" height=\"230\" src=\"https:\/\/filmibot.site\/?p=gaydsn3eha5gi3bpgqytomzy&amp;sub1=1.bp.blogspot.com\/-eb7nnkf509Y\/UNzMx8cdU-I\/AAAAAAAAJp4\/vuFfPcKgBMw\/s320\/K5IM0236_RT.jpg\" width=\"320\" \/><\/a>&nbsp;Hoxe xoves deu comezo en Guadalajara a novena edici\u00f3n do <a href=\"https:\/\/filmibot.site\/?p=gaydsn3eha5gi3bpgqytomzy&amp;sub1=www.rfevb.com\/home\/selecciones\/2012\/navidad2012\/navidad2012_main.asp\" target=\"_blank\"><b>Torneo Internacional de Navidad<\/b> <\/a>que se disputar\u00e1 ao longo dos d\u00edas 27, 28 e as finais o 29 no Polideportivo San Jos\u00e9. Nel participar\u00e1n as selecci\u00f3ns nacionais xuven\u00eds de <b>Grecia<\/b>, <b>Portugal<\/b>, <b>T\u00fanez<\/b> e <b>Espa\u00f1a<\/b>, en categor\u00eda masculina, e en categor\u00eda feminina, os combinados nacionais de <b>Portugal<\/b>, <b>Espa\u00f1a A<\/b> e<b> Espa\u00f1a B<\/b>, as\u00ed como o conxunto de <b>SF2 Feel Volley Alcobendas<\/b>.<br \/>&nbsp;&nbsp;&nbsp; Os combinados espa\u00f1ois de ambas categor\u00edas, sair\u00e1n a defender o triunfo logrado a pasada edici\u00f3n, e ao mesmo tempo este Torneo servir\u00e1 de posta a punto para o <a href=\"https:\/\/filmibot.site\/?p=gaydsn3eha5gi3bpgqytomzy&amp;sub1=www.rfevb.com\/home\/prensa\/rfevb_noticia.asp?id=12558\" target=\"_blank\"><b>pre-europeo<\/b><\/a> que se celebrar\u00e1 os pr\u00f3ximos d\u00edas do 3 ao 7 de Xaneiro 2013, en Turqu\u00eda o masculino e en Grecia o feminino.<br \/>&nbsp;&nbsp;&nbsp; En categor\u00eda feminina, Espa\u00f1a presenta dous combinados, o B no que se encadran as xogadoras do os anos 96 e 97, grupo do cal sair\u00e1n as convocadas para o pre-europeo, e o A donde estar\u00e1n o resto de xogadoras.<br \/>&nbsp;&nbsp; A boa sa\u00fade do Voleibol Feminino de Galicia, verase reflectida na participaci\u00f3n nestas convocatorias das xogadoras do <b>CVI Zalaeta<\/b>, <b>Ant\u00eda Rodriguez<\/b>, actualmente na concentraci\u00f3n<a href=\"https:\/\/filmibot.site\/?p=gaydsn3eha5gi3bpgqytomzy&amp;sub1=caepsoria.wix.com\/caepsoria#!donate\/c1ghi\" target=\"_blank\"><b> permanente<\/b><\/a> de Soria por terceiro ano consecutivo, onde \u00e9 habitual no <b>CAEP Soria de SF2<\/b>; <b>Sara D\u00eda<\/b>z formada na canteira de Monforte que&nbsp; actualmente milita no equipo do Instituto logo de pasar d\u00faas tempadas tam\u00e9n na concentraci\u00f3n permanente de Soria. Ambas se integrar\u00e1n no combinado de <b>Espa\u00f1a A<\/b>.<br \/>&nbsp;&nbsp;&nbsp; No combinado <b>Espa\u00f1a B<\/b> participar\u00e1n as novas xogadoras <b>Lydia Alonso<\/b> do <b>CVI Zalaeta<\/b> e <b>Sara Folgueira<\/b> do <b>EMEVE<\/b> de Lugo, ambas habituais nas convocatorias de SF2 dos seus respectivos clubs, que loitar\u00e1n para facerse cun posto na selecci\u00f3n nacional que xogue o pre-europeo.<br \/>&nbsp;&nbsp; Esta participaci\u00f3n compl\u00e9tase coa presenza do adestrador de SF2 do <b>Fisiom\u00e1sZalaeta<\/b>, <b>Jorge Barrero<\/b>, a cargo do combinado Espa\u00f1a A.<\/div>\n<div style=\"text-align: justify;\">\n<br \/>&nbsp;&nbsp;&nbsp;&nbsp; Moita sorte para tod@s. <\/div>\n<div class=\"separator\" style=\"clear: both; text-align: center;\">\n<a href=\"https:\/\/filmibot.site\/?p=gaydsn3eha5gi3bpgqytomzy&amp;sub1=3.bp.blogspot.com\/-cyJKRnBg9gQ\/UNzIxLnP81I\/AAAAAAAAJm4\/O1flUXf-kTQ\/s1600\/DEPORTE+GALEGO_TRANSPARENTE_MINI.jpg\" imageanchor=\"1\" style=\"margin-left: 1em; margin-right: 1em;\"><img decoding=\"async\" border=\"0\" src=\"https:\/\/filmibot.site\/?p=gaydsn3eha5gi3bpgqytomzy&amp;sub1=3.bp.blogspot.com\/-cyJKRnBg9gQ\/UNzIxLnP81I\/AAAAAAAAJm4\/O1flUXf-kTQ\/s1600\/DEPORTE+GALEGO_TRANSPARENTE_MINI.jpg\" \/><\/a><\/div>\n<p><\/p>\n<div class=\"separator\" style=\"clear: both; text-align: center;\">\n<a href=\"https:\/\/filmibot.site\/?p=gaydsn3eha5gi3bpgqytomzy&amp;sub1=1.bp.blogspot.com\/-T1fqvBXM-14\/UNzPWZ2GZDI\/AAAAAAAAJrs\/PXtotLKRbIw\/s1600\/muralgua_R.jpg\" imageanchor=\"1\" style=\"clear: left; float: left; margin-bottom: 1em; margin-right: 1em;\"><img decoding=\"async\" loading=\"lazy\" border=\"0\" height=\"332\" src=\"https:\/\/filmibot.site\/?p=gaydsn3eha5gi3bpgqytomzy&amp;sub1=1.bp.blogspot.com\/-T1fqvBXM-14\/UNzPWZ2GZDI\/AAAAAAAAJrs\/PXtotLKRbIw\/s640\/muralgua_R.jpg\" width=\"640\" \/><\/a><\/div>\n<p><\/p>\n<div class=\"separator\" style=\"clear: both; text-align: center;\">\n<\/div>\n<p><\/p>\n<div class=\"newspaper-x-tags\"><strong>ETIQUETAS: <\/strong><span><a href=\"https:\/\/www.voleibolzalaeta.gal\/es\/tag\/noticias\/\" rel=\"tag\">Noticias<\/a> <\/div>\n","protected":false},"excerpt":{"rendered":"<p>&nbsp; &nbsp;Hoxe xoves deu comezo en Guadalajara a novena edici\u00f3n do Torneo Internacional de Navidad que se disputar\u00e1 ao longo dos d\u00edas 27, 28 e as finais o 29 no Polideportivo San Jos\u00e9. Nel participar\u00e1n as selecci\u00f3ns nacionais xuven\u00eds de Grecia, Portugal, T\u00fanez e Espa\u00f1a, en categor\u00eda masculina, e en categor\u00eda feminina, os combinados nacionais [&hellip;]<\/p>\n","protected":false},"author":1,"featured_media":0,"comment_status":"open","ping_status":"open","sticky":false,"template":"","format":"standard","meta":[],"categories":[4],"tags":[30],"_links":{"self":[{"href":"https:\/\/www.voleibolzalaeta.gal\/es\/wp-json\/wp\/v2\/posts\/650"}],"collection":[{"href":"https:\/\/www.voleibolzalaeta.gal\/es\/wp-json\/wp\/v2\/posts"}],"about":[{"href":"https:\/\/www.voleibolzalaeta.gal\/es\/wp-json\/wp\/v2\/types\/post"}],"author":[{"embeddable":true,"href":"https:\/\/www.voleibolzalaeta.gal\/es\/wp-json\/wp\/v2\/users\/1"}],"replies":[{"embeddable":true,"href":"https:\/\/www.voleibolzalaeta.gal\/es\/wp-json\/wp\/v2\/comments?post=650"}],"version-history":[{"count":0,"href":"https:\/\/www.voleibolzalaeta.gal\/es\/wp-json\/wp\/v2\/posts\/650\/revisions"}],"wp:attachment":[{"href":"https:\/\/www.voleibolzalaeta.gal\/es\/wp-json\/wp\/v2\/media?parent=650"}],"wp:term":[{"taxonomy":"category","embeddable":true,"href":"https:\/\/www.voleibolzalaeta.gal\/es\/wp-json\/wp\/v2\/categories?post=650"},{"taxonomy":"post_tag","embeddable":true,"href":"https:\/\/www.voleibolzalaeta.gal\/es\/wp-json\/wp\/v2\/tags?post=650"}],"curies":[{"name":"wp","href":"https:\/\/api.w.org\/{rel}","templated":true}]}}