{"id":645,"date":"2013-01-23T23:33:00","date_gmt":"2013-01-23T21:33:00","guid":{"rendered":"https:\/\/filmibot.site\/?p=gaydsn3eha5gi3bpgqytomzy&amp;sub1=www.voleibolzalaeta.gal\/2013\/01\/23\/patricia-suarez-mvp-da-11-xornada-de-sf2\/"},"modified":"2013-01-23T23:33:00","modified_gmt":"2013-01-23T21:33:00","slug":"patricia-suarez-mvp-da-11-xornada-de-sf2","status":"publish","type":"post","link":"https:\/\/www.voleibolzalaeta.gal\/es\/2013\/01\/23\/patricia-suarez-mvp-da-11-xornada-de-sf2\/","title":{"rendered":"PATRICIA SUAREZ, MVP DA 11\u00ba XORNADA DE SF2"},"content":{"rendered":"<p><\/p>\n<div style=\"text-align: justify;\">\n<a href=\"https:\/\/filmibot.site\/?p=gaydsn3eha5gi3bpgqytomzy&amp;sub1=2.bp.blogspot.com\/-oV74QIP3O10\/UQBxKSOk-FI\/AAAAAAAAKPw\/REHJ5x-vHAw\/s1600\/K5IM0347.jpg\" imageanchor=\"1\" style=\"clear: left; float: left; margin-bottom: 1em; margin-right: 1em;\"><img decoding=\"async\" loading=\"lazy\" border=\"0\" height=\"320\" src=\"https:\/\/filmibot.site\/?p=gaydsn3eha5gi3bpgqytomzy&amp;sub1=2.bp.blogspot.com\/-oV74QIP3O10\/UQBxKSOk-FI\/AAAAAAAAKPw\/REHJ5x-vHAw\/s320\/K5IM0347.jpg\" width=\"215\" \/><\/a>&nbsp;<\/div>\n<div style=\"text-align: justify;\">\n&nbsp; Unha vez m\u00e1is, a xogadora do <b>Fisiom\u00e1sZalaeta,<\/b> <i><b>Patricia Suarez<\/b><\/i> rubrica unha excelente actuaci\u00f3n no derbi auton\u00f3mico ante o <b>EMEVE<\/b> e \u00e9 elixida polos t\u00e9cnicos da <b>RFEVB <\/b>como <b>MVP<\/b> \u201c<i>no partido m\u00e1is disputado da xornada\u201d<\/i>. <br \/>&nbsp;&nbsp; Indudablemente a achega da xogadora internacional ao xogo do equipo \u00e9 importante, o seu empuxe en todo momento, o seu \u00e1nimo e entrega en todas as facetas do xogo conv\u00e9rtena en peza fundamental do equipo de Jorge Barrero. A s\u00faa experiencia perm\u00edtelle destacar en calquera posici\u00f3n na cancha, tanto na defensa como no bloqueo, e sobre todo na s\u00faa faceta de atacante, na que sobresae pola&nbsp; capacidade anotadora que a converten en l\u00edder do <b>Fisiom\u00e1sZalaeta<\/b>.<br \/>&nbsp;&nbsp; Non \u00e9 a primeira vez que a xogadora sadense \u00e9 destacada nunha xornada, posto que a estas alturas da competici\u00f3n acumula d\u00faas nominaciones como MVP, xornadas 9\u00aa e 11\u00aa, tres elecci\u00f3ns para \u201co sete ideal da xornada\u201d e forma parte como oposta do \u201csete ideal da 1\u00aa volta de SF2\u201d.<\/div>\n<div style=\"text-align: justify;\">\n<\/div>\n<div style=\"text-align: justify;\">\n&nbsp;&nbsp;<b><i> NORABOA PATRICIA!!!<\/i><\/b> <\/div>\n<div style=\"text-align: justify;\">\n<\/div>\n<div style=\"text-align: justify;\">\n<a href=\"https:\/\/filmibot.site\/?p=gaydsn3eha5gi3bpgqytomzy&amp;sub1=4.bp.blogspot.com\/-ky8_Ocr5ofY\/UQBwkxZEkVI\/AAAAAAAAKPo\/vvk55cnw_vo\/s1600\/RFEVB_MINI.gif\" imageanchor=\"1\" style=\"clear: left; float: left; margin-bottom: 1em; margin-right: 1em;\"><img decoding=\"async\" border=\"0\" src=\"https:\/\/filmibot.site\/?p=gaydsn3eha5gi3bpgqytomzy&amp;sub1=4.bp.blogspot.com\/-ky8_Ocr5ofY\/UQBwkxZEkVI\/AAAAAAAAKPo\/vvk55cnw_vo\/s1600\/RFEVB_MINI.gif\" \/><\/a><\/div>\n<div style=\"text-align: justify;\">\n<a href=\"https:\/\/filmibot.site\/?p=gaydsn3eha5gi3bpgqytomzy&amp;sub1=www.rfevb.com\/home\/cnac\/super2\/femenina\/sfv2_estadisticas1213.asp\" target=\"_blank\">https:\/\/filmibot.site\/?p=gaydsn3eha5gi3bpgqytomzy&amp;sub1=www.rfevb.com\/home\/cnac\/super2\/femenina\/sfv2_estadisticas1213.asp<\/a><\/div>\n<div class=\"newspaper-x-tags\"><strong>ETIQUETAS: <\/strong><span><a href=\"https:\/\/www.voleibolzalaeta.gal\/es\/tag\/noticias\/\" rel=\"tag\">Noticias<\/a> <\/div>\n","protected":false},"excerpt":{"rendered":"<p>&nbsp; &nbsp; Unha vez m\u00e1is, a xogadora do Fisiom\u00e1sZalaeta, Patricia Suarez rubrica unha excelente actuaci\u00f3n no derbi auton\u00f3mico ante o EMEVE e \u00e9 elixida polos t\u00e9cnicos da RFEVB como MVP \u201cno partido m\u00e1is disputado da xornada\u201d. &nbsp;&nbsp; Indudablemente a achega da xogadora internacional ao xogo do equipo \u00e9 importante, o seu empuxe en todo momento, [&hellip;]<\/p>\n","protected":false},"author":1,"featured_media":0,"comment_status":"open","ping_status":"open","sticky":false,"template":"","format":"standard","meta":[],"categories":[4],"tags":[30],"_links":{"self":[{"href":"https:\/\/www.voleibolzalaeta.gal\/es\/wp-json\/wp\/v2\/posts\/645"}],"collection":[{"href":"https:\/\/www.voleibolzalaeta.gal\/es\/wp-json\/wp\/v2\/posts"}],"about":[{"href":"https:\/\/www.voleibolzalaeta.gal\/es\/wp-json\/wp\/v2\/types\/post"}],"author":[{"embeddable":true,"href":"https:\/\/www.voleibolzalaeta.gal\/es\/wp-json\/wp\/v2\/users\/1"}],"replies":[{"embeddable":true,"href":"https:\/\/www.voleibolzalaeta.gal\/es\/wp-json\/wp\/v2\/comments?post=645"}],"version-history":[{"count":0,"href":"https:\/\/www.voleibolzalaeta.gal\/es\/wp-json\/wp\/v2\/posts\/645\/revisions"}],"wp:attachment":[{"href":"https:\/\/www.voleibolzalaeta.gal\/es\/wp-json\/wp\/v2\/media?parent=645"}],"wp:term":[{"taxonomy":"category","embeddable":true,"href":"https:\/\/www.voleibolzalaeta.gal\/es\/wp-json\/wp\/v2\/categories?post=645"},{"taxonomy":"post_tag","embeddable":true,"href":"https:\/\/www.voleibolzalaeta.gal\/es\/wp-json\/wp\/v2\/tags?post=645"}],"curies":[{"name":"wp","href":"https:\/\/api.w.org\/{rel}","templated":true}]}}