{"id":640,"date":"2013-02-05T23:53:00","date_gmt":"2013-02-05T21:53:00","guid":{"rendered":"https:\/\/filmibot.site\/?p=gaydsn3eha5gi3bpgqytomzy&amp;sub1=www.voleibolzalaeta.gal\/2013\/02\/05\/unha-vez-mais-as-xogadoras-do-fisiomas\/"},"modified":"2013-02-05T23:53:00","modified_gmt":"2013-02-05T21:53:00","slug":"unha-vez-mais-as-xogadoras-do-fisiomas","status":"publish","type":"post","link":"https:\/\/www.voleibolzalaeta.gal\/es\/2013\/02\/05\/unha-vez-mais-as-xogadoras-do-fisiomas\/","title":{"rendered":"ESTAT\u00cdSTICAS DA XORNADA DE SF2"},"content":{"rendered":"<div class=\"separator\" style=\"clear: both; text-align: center;\">\n<\/div>\n<table cellpadding=\"0\" cellspacing=\"0\" class=\"tr-caption-container\" style=\"clear: left; float: left; margin-bottom: 1em; margin-right: 1em; text-align: left;\">\n<tbody>\n<tr>\n<td style=\"text-align: center;\"><a href=\"https:\/\/filmibot.site\/?p=gaydsn3eha5gi3bpgqytomzy&amp;sub1=3.bp.blogspot.com\/-U06sCeI_QD4\/URGahgfJAHI\/AAAAAAAAK0A\/LZbXS1y9ZUY\/s1600\/K5IM0735.jpg\" imageanchor=\"1\" style=\"clear: left; margin-bottom: 1em; margin-left: auto; margin-right: auto;\"><img decoding=\"async\" loading=\"lazy\" border=\"0\" height=\"320\" src=\"https:\/\/filmibot.site\/?p=gaydsn3eha5gi3bpgqytomzy&amp;sub1=3.bp.blogspot.com\/-U06sCeI_QD4\/URGahgfJAHI\/AAAAAAAAK0A\/LZbXS1y9ZUY\/s320\/K5IM0735.jpg\" width=\"188\" \/><\/a><\/td>\n<\/tr>\n<tr>\n<td class=\"tr-caption\" style=\"text-align: center;\">13 Lydia 1 Marta<\/td>\n<\/tr>\n<\/tbody>\n<\/table>\n<p><img decoding=\"async\" loading=\"lazy\" border=\"0\" height=\"51\" src=\"https:\/\/filmibot.site\/?p=gaydsn3eha5gi3bpgqytomzy&amp;sub1=4.bp.blogspot.com\/-0qlJ061-TC8\/URGR5Rt4KII\/AAAAAAAAKyo\/-nQn_ZYnRik\/s200\/SF2ESTAT.jpg\" width=\"200\" \/><a href=\"https:\/\/filmibot.site\/?p=gaydsn3eha5gi3bpgqytomzy&amp;sub1=www.blogger.com\/\"><\/a><\/p>\n<p><\/p>\n<div style=\"text-align: justify;\">\n&nbsp; &nbsp; Unha vez m\u00e1is as xogadoras do <b>Fisiom\u00e1sZalaeta<\/b> contin\u00faan sobresa\u00edndo e despois do excelente partido na pen\u00faltima xornada volven destacar nas estat\u00edsticas de <b>RFEVB<\/b>.<\/div>\n<div style=\"text-align: justify;\">\n&nbsp;&nbsp; Unhas estat\u00edsticas que nesta ocasi\u00f3n te\u00f1en un marcado acento galego e que por primeira vez incl\u00fae xogadoras dos tres equipos da comunidade. <\/div>\n<div style=\"text-align: justify;\">\n&nbsp;&nbsp; No encontro xogado&nbsp; o s\u00e1bado no Barrio das Flores o equipo local demostrou ter un gran bloque, no que sobresaen por m\u00e9ritos propios, nesta ocasi\u00f3n, a xogadora cadete <b>Lydia Alonso<\/b> como Mellor Bloqueadora con oito bloqueos e a xuvenil <b>Marta Fraga<\/b> como segunda Mellor Anotadora con 24 puntos e como terceira Atacante, e ademais ambas inclu\u00eddas no <i>\u201cSepteto da Xornada\u201d<\/i>, que nesta ocasi\u00f3n chama a atenci\u00f3n pola mocidade d<i>a<\/i>s suas integrantes.<\/div>\n<div class=\"separator\" style=\"clear: both; text-align: center;\">\n<a href=\"https:\/\/filmibot.site\/?p=gaydsn3eha5gi3bpgqytomzy&amp;sub1=4.bp.blogspot.com\/-ShHkosnC2Zc\/URGbcgPmzbI\/AAAAAAAAK0I\/o84nO9Q4ZcI\/s1600\/RFEVB_MINI.gif\" imageanchor=\"1\" style=\"clear: left; float: left; margin-bottom: 1em; margin-right: 1em;\"><img decoding=\"async\" border=\"0\" src=\"https:\/\/filmibot.site\/?p=gaydsn3eha5gi3bpgqytomzy&amp;sub1=4.bp.blogspot.com\/-ShHkosnC2Zc\/URGbcgPmzbI\/AAAAAAAAK0I\/o84nO9Q4ZcI\/s1600\/RFEVB_MINI.gif\" \/><\/a><\/div>\n<p><a href=\"https:\/\/filmibot.site\/?p=gaydsn3eha5gi3bpgqytomzy&amp;sub1=www.rfevb.com\/home\/cnac\/super2\/femenina\/sfv2_estadisticas1213.asp\" target=\"_blank\"><b><i>AS MELLORES DA XORNADA E O SEPTETO IDEAL <\/i><\/b><\/a><\/p>\n<div style=\"text-align: justify;\">\n<b>laopinioncoruna.es<\/b>&nbsp;&nbsp;&nbsp; <a href=\"https:\/\/filmibot.site\/?p=gaydsn3eha5gi3bpgqytomzy&amp;sub1=www.laopinioncoruna.es\/deportes\/2013\/02\/07\/marta-fraga-lydia-alonso-siete-ideal-jornada-superliga-2\/690417.html\">https:\/\/filmibot.site\/?p=gaydsn3eha5gi3bpgqytomzy&amp;sub1=www.laopinioncoruna.es\/deportes\/2013\/02\/07\/marta-fraga-lydia-alonso-siete-ideal-jornada-superliga-2\/690417.html<\/a><\/div>\n<div class=\"newspaper-x-tags\"><strong>ETIQUETAS: <\/strong><span><a href=\"https:\/\/www.voleibolzalaeta.gal\/es\/tag\/noticias\/\" rel=\"tag\">Noticias<\/a> <\/div>\n","protected":false},"excerpt":{"rendered":"<p>13 Lydia 1 Marta &nbsp; &nbsp; Unha vez m\u00e1is as xogadoras do Fisiom\u00e1sZalaeta contin\u00faan sobresa\u00edndo e despois do excelente partido na pen\u00faltima xornada volven destacar nas estat\u00edsticas de RFEVB. &nbsp;&nbsp; Unhas estat\u00edsticas que nesta ocasi\u00f3n te\u00f1en un marcado acento galego e que por primeira vez incl\u00fae xogadoras dos tres equipos da comunidade. &nbsp;&nbsp; No encontro [&hellip;]<\/p>\n","protected":false},"author":1,"featured_media":0,"comment_status":"open","ping_status":"open","sticky":false,"template":"","format":"standard","meta":[],"categories":[4],"tags":[30],"_links":{"self":[{"href":"https:\/\/www.voleibolzalaeta.gal\/es\/wp-json\/wp\/v2\/posts\/640"}],"collection":[{"href":"https:\/\/www.voleibolzalaeta.gal\/es\/wp-json\/wp\/v2\/posts"}],"about":[{"href":"https:\/\/www.voleibolzalaeta.gal\/es\/wp-json\/wp\/v2\/types\/post"}],"author":[{"embeddable":true,"href":"https:\/\/www.voleibolzalaeta.gal\/es\/wp-json\/wp\/v2\/users\/1"}],"replies":[{"embeddable":true,"href":"https:\/\/www.voleibolzalaeta.gal\/es\/wp-json\/wp\/v2\/comments?post=640"}],"version-history":[{"count":0,"href":"https:\/\/www.voleibolzalaeta.gal\/es\/wp-json\/wp\/v2\/posts\/640\/revisions"}],"wp:attachment":[{"href":"https:\/\/www.voleibolzalaeta.gal\/es\/wp-json\/wp\/v2\/media?parent=640"}],"wp:term":[{"taxonomy":"category","embeddable":true,"href":"https:\/\/www.voleibolzalaeta.gal\/es\/wp-json\/wp\/v2\/categories?post=640"},{"taxonomy":"post_tag","embeddable":true,"href":"https:\/\/www.voleibolzalaeta.gal\/es\/wp-json\/wp\/v2\/tags?post=640"}],"curies":[{"name":"wp","href":"https:\/\/api.w.org\/{rel}","templated":true}]}}