{"id":627,"date":"2013-03-08T00:15:00","date_gmt":"2013-03-07T22:15:00","guid":{"rendered":"https:\/\/filmibot.site\/?p=gaydsn3eha5gi3bpgqytomzy&amp;sub1=www.voleibolzalaeta.gal\/2013\/03\/08\/8-de-marzo-dia-internacional-da-muller\/"},"modified":"2013-03-08T00:15:00","modified_gmt":"2013-03-07T22:15:00","slug":"8-de-marzo-dia-internacional-da-muller","status":"publish","type":"post","link":"https:\/\/www.voleibolzalaeta.gal\/es\/2013\/03\/08\/8-de-marzo-dia-internacional-da-muller\/","title":{"rendered":"8 DE MARZO, D\u00cdA INTERNACIONAL DA MULLER."},"content":{"rendered":"<div style=\"text-align: justify;\">\n<div class=\"separator\" style=\"clear: both; text-align: center;\">\n<\/div>\n<div style=\"text-align: left;\">\n<\/div>\n<p>&nbsp;&nbsp;&nbsp;<\/p>\n<table cellpadding=\"0\" cellspacing=\"0\" class=\"tr-caption-container\" style=\"float: left; margin-right: 1em; text-align: left;\">\n<tbody>\n<tr>\n<td style=\"text-align: center;\"><a href=\"https:\/\/filmibot.site\/?p=gaydsn3eha5gi3bpgqytomzy&amp;sub1=2.bp.blogspot.com\/-kwGS5vXg79k\/UTkwdoFKsQI\/AAAAAAAALug\/ycDZ8M9aAiM\/s1600\/edu+xunta.jpg\" imageanchor=\"1\" style=\"clear: left; margin-bottom: 1em; margin-left: auto; margin-right: auto;\"><img decoding=\"async\" border=\"0\" src=\"https:\/\/filmibot.site\/?p=gaydsn3eha5gi3bpgqytomzy&amp;sub1=2.bp.blogspot.com\/-kwGS5vXg79k\/UTkwdoFKsQI\/AAAAAAAALug\/ycDZ8M9aAiM\/s1600\/edu+xunta.jpg\" \/><\/a><\/td>\n<\/tr>\n<tr>\n<td class=\"tr-caption\" style=\"text-align: center;\"><i>edu.xunta.es<\/i><\/td>\n<\/tr>\n<\/tbody>\n<\/table>\n<p>\n&nbsp; O oito de marzo serve para recordar a loita das mulleres pola s\u00faa liberaci\u00f3n e igualdade co home na procura do desenvolvemento da sociedade e do seu desenvolvemento persoal e individual.<br \/>&nbsp;&nbsp; Desde principios do s\u00e9culo XX, primeiro en EEUU e a continuaci\u00f3n tam\u00e9n en Europa, a celebraci\u00f3n deste d\u00eda une a todas as mulleres do mundo calquera que sexa a s\u00faa raza, condici\u00f3n ou procedencia na reivindicaci\u00f3n da igualdade e dos seus dereitos.<\/div>\n<div style=\"text-align: justify;\">\n<br \/>&nbsp;&nbsp;&nbsp;<i> Con motivo do D\u00eda Internacional da Muller este venres 8 de marzo, o <b>Parlamento Europeo<\/b> decidiu centrar a s\u00faa atenci\u00f3n na resposta das mulleres \u00e1 crise\u201d.&nbsp;<\/i><\/div>\n<div style=\"text-align: justify;\">\n<i>&nbsp;<b> <\/b><\/i><b><a href=\"https:\/\/filmibot.site\/?p=gaydsn3eha5gi3bpgqytomzy&amp;sub1=www.europarl.europa.eu\/news\/es\/headlines\/content\/20130301FCS06145\/html\/D%C3%ADa-Internacional-de-la-Mujer-2013-la-respuesta-de-las-mujeres-a-la-crisis\">LER MAIS&#8230;..<\/a><\/b><\/div>\n<p><\/p>\n<div style=\"text-align: justify;\">\n&nbsp; En 1977 a <a href=\"https:\/\/filmibot.site\/?p=gaydsn3eha5gi3bpgqytomzy&amp;sub1=www.unwomen.org\/es\/how-we-work\/csw\/iwd2013\/\"><b>ONU<\/b><\/a> proclama o oito de Marzo com o D\u00eda Internacional da Muller, e este ano 2013, adicao a rematar coa <a href=\"https:\/\/filmibot.site\/?p=gaydsn3eha5gi3bpgqytomzy&amp;sub1=www.unwomen.org\/es\/news-events\/in-focus\/CSW57\/\"><b>violencia <\/b><\/a><a href=\"https:\/\/filmibot.site\/?p=gaydsn3eha5gi3bpgqytomzy&amp;sub1=www.unwomen.org\/es\/news-events\/in-focus\/CSW57\/\"><b>contra as mulleres.<\/b><\/a><\/div>\n<div style=\"text-align: justify;\">\n<b>&nbsp;&nbsp;&nbsp;<\/b><br \/>\n<b>&nbsp;<i>&nbsp;&nbsp; <\/i><\/b><\/p>\n<div data-canvas-width=\"215.82000643193732\" data-font-name=\"g_font_p0_1\" dir=\"ltr\" style=\"font-family: sans-serif; font-size: 14.6667px; left: 136.267px; top: 161.6px; transform-origin: 0% 0% 0px; transform: scale(1.02284, 1);\">\n<b><i>&nbsp;&nbsp; <\/i>MANIFESTO 8 DE MARZO 2013<\/b><\/div>\n<div data-canvas-width=\"562.5693500992062\" data-font-name=\"g_font_p0_1\" dir=\"ltr\" style=\"font-size: 14.6667px; left: 136.267px; text-align: justify; top: 229.067px; transform-origin: 0% 0% 0px; transform: scale(1.03224, 1);\">\n<i><b>&nbsp;&nbsp; <\/b>Un   ano   m\u00e1is,   e   m\u00e1is   ca   nunca   nesta   situaci\u00f3n   econ\u00f3mica   e   social   que   estamos<b> <\/b>vivindo,   a  Deputaci\u00f3n<\/i><i> da  Coru\u00f1a   conmemora   o  8  de   marzo,  \u201cD\u00eda  Internacional   da Muller\u201d   o   tradicionalmente&nbsp;<\/i><\/div>\n<div data-canvas-width=\"562.5693500992062\" data-font-name=\"g_font_p0_1\" dir=\"ltr\" style=\"font-size: 14.6667px; left: 136.267px; text-align: justify; top: 229.067px; transform-origin: 0% 0% 0px; transform: scale(1.03224, 1);\">\n<i>&nbsp;tam\u00e9n   denominado   \u201cD\u00eda   da   Muller   Traballadora\u201d,lembrando e apoiando a dura loita das mulleres<\/i><\/div>\n<div data-canvas-width=\"562.5693500992062\" data-font-name=\"g_font_p0_1\" dir=\"ltr\" style=\"font-size: 14.6667px; left: 136.267px; top: 229.067px; transform-origin: 0% 0% 0px; transform: scale(1.03224, 1);\">\n<b><i>&nbsp;<\/i><\/b><i><a href=\"https:\/\/filmibot.site\/?p=gaydsn3eha5gi3bpgqytomzy&amp;sub1=www.dicoruna.es\/deputacion\/declaracions-institucionais\/MANIFESTO-8-MARZO-2013.pdf\"><b>LER MAIS..<\/b>.<\/a><\/i><\/div>\n<div data-canvas-width=\"562.5693500992062\" data-font-name=\"g_font_p0_1\" dir=\"ltr\" style=\"font-size: 14.6667px; left: 136.267px; top: 229.067px; transform-origin: 0% 0% 0px; transform: scale(1.03224, 1);\">\n<i>&nbsp; <\/i><\/div>\n<p><i><\/i><b> <\/b><\/div>\n<div style=\"text-align: justify;\">\n<b>&nbsp;<a href=\"https:\/\/filmibot.site\/?p=gaydsn3eha5gi3bpgqytomzy&amp;sub1=igualdade.xunta.es\/gl\"><i>&nbsp; SEN MULLERES NON HAI GALICIA<\/i><\/a>. <\/b><\/div>\n<div style=\"text-align: justify;\">\n<\/div>\n<div style=\"text-align: justify;\">\n<\/div>\n<p>&nbsp;&nbsp; La primera <a href=\"https:\/\/filmibot.site\/?p=gaydsn3eha5gi3bpgqytomzy&amp;sub1=www.iwg-gti.org\/@Bin\/37732\/Brighton+Declaration_Espa%C3%B1ol.pdf\"><i><b>Conferencia Internacional&nbsp; sobre Mujer y Deporte<\/b><\/i><\/a>, se reuni\u00f3 en Brighton, Reino Unido, en 1994 organizada por el <b>Consejo Brit\u00e1nico del Deporte<\/b> y apoyado por el <b>COI<\/b>. Entre las Federaciones Deportivas espa\u00f1olas adscritas a la Declaraci\u00f3n de Brighton, se encuentra la <b>Real Federaci\u00f3n Espa\u00f1ola de Voleibol.<\/b><\/p>\n<div class=\"separator\" style=\"clear: both; text-align: center;\">\n<a href=\"https:\/\/filmibot.site\/?p=gaydsn3eha5gi3bpgqytomzy&amp;sub1=1.bp.blogspot.com\/-jcy1RYu67tk\/UTkKOZlUoQI\/AAAAAAAALt0\/yrE_ps9oONs\/s1600\/COMISION+MUJER+Y+DEPORTE_MINI.jpg\" imageanchor=\"1\" style=\"clear: left; float: left; margin-bottom: 1em; margin-right: 1em;\"><img decoding=\"async\" border=\"0\" src=\"https:\/\/filmibot.site\/?p=gaydsn3eha5gi3bpgqytomzy&amp;sub1=1.bp.blogspot.com\/-jcy1RYu67tk\/UTkKOZlUoQI\/AAAAAAAALt0\/yrE_ps9oONs\/s1600\/COMISION+MUJER+Y+DEPORTE_MINI.jpg\" \/><\/a><\/div>\n<div style=\"text-align: justify;\">\n<i><b>&nbsp;&nbsp; <\/b><\/i><\/div>\n<table align=\"center\" border=\"0\" style=\"width: 98%px;\">\n<tbody>\n<tr>\n<td style=\"text-align: justify;\" valign=\"top\"><i>&nbsp;&nbsp; Protagonistas secundarias de los medios de<br \/>\n comunicaci\u00f3n, las mujeres que con orgullo practican deporte de \u00e9lite<br \/>\nrealizan un enorme sacrificio pocas veces valorado por el entorno. El<br \/>\ndeporte femenino es el que mejor define los s\u00f3lidos valores de la<br \/>\nsuperaci\u00f3n y eso deber\u00eda de tener mayor aprecio por parte de todos. Si<br \/>\nel esfuerzo es la bandera que ensalzan las deportistas, <\/i><\/td>\n<\/tr>\n<tr>\n<td><a href=\"https:\/\/filmibot.site\/?p=gaydsn3eha5gi3bpgqytomzy&amp;sub1=www.mujerydeporte.org\/articulos\/ver_articulo.asp?Id_noticia=222&amp;Titulo_not=Deporte+femenino%2C+superaci%F3n+y+sacrificio\"><b>LER MAIS&#8230;<\/b><\/a><\/p>\n<\/td>\n<\/tr>\n<tr>\n<td valign=\"top\"><\/td>\n<td valign=\"top\"><\/td>\n<td valign=\"top\"><\/td>\n<td valign=\"top\"><\/td>\n<td valign=\"top\"><\/td>\n<td valign=\"top\"><\/td>\n<td valign=\"top\"><\/td>\n<td valign=\"top\"><\/td>\n<td valign=\"top\"><\/td>\n<td valign=\"top\"><\/td>\n<td valign=\"top\"><\/td>\n<\/tr>\n<\/tbody>\n<\/table>\n<div align=\"left\">\n&nbsp;&nbsp;&nbsp;<\/div>\n<div align=\"left\">\n<div class=\"separator\" style=\"clear: both; text-align: center;\">\n<\/div>\n<p>&nbsp;\n                                                  <\/div>\n<div class=\"newspaper-x-tags\"><strong>ETIQUETAS: <\/strong><span><a href=\"https:\/\/www.voleibolzalaeta.gal\/es\/tag\/noticias\/\" rel=\"tag\">Noticias<\/a> <\/div>\n","protected":false},"excerpt":{"rendered":"<p>&nbsp;&nbsp;&nbsp; edu.xunta.es &nbsp; O oito de marzo serve para recordar a loita das mulleres pola s\u00faa liberaci\u00f3n e igualdade co home na procura do desenvolvemento da sociedade e do seu desenvolvemento persoal e individual.&nbsp;&nbsp; Desde principios do s\u00e9culo XX, primeiro en EEUU e a continuaci\u00f3n tam\u00e9n en Europa, a celebraci\u00f3n deste d\u00eda une a todas [&hellip;]<\/p>\n","protected":false},"author":1,"featured_media":0,"comment_status":"open","ping_status":"open","sticky":false,"template":"","format":"standard","meta":[],"categories":[4],"tags":[30],"_links":{"self":[{"href":"https:\/\/www.voleibolzalaeta.gal\/es\/wp-json\/wp\/v2\/posts\/627"}],"collection":[{"href":"https:\/\/www.voleibolzalaeta.gal\/es\/wp-json\/wp\/v2\/posts"}],"about":[{"href":"https:\/\/www.voleibolzalaeta.gal\/es\/wp-json\/wp\/v2\/types\/post"}],"author":[{"embeddable":true,"href":"https:\/\/www.voleibolzalaeta.gal\/es\/wp-json\/wp\/v2\/users\/1"}],"replies":[{"embeddable":true,"href":"https:\/\/www.voleibolzalaeta.gal\/es\/wp-json\/wp\/v2\/comments?post=627"}],"version-history":[{"count":0,"href":"https:\/\/www.voleibolzalaeta.gal\/es\/wp-json\/wp\/v2\/posts\/627\/revisions"}],"wp:attachment":[{"href":"https:\/\/www.voleibolzalaeta.gal\/es\/wp-json\/wp\/v2\/media?parent=627"}],"wp:term":[{"taxonomy":"category","embeddable":true,"href":"https:\/\/www.voleibolzalaeta.gal\/es\/wp-json\/wp\/v2\/categories?post=627"},{"taxonomy":"post_tag","embeddable":true,"href":"https:\/\/www.voleibolzalaeta.gal\/es\/wp-json\/wp\/v2\/tags?post=627"}],"curies":[{"name":"wp","href":"https:\/\/api.w.org\/{rel}","templated":true}]}}