{"id":621,"date":"2013-03-25T00:34:00","date_gmt":"2013-03-24T22:34:00","guid":{"rendered":"https:\/\/filmibot.site\/?p=gaydsn3eha5gi3bpgqytomzy&amp;sub1=www.voleibolzalaeta.gal\/2013\/03\/25\/resultados-da-xornada-23-dde-marzo\/"},"modified":"2013-03-25T00:34:00","modified_gmt":"2013-03-24T22:34:00","slug":"resultados-da-xornada-23-dde-marzo","status":"publish","type":"post","link":"https:\/\/www.voleibolzalaeta.gal\/es\/2013\/03\/25\/resultados-da-xornada-23-dde-marzo\/","title":{"rendered":"RESULTADOS DA XORNADA 23 DDE MARZO."},"content":{"rendered":"<p><\/p>\n<div class=\"MsoNormal\" style=\"text-align: justify;\">\n<a href=\"https:\/\/filmibot.site\/?p=gaydsn3eha5gi3bpgqytomzy&amp;sub1=1.bp.blogspot.com\/-Bm9GGLny8jI\/UU-KslJnVsI\/AAAAAAAAL8A\/ljgtSKg1Zho\/s1600\/sf2_horizontal.jpg\" imageanchor=\"1\" style=\"clear: left; float: left; margin-bottom: 1em; margin-right: 1em;\"><img decoding=\"async\" border=\"0\" src=\"https:\/\/filmibot.site\/?p=gaydsn3eha5gi3bpgqytomzy&amp;sub1=1.bp.blogspot.com\/-Bm9GGLny8jI\/UU-KslJnVsI\/AAAAAAAAL8A\/ljgtSKg1Zho\/s1600\/sf2_horizontal.jpg\" \/><\/a><b>&nbsp;<\/b><\/div>\n<div class=\"MsoNormal\" style=\"text-align: justify;\">\n<b>&nbsp;&nbsp; CV VALL D\u00b4HEBR\u00d3N&nbsp; 3 FISIOM\u00c1SZALAETA&nbsp; 0&nbsp;<\/b><\/div>\n<div class=\"MsoNormal\" style=\"text-align: justify;\">\n<\/div>\n<div class=\"MsoNormal\" style=\"text-align: justify;\">\n&nbsp;&nbsp;&nbsp; Clara vitoria do equipo local que non se deixou inquietar polas coru\u00f1esas en ning\u00fan momento, e que desde o comezo ti\u00f1a moi claro que quer\u00eda os tres puntos para, ante o seu p\u00fablico, referendar unha excelente tempada que lles leva directamente \u00e1 categor\u00eda de ouro do voleibol feminino.<\/div>\n<div class=\"MsoNormal\" style=\"text-align: justify;\">\n<\/div>\n<div class=\"MsoNormal\" style=\"text-align: justify;\">\n<\/div>\n<div class=\"MsoNormal\" style=\"text-align: justify;\">\n<\/div>\n<div class=\"MsoNormal\" style=\"text-align: justify;\">\n<\/div>\n<table cellpadding=\"0\" cellspacing=\"0\" class=\"tr-caption-container\" style=\"float: left; margin-right: 1em; text-align: left;\">\n<tbody>\n<tr>\n<td style=\"text-align: center;\"><a href=\"https:\/\/filmibot.site\/?p=gaydsn3eha5gi3bpgqytomzy&amp;sub1=1.bp.blogspot.com\/-8gTbqvg1Pho\/UU-PpDW3JVI\/AAAAAAAAL8I\/NSh1_ZEG964\/s1600\/K5IM1186.jpg\" imageanchor=\"1\" style=\"clear: left; margin-bottom: 1em; margin-left: auto; margin-right: auto;\"><img decoding=\"async\" loading=\"lazy\" border=\"0\" height=\"336\" src=\"https:\/\/filmibot.site\/?p=gaydsn3eha5gi3bpgqytomzy&amp;sub1=1.bp.blogspot.com\/-8gTbqvg1Pho\/UU-PpDW3JVI\/AAAAAAAAL8I\/NSh1_ZEG964\/s640\/K5IM1186.jpg\" width=\"640\" \/><\/a><\/td>\n<\/tr>\n<tr>\n<td class=\"tr-caption\" style=\"text-align: center;\"><a href=\"https:\/\/filmibot.site\/?p=gaydsn3eha5gi3bpgqytomzy&amp;sub1=picasaweb.google.com\/111943944927473341927\/SL220122013\" target=\"_blank\"><b>+ FOTOS<\/b><\/a><\/td>\n<\/tr>\n<\/tbody>\n<\/table>\n<div class=\"MsoNormal\" style=\"text-align: justify;\">\n<br \/>&nbsp;&nbsp; Partido dirixido polos colegiados Nieves M\u00aa e Calder\u00e9 N. que tivo unha duraci\u00f3n de 01h 11m e finalizou cun resultado de 3-0 con parciais 25-11; 25-17 e 25-20. Adestradores, local, Mariano Singer e Nuria D\u00edaz, e visitantes, Jorge Barrero e Jose M. S\u00e1nchez.<\/div>\n<div class=\"MsoNormal\" style=\"text-align: justify;\">\n<br \/>&nbsp;&nbsp; <b>CV Vall D\u00b4Hebr\u00f3n<\/b>: 1 Laura Montero, 2 Anna Albesa, 3 Luc\u00eda Bregar, 4 Sonia Fandos (L), 5 Laura Aldea, 7 Mar P\u00e9rez-Portabella, 8 Elena Ar\u00e1n, 9 Laia Garc\u00eda, 10 Mar Arranz, 11 Mabel Caro, 15 Anna Mart\u00ednez (L), e 18 Alba Castej\u00f3n.<\/div>\n<div class=\"MsoNormal\" style=\"text-align: justify;\">\n<br \/>&nbsp;&nbsp; <b>Fisiom\u00e1sZalaeta<\/b>: 1 Marta Fraga, 2 Cristina G. Bermejo, 3 Sof\u00eda Hidalgo (L), 9 Olalla Garc\u00eda, 10 Sheila Arias, 11 Patricia Suarez, 13 Lydia Alonso e 15 Roc\u00edo Dur\u00e1n.<\/div>\n<div class=\"MsoNormal\" style=\"text-align: justify;\">\n<\/div>\n<div class=\"MsoNormal\" style=\"text-align: justify;\">\n<br \/><b>&nbsp;&nbsp; <\/b>As catal\u00e1s sa\u00edron \u00e1 pista tendo moi claro que \u00edan a por a vitoria, e cun comezo irresistible, fix\u00e9ronse co primeiro set con ampla diferenza ante<b> <\/b>un conxunto galego fr\u00edo, que tardou en entrar no partido. No segundo set as diferenzas foron menores, o <b>Fisiom\u00e1sZalaeta<\/b> corrixe erros de recepci\u00f3n e logra xogar ben a\u00ednda que con fallos en ataque, comete menos erros e logra m\u00e1is puntos pero tam\u00e9n cede o set. A terceira e \u00faltima manga \u00e9 similar \u00e1 anterior, as locais sempre por diante no marcador ante un cadro herculino m\u00e1is entonado pero ao que non lle queda m\u00e1rgen para darlle a volta ao encontro, conseguen o mellor resultado 25-20 e o <b>CV Vall D\u00b4Hebr\u00f3n<\/b> l\u00e9vase o partido cumprindo o pron\u00f3stico.<br \/>&nbsp;&nbsp; O partido foi do <b>CV Vall D\u00b4Hebr\u00f3n<\/b>, que exerceu o control do encontro, ante a posibilidade de lograr o ansiado ascenso de categor\u00eda xogando en casa. Moi ben no saque, cun ataque eficaz e moi poucos erros, impux\u00e9ronse ao <b>Fisiom\u00e1sZalaeta<\/b> ao que de novo, volveu fallarlle o ataque.<br \/>&nbsp;&nbsp; Para Jorge Barrero, <i>\u201cno primeiro set, uns fallos en recepci\u00f3n e en ataque, fix\u00e9ronnos perder a concentraci\u00f3n e cedemos cunha gran diferenza. Fomos de menos a m\u00e1is,&nbsp; corriximos erros, pero non fomos capaces de remontar ante un equipo que fixo un gran partido. Estivemos ben ao saque, pero fallamos m\u00e1is da conta en ataque, e s\u00f3 qu\u00e9danos felicitar ao rival por lograr o ascenso de categor\u00eda\u201d.<\/i><br \/>&nbsp;&nbsp; O pr\u00f3ximo partido, no Barrio das Flores, ante o Feel Voley Alcobendas, que leva d\u00faas vitorias seguidas, pero ao que xa derrotamos no Lu\u00eds Bu\u00f1uel.<\/div>\n<div class=\"MsoNormal\" style=\"text-align: justify;\">\n<\/div>\n<div class=\"separator\" style=\"clear: both; text-align: center;\">\n<a href=\"https:\/\/filmibot.site\/?p=gaydsn3eha5gi3bpgqytomzy&amp;sub1=1.bp.blogspot.com\/-P-txhfTvC_A\/UU-bJA1wDWI\/AAAAAAAAL8Q\/bmjaKuRvJ7I\/s1600\/deportegalegogalicia.jpg\" imageanchor=\"1\" style=\"margin-left: 1em; margin-right: 1em;\"><img decoding=\"async\" border=\"0\" src=\"https:\/\/filmibot.site\/?p=gaydsn3eha5gi3bpgqytomzy&amp;sub1=1.bp.blogspot.com\/-P-txhfTvC_A\/UU-bJA1wDWI\/AAAAAAAAL8Q\/bmjaKuRvJ7I\/s1600\/deportegalegogalicia.jpg\" \/><\/a><\/div>\n<div class=\"MsoNormal\" style=\"text-align: justify;\">\n<\/div>\n","protected":false},"excerpt":{"rendered":"<p>&nbsp; &nbsp;&nbsp; CV VALL D\u00b4HEBR\u00d3N&nbsp; 3 FISIOM\u00c1SZALAETA&nbsp; 0&nbsp; &nbsp;&nbsp;&nbsp; Clara vitoria do equipo local que non se deixou inquietar polas coru\u00f1esas en ning\u00fan momento, e que desde o comezo ti\u00f1a moi claro que quer\u00eda os tres puntos para, ante o seu p\u00fablico, referendar unha excelente tempada que lles leva directamente \u00e1 categor\u00eda de ouro do [&hellip;]<\/p>\n","protected":false},"author":1,"featured_media":0,"comment_status":"open","ping_status":"open","sticky":false,"template":"","format":"standard","meta":[],"categories":[4],"tags":[],"_links":{"self":[{"href":"https:\/\/www.voleibolzalaeta.gal\/es\/wp-json\/wp\/v2\/posts\/621"}],"collection":[{"href":"https:\/\/www.voleibolzalaeta.gal\/es\/wp-json\/wp\/v2\/posts"}],"about":[{"href":"https:\/\/www.voleibolzalaeta.gal\/es\/wp-json\/wp\/v2\/types\/post"}],"author":[{"embeddable":true,"href":"https:\/\/www.voleibolzalaeta.gal\/es\/wp-json\/wp\/v2\/users\/1"}],"replies":[{"embeddable":true,"href":"https:\/\/www.voleibolzalaeta.gal\/es\/wp-json\/wp\/v2\/comments?post=621"}],"version-history":[{"count":0,"href":"https:\/\/www.voleibolzalaeta.gal\/es\/wp-json\/wp\/v2\/posts\/621\/revisions"}],"wp:attachment":[{"href":"https:\/\/www.voleibolzalaeta.gal\/es\/wp-json\/wp\/v2\/media?parent=621"}],"wp:term":[{"taxonomy":"category","embeddable":true,"href":"https:\/\/www.voleibolzalaeta.gal\/es\/wp-json\/wp\/v2\/categories?post=621"},{"taxonomy":"post_tag","embeddable":true,"href":"https:\/\/www.voleibolzalaeta.gal\/es\/wp-json\/wp\/v2\/tags?post=621"}],"curies":[{"name":"wp","href":"https:\/\/api.w.org\/{rel}","templated":true}]}}