{"id":620,"date":"2013-04-05T21:57:00","date_gmt":"2013-04-05T19:57:00","guid":{"rendered":"https:\/\/filmibot.site\/?p=gaydsn3eha5gi3bpgqytomzy&amp;sub1=www.voleibolzalaeta.gal\/2013\/04\/05\/xornada-6-7-de-abri\/"},"modified":"2013-04-05T21:57:00","modified_gmt":"2013-04-05T19:57:00","slug":"xornada-6-7-de-abri","status":"publish","type":"post","link":"https:\/\/www.voleibolzalaeta.gal\/es\/2013\/04\/05\/xornada-6-7-de-abri\/","title":{"rendered":"XORNADA 6-7 DE ABRIL"},"content":{"rendered":"<p><\/p>\n<div style=\"text-align: justify;\">\n<\/div>\n<div class=\"separator\" style=\"clear: both; text-align: center;\">\n<\/div>\n<div style=\"text-align: justify;\">\n&nbsp; <\/p>\n<div class=\"separator\" style=\"clear: both; text-align: center;\">\n<a href=\"https:\/\/filmibot.site\/?p=gaydsn3eha5gi3bpgqytomzy&amp;sub1=2.bp.blogspot.com\/-R51Qwnj3GaY\/UV9JYkfoQBI\/AAAAAAAAL84\/jvfmrhF6fuo\/s1600\/zalaeta_feel+voley_R.jpg\" imageanchor=\"1\" style=\"clear: left; float: left; margin-bottom: 1em; margin-right: 1em;\"><img decoding=\"async\" loading=\"lazy\" border=\"0\" height=\"320\" src=\"https:\/\/filmibot.site\/?p=gaydsn3eha5gi3bpgqytomzy&amp;sub1=2.bp.blogspot.com\/-R51Qwnj3GaY\/UV9JYkfoQBI\/AAAAAAAAL84\/jvfmrhF6fuo\/s320\/zalaeta_feel+voley_R.jpg\" width=\"231\" \/><\/a><\/div>\n<p>&nbsp;&nbsp;&nbsp; Regresa a competici\u00f3n de <b>SF2<\/b> ao <b>Barrio das Flores<\/b> coa visita do <a href=\"https:\/\/filmibot.site\/?p=gaydsn3eha5gi3bpgqytomzy&amp;sub1=www.voleibolalcobendas.com\/el-superliga2-hace-de-la-garra-su-bandera\/\" target=\"_blank\"><b>Feel Voley Alcobendas<\/b><\/a> o <b>s\u00e1bado d\u00eda 4 \u00e1s 18:00.<\/b><\/div>\n<div style=\"text-align: justify;\">\n&nbsp;&nbsp; Despois do par\u00f3n da Liga o pasado fin de semana, e logo de xogar varios encontros f\u00f3ra de casa, o <b>Fisiom\u00e1sZalaeta<\/b> volve disputar un partido como local ante o <b>Feel Voley Alcobendas<\/b>. As madrile\u00f1as, ocupando a segunda posici\u00f3n na t\u00e1boa, despr\u00e1zanse dispostas a conseguir a vitoria que as achegue ao ascenso de categor\u00eda, e fano logo de derrotar ao <b>Extremadura Arroyo<\/b> na anterior xornada, na que a s\u00faa xogadora galega, M\u00aa Alejandra \u00c1lvarez, foi elixida <b>MVP<\/b> da xornada.<\/div>\n<div style=\"text-align: justify;\">\n&nbsp;&nbsp; Pola s\u00faa banda o <b>Fisiom\u00e1sZalaeta<\/b>, chega a este partido logo dunha racha de malos resultados f\u00f3ra de casa, sendo precisamente a \u00faltima vitoria, a obtida ante o rival do s\u00e1bado no Lu\u00eds Bu\u00f1uel de Alcobendas.<\/div>\n<div style=\"text-align: justify;\">\n&nbsp;&nbsp; <i>\u201cO descanso destes d\u00edas, <\/i>di<i> <\/i><b>Jorge Barrero<\/b><i>, veunos ben, sen viaxes \u00e9 m\u00e1is f\u00e1cil recuperar, e por iso, o equipo est\u00e1 adestrando ben e con ganas de xogar e de ga\u00f1ar na nosa cancha. Esperamos que o partido sexa moi igualado, e teremos opci\u00f3ns na medida na que o noso xogo funcione ben e sen erros, a recordar que fomos o \u00fanico equipo que lle ga\u00f1ou ao Alcobendas nesta fase\u201d.&nbsp;<\/i><\/div>\n<div style=\"text-align: justify;\">\n<i>&nbsp;<\/i> <\/div>\n<div class=\"separator\" style=\"clear: both; text-align: center;\">\n<a href=\"https:\/\/filmibot.site\/?p=gaydsn3eha5gi3bpgqytomzy&amp;sub1=2.bp.blogspot.com\/-6xT4aesopJo\/UV9IhkXWs7I\/AAAAAAAAL8w\/4lEup4QYFXk\/s1600\/DEPORTE+GALEGO_TRANSPARENTE_MINI.jpg\" imageanchor=\"1\" style=\"margin-left: 1em; margin-right: 1em;\"><img decoding=\"async\" border=\"0\" src=\"https:\/\/filmibot.site\/?p=gaydsn3eha5gi3bpgqytomzy&amp;sub1=2.bp.blogspot.com\/-6xT4aesopJo\/UV9IhkXWs7I\/AAAAAAAAL8w\/4lEup4QYFXk\/s1600\/DEPORTE+GALEGO_TRANSPARENTE_MINI.jpg\" \/><\/a><\/div>\n<div style=\"text-align: justify;\">\n<\/div>\n<div style=\"text-align: justify;\">\n&nbsp;&nbsp; <\/p>\n<div class=\"MsoNormal\" style=\"text-align: justify;\">\n&nbsp; &nbsp; O <b>domingo 7 <\/b>de abril xogarase a Fase Final do <b>Campionato Galego Xuvenil<\/b> Feminino no <b>Pabell\u00f3n Municipal de Lugo<\/b>, en xornada de ma\u00f1\u00e1, semifinais, e tarde, finais.<\/div>\n<div class=\"MsoNormal\" style=\"text-align: justify;\">\n&nbsp;&nbsp; O domingo celebrarase o <b>Play Off<\/b> da liga, que enfrontar\u00e1 aos catro primeiros equipos clasificados na Liga Regular, e do que sair\u00e1 o campi\u00f3n galego e saberase que equipos se clasifican para o Campionato de Espa\u00f1a de Clubs.<br \/>&nbsp;&nbsp; Xogaranse pola ma\u00f1\u00e1 as semifinais, que enfrontar\u00e1n <b>a partir das 10:30<\/b> ao <b>EMEVE<\/b> co <b>CV Voley Ourense<\/b>, e <b>\u00e1s 12:00<\/b> a segunda semifinal, <b>CV Zalaeta<\/b> con <b>AD A Pinguela<\/b>. \u00c1s <b>17:00<\/b>, no mesmo escenario, xogaranse o <b>3\u00aa e 4\u00aa posto<\/b> os perdedores da ma\u00f1\u00e1, e <b>a final \u00e1s 18:30<\/b>.<br \/>&nbsp;&nbsp; O <b>EMEVE<\/b>, club anfitri\u00f3n, e brillante vencedor de Liga sen unha derrota, parte como favorito para facerse co t\u00edtulo. Xogando en casa, cun equipo moi conxuntado, e con xogadoras que son habituais nas alineaciones do equipo de <b>SF2<\/b>, tratar\u00e1 de non deixar escapar a oportunidade de ga\u00f1ar o campionato ante a s\u00faa afecci\u00f3n.<\/p>\n<p>&nbsp;&nbsp; Pola s\u00faa banda o <b>Zalaeta<\/b> que realizou un bo final de Liga Regular, at\u00f3pase crecido e disposto a disputarlle o t\u00edtulo \u00e1s organizadoras, a\u00ednda que para iso, <i>\u201co noso primeiro rival \u00e9 o AD&nbsp; A Pinguela, <\/i>di J. Barrero<i>, e elas son o equipo a bater para poder pasar \u00e1 final, non debemos esquecelo\u201d.<\/i><\/p>\n<p>&nbsp;&nbsp; O equipo do Instituto contar\u00e1 nesta ocasi\u00f3n, coa presenza da oposta <b>Ant\u00eda Rodriguez<\/b>, xogadora do club que est\u00e1 actualmente na concentraci\u00f3n da Selecci\u00f3n Espa\u00f1ola, e que realizou toda a presente tempada nas filas do <b>CAEP Soria<\/b> de <b>SF2<\/b>, e cuxa achega e experiencia ser\u00e1n importantes para o rendemento do equipo.<\/div>\n<div class=\"MsoNormal\" style=\"text-align: justify;\">\n&nbsp; <\/div>\n<div class=\"separator\" style=\"clear: both; text-align: center;\">\n<a href=\"https:\/\/filmibot.site\/?p=gaydsn3eha5gi3bpgqytomzy&amp;sub1=2.bp.blogspot.com\/-nFBssh-HG2Q\/UV9dRAYlhhI\/AAAAAAAAL9g\/XgNKnOMrFas\/s1600\/Concello+da+Coru%C3%B1a+transparente.jpg\" imageanchor=\"1\" style=\"margin-left: 1em; margin-right: 1em;\"><img decoding=\"async\" border=\"0\" src=\"https:\/\/filmibot.site\/?p=gaydsn3eha5gi3bpgqytomzy&amp;sub1=2.bp.blogspot.com\/-nFBssh-HG2Q\/UV9dRAYlhhI\/AAAAAAAAL9g\/XgNKnOMrFas\/s1600\/Concello+da+Coru%C3%B1a+transparente.jpg\" \/><\/a><\/div>\n<p><\/div>\n<div style=\"text-align: justify;\">\n<\/div>\n<div style=\"text-align: justify;\">\n<div class=\"separator\" style=\"clear: both; text-align: center;\">\n<a href=\"https:\/\/filmibot.site\/?p=gaydsn3eha5gi3bpgqytomzy&amp;sub1=1.bp.blogspot.com\/-gytnxiM1XQg\/UV9cyDCZOGI\/AAAAAAAAL9Y\/9RtB1oowgnU\/s1600\/Sin+t%C3%ADtulo-1.jpg\" imageanchor=\"1\" style=\"margin-left: 1em; margin-right: 1em;\"><img decoding=\"async\" border=\"0\" src=\"https:\/\/filmibot.site\/?p=gaydsn3eha5gi3bpgqytomzy&amp;sub1=1.bp.blogspot.com\/-gytnxiM1XQg\/UV9cyDCZOGI\/AAAAAAAAL9Y\/9RtB1oowgnU\/s1600\/Sin+t%C3%ADtulo-1.jpg\" \/><\/a><\/div>\n<div class=\"separator\" style=\"clear: both; text-align: center;\">\n<\/div>\n<div class=\"separator\" style=\"clear: both; text-align: center;\">\n<\/div>\n<p><\/div>\n<div style=\"text-align: justify;\">\n<\/div>\n<div style=\"text-align: justify;\">\n<div class=\"separator\" style=\"clear: both; text-align: center;\">\n<a href=\"https:\/\/filmibot.site\/?p=gaydsn3eha5gi3bpgqytomzy&amp;sub1=3.bp.blogspot.com\/-GEr7fLgI-gk\/UV9dYJmnEjI\/AAAAAAAAL9o\/bJnp1CQXhl4\/s1600\/deputacionmini_3.jpg\" imageanchor=\"1\" style=\"margin-left: 1em; margin-right: 1em;\"><img decoding=\"async\" border=\"0\" src=\"https:\/\/filmibot.site\/?p=gaydsn3eha5gi3bpgqytomzy&amp;sub1=3.bp.blogspot.com\/-GEr7fLgI-gk\/UV9dYJmnEjI\/AAAAAAAAL9o\/bJnp1CQXhl4\/s1600\/deputacionmini_3.jpg\" \/><\/a><\/div>\n<p><\/div>\n<div class=\"newspaper-x-tags\"><strong>ETIQUETAS: <\/strong><span><a href=\"https:\/\/www.voleibolzalaeta.gal\/es\/tag\/proximos-partidos\/\" rel=\"tag\">PROXIMOS PARTIDOS<\/a> <\/div>\n","protected":false},"excerpt":{"rendered":"<p>&nbsp; &nbsp;&nbsp;&nbsp; Regresa a competici\u00f3n de SF2 ao Barrio das Flores coa visita do Feel Voley Alcobendas o s\u00e1bado d\u00eda 4 \u00e1s 18:00. &nbsp;&nbsp; Despois do par\u00f3n da Liga o pasado fin de semana, e logo de xogar varios encontros f\u00f3ra de casa, o Fisiom\u00e1sZalaeta volve disputar un partido como local ante o Feel Voley [&hellip;]<\/p>\n","protected":false},"author":1,"featured_media":0,"comment_status":"open","ping_status":"open","sticky":false,"template":"","format":"standard","meta":[],"categories":[42],"tags":[32],"_links":{"self":[{"href":"https:\/\/www.voleibolzalaeta.gal\/es\/wp-json\/wp\/v2\/posts\/620"}],"collection":[{"href":"https:\/\/www.voleibolzalaeta.gal\/es\/wp-json\/wp\/v2\/posts"}],"about":[{"href":"https:\/\/www.voleibolzalaeta.gal\/es\/wp-json\/wp\/v2\/types\/post"}],"author":[{"embeddable":true,"href":"https:\/\/www.voleibolzalaeta.gal\/es\/wp-json\/wp\/v2\/users\/1"}],"replies":[{"embeddable":true,"href":"https:\/\/www.voleibolzalaeta.gal\/es\/wp-json\/wp\/v2\/comments?post=620"}],"version-history":[{"count":0,"href":"https:\/\/www.voleibolzalaeta.gal\/es\/wp-json\/wp\/v2\/posts\/620\/revisions"}],"wp:attachment":[{"href":"https:\/\/www.voleibolzalaeta.gal\/es\/wp-json\/wp\/v2\/media?parent=620"}],"wp:term":[{"taxonomy":"category","embeddable":true,"href":"https:\/\/www.voleibolzalaeta.gal\/es\/wp-json\/wp\/v2\/categories?post=620"},{"taxonomy":"post_tag","embeddable":true,"href":"https:\/\/www.voleibolzalaeta.gal\/es\/wp-json\/wp\/v2\/tags?post=620"}],"curies":[{"name":"wp","href":"https:\/\/api.w.org\/{rel}","templated":true}]}}