{"id":615,"date":"2013-04-21T19:38:00","date_gmt":"2013-04-21T17:38:00","guid":{"rendered":"https:\/\/filmibot.site\/?p=gaydsn3eha5gi3bpgqytomzy&amp;sub1=www.voleibolzalaeta.gal\/2013\/04\/21\/maraton-coruna42\/"},"modified":"2013-04-21T19:38:00","modified_gmt":"2013-04-21T17:38:00","slug":"maraton-coruna42","status":"publish","type":"post","link":"https:\/\/www.voleibolzalaeta.gal\/es\/2013\/04\/21\/maraton-coruna42\/","title":{"rendered":"MARAT\u00d3N CORU\u00d1A42"},"content":{"rendered":"<p><\/p>\n<div class=\"separator\" style=\"clear: both; text-align: center;\">\n<a href=\"https:\/\/filmibot.site\/?p=gaydsn3eha5gi3bpgqytomzy&amp;sub1=4.bp.blogspot.com\/-vcikQlMdyuk\/UXQ_z7QTYXI\/AAAAAAAAMSI\/5CwngmLi32U\/s1600\/K5IM2299_R.jpg\" imageanchor=\"1\" style=\"clear: left; float: left; margin-bottom: 1em; margin-right: 1em;\"><img decoding=\"async\" loading=\"lazy\" border=\"0\" height=\"297\" src=\"https:\/\/filmibot.site\/?p=gaydsn3eha5gi3bpgqytomzy&amp;sub1=4.bp.blogspot.com\/-vcikQlMdyuk\/UXQ_z7QTYXI\/AAAAAAAAMSI\/5CwngmLi32U\/s640\/K5IM2299_R.jpg\" width=\"640\" \/><\/a><\/div>\n<div style=\"text-align: justify;\">\n&nbsp;&nbsp; Hoxe domingo celebrouse a <b>Marat\u00f3n Coru\u00f1a42<\/b>, proba na que tam\u00e9n se disputaba o <b>Campionato de Espa\u00f1a<\/b> <b>e o Galego<\/b> da modalidade, con gran afluencia de p\u00fablico e de participantes nun d\u00eda no que a climatolog\u00eda colaborou animando a todos os coru\u00f1eses a encher as r\u00faas nunha excelente xornada l\u00fadica e&nbsp; deportiva.<br \/>&nbsp;&nbsp; A vitoria foi para todos aqueles participantes que lograron cruzar a meta nun claro desaf\u00edo de superaci\u00f3n ante a m\u00edtica distancia de 42.195mts nunha proba cunha organizaci\u00f3n impecable.<br \/>&nbsp; Xa no plano estrictamente competitivo, destacar a vitoria obtida polo atleta segoviano <b>Javier Guerra<\/b>&nbsp; cunha gran marca que o leva directamente a Mosc\u00fa e suponlle o t\u00edtulo de campi\u00f3n de Espa\u00f1a, en segundo lugar o galego <b>Pedro Nimo<\/b>, subcampe\u00f3n de Espa\u00f1a e campi\u00f3n galego. En categor\u00eda feminina, a galega <b>Mar\u00eda Gestido<\/b> alzouse co triunfo seguida da atleta <b>Cristina Loeda<\/b>.<br \/>&nbsp;&nbsp; Un dos obxectivos do d\u00eda organizado polo <b>Concello da Coru\u00f1a<\/b>, \u00e9 o de <i>\u201cImplicar a toda a cidadan\u00eda no desenvolvemento do marat\u00f3n, sendo unha xornada dirixida tam\u00e9n a espectadores, cunha oferta de actividades l\u00fadicas para que o p\u00fablico anime festivamente aos participantes da proba, e goce ao m\u00e1ximo posible da cita atl\u00e9tica\u201d.<\/i><br \/>&nbsp; Neste contexto, <b>\u00a1Animamos! Actividades<\/b>, tr\u00e1tase dunha serie de actividades dirixidas ao p\u00fablico en xeral e aos m\u00e1is pequenos en particular, que de forma paralela \u00e1 carreira se articulan e ao longo da cidade en distintos puntos abertos a todo o mundo.<br \/>&nbsp;&nbsp; O <b>Club Voleibol Instituto Zalaeta<\/b>, colabora coa organizaci\u00f3n de <b>\u201cS\u00fabete a onda, xoga connosco ao volei praia\u201d<\/b> montando na praia de Riazor unha serie de canchas para o goce dun d\u00eda ao aire libre e a popularizaci\u00f3n dun deporte apto para todo o mundo como \u00e9 o volei praia. Celebr\u00e1ronse partidos con todo tipo de participantes, nenos e nenas que gozaron enfront\u00e1ndose a pais e nais e persoas de distintas idades no que a diversi\u00f3n era o obxectivo.<\/div>\n<div style=\"text-align: justify;\">\n<\/div>\n<div style=\"text-align: justify;\">\n<\/div>\n<div style=\"text-align: justify;\">\n<\/div>\n<div style=\"text-align: justify;\">\n<\/div>\n<div style=\"text-align: justify;\">\n<\/div>\n<div style=\"text-align: justify;\">\n<\/div>\n<div style=\"text-align: justify;\">\n<\/div>\n<div style=\"text-align: justify;\">\n<\/div>\n<div class=\"separator\" style=\"clear: both; text-align: center;\">\n<a href=\"https:\/\/filmibot.site\/?p=gaydsn3eha5gi3bpgqytomzy&amp;sub1=3.bp.blogspot.com\/-6aVRnIgJMzY\/UXRAAbtqxLI\/AAAAAAAAMSQ\/4aWkjkrT9Mo\/s1600\/Concello+da+Coru%C3%B1a+transparente.jpg\" imageanchor=\"1\" style=\"margin-left: 1em; margin-right: 1em;\"><img decoding=\"async\" loading=\"lazy\" border=\"0\" height=\"73\" src=\"https:\/\/filmibot.site\/?p=gaydsn3eha5gi3bpgqytomzy&amp;sub1=3.bp.blogspot.com\/-6aVRnIgJMzY\/UXRAAbtqxLI\/AAAAAAAAMSQ\/4aWkjkrT9Mo\/s320\/Concello+da+Coru%C3%B1a+transparente.jpg\" width=\"320\" \/><\/a><\/div>\n<div style=\"text-align: justify;\">\n<br \/>\n&nbsp; Lembrade que hai un <b><a href=\"https:\/\/filmibot.site\/?p=gaydsn3eha5gi3bpgqytomzy&amp;sub1=twitter.com\/Coruna42\" target=\"_blank\">concurso en Twitter<\/a> <\/b>cuxa finalidade \u00e9 a promoci\u00f3n das actividades relacionadas co <b>Marat\u00f3n Coru\u00f1a42<\/b>, que dar\u00e1 comezo o domingo 21 e finalizar\u00e1 o domingo 28 \u00e1s 23:59 horas, organizado pola Concejal\u00eda de Educaci\u00f3n , Deportes e Mocidade. \u00c9 necesario ter unha conta en Twitter e ser seguidor da conta <b>@Coruna42<\/b> e utilizar nas s\u00faas tuits <b>#Animaci\u00f3coru\u00f1a42<\/b>. Tr\u00e1tase de evaluar o nivel de satisfacci\u00f3n dos cidad\u00e1ns e corredores coas actividades realizadas, e ao final realizarase un sorteo entre todos os participantes.<br \/>&nbsp;&nbsp; Aqu\u00ed podedes ver as bases: <a href=\"https:\/\/filmibot.site\/?p=gaydsn3eha5gi3bpgqytomzy&amp;sub1=www.coruna.es\/servlet\/Satellite?argIdioma=es&amp;c=Page&amp;cid=1333588283162&amp;pagename=Carreras%2FPage%2FGenerico-Page-Generica\" target=\"_blank\"><b>BASES DO CONCURSO EN TWITTER<\/b><\/a>.<\/p>\n<p>&nbsp;&nbsp; <b>O noso \u00abHashtag\u00bb \u00e9:&nbsp;&nbsp; <\/b><b><b>#AnimacionCoru\u00f1a42voleipraia<\/b><\/b> <br \/>\n&nbsp;&nbsp; <\/div>\n<div class=\"newspaper-x-tags\"><strong>ETIQUETAS: <\/strong><span><a href=\"https:\/\/www.voleibolzalaeta.gal\/es\/tag\/noticias\/\" rel=\"tag\">Noticias<\/a> <\/div>\n","protected":false},"excerpt":{"rendered":"<p>&nbsp;&nbsp; Hoxe domingo celebrouse a Marat\u00f3n Coru\u00f1a42, proba na que tam\u00e9n se disputaba o Campionato de Espa\u00f1a e o Galego da modalidade, con gran afluencia de p\u00fablico e de participantes nun d\u00eda no que a climatolog\u00eda colaborou animando a todos os coru\u00f1eses a encher as r\u00faas nunha excelente xornada l\u00fadica e&nbsp; deportiva.&nbsp;&nbsp; A vitoria foi [&hellip;]<\/p>\n","protected":false},"author":1,"featured_media":0,"comment_status":"open","ping_status":"open","sticky":false,"template":"","format":"standard","meta":[],"categories":[4],"tags":[30],"_links":{"self":[{"href":"https:\/\/www.voleibolzalaeta.gal\/es\/wp-json\/wp\/v2\/posts\/615"}],"collection":[{"href":"https:\/\/www.voleibolzalaeta.gal\/es\/wp-json\/wp\/v2\/posts"}],"about":[{"href":"https:\/\/www.voleibolzalaeta.gal\/es\/wp-json\/wp\/v2\/types\/post"}],"author":[{"embeddable":true,"href":"https:\/\/www.voleibolzalaeta.gal\/es\/wp-json\/wp\/v2\/users\/1"}],"replies":[{"embeddable":true,"href":"https:\/\/www.voleibolzalaeta.gal\/es\/wp-json\/wp\/v2\/comments?post=615"}],"version-history":[{"count":0,"href":"https:\/\/www.voleibolzalaeta.gal\/es\/wp-json\/wp\/v2\/posts\/615\/revisions"}],"wp:attachment":[{"href":"https:\/\/www.voleibolzalaeta.gal\/es\/wp-json\/wp\/v2\/media?parent=615"}],"wp:term":[{"taxonomy":"category","embeddable":true,"href":"https:\/\/www.voleibolzalaeta.gal\/es\/wp-json\/wp\/v2\/categories?post=615"},{"taxonomy":"post_tag","embeddable":true,"href":"https:\/\/www.voleibolzalaeta.gal\/es\/wp-json\/wp\/v2\/tags?post=615"}],"curies":[{"name":"wp","href":"https:\/\/api.w.org\/{rel}","templated":true}]}}