{"id":614,"date":"2013-04-22T22:45:00","date_gmt":"2013-04-22T20:45:00","guid":{"rendered":"https:\/\/filmibot.site\/?p=gaydsn3eha5gi3bpgqytomzy&amp;sub1=www.voleibolzalaeta.gal\/2013\/04\/22\/xxxvi-campionato-de-espana-xuveni\/"},"modified":"2013-04-22T22:45:00","modified_gmt":"2013-04-22T20:45:00","slug":"xxxvi-campionato-de-espana-xuveni","status":"publish","type":"post","link":"https:\/\/www.voleibolzalaeta.gal\/es\/2013\/04\/22\/xxxvi-campionato-de-espana-xuveni\/","title":{"rendered":""},"content":{"rendered":"<h3>\n&nbsp;&nbsp; XXXVI CAMPIONATO DE ESPA\u00d1A XUVENIL FEMININO 2013<\/h3>\n<h3>\n&nbsp;<\/h3>\n<div class=\"separator\" style=\"clear: both; text-align: center;\">\n<a href=\"https:\/\/filmibot.site\/?p=gaydsn3eha5gi3bpgqytomzy&amp;sub1=4.bp.blogspot.com\/-huZ-ekCpF3Q\/UXW1sfhUE4I\/AAAAAAAAMSw\/3ocZQyjRvks\/s1600\/K5IM1829_R.jpg\" imageanchor=\"1\" style=\"clear: left; float: left; margin-bottom: 1em; margin-right: 1em;\"><img decoding=\"async\" loading=\"lazy\" border=\"0\" height=\"428\" src=\"https:\/\/filmibot.site\/?p=gaydsn3eha5gi3bpgqytomzy&amp;sub1=4.bp.blogspot.com\/-huZ-ekCpF3Q\/UXW1sfhUE4I\/AAAAAAAAMSw\/3ocZQyjRvks\/s640\/K5IM1829_R.jpg\" width=\"640\" \/><\/a><\/div>\n<div class=\"separator\" style=\"clear: both; text-align: center;\">\n<\/div>\n<div style=\"text-align: justify;\">\n<br \/>&nbsp;&nbsp; Esta semana comeza o <a href=\"https:\/\/filmibot.site\/?p=gaydsn3eha5gi3bpgqytomzy&amp;sub1=www.rfevb.com\/home\/cnac\/juv\/1213\/cejf_sorteo.pdf\" target=\"_blank\"><b>Campionato de Espa\u00f1a Xuvenil Feminino<\/b><\/a> de Clubs que se celebrar\u00e1 en <b>Murcia do 24 ao 28 de Abril<\/b> no que participar\u00e1n os equipos galegos <b>EMEVE<\/b> de Lugo e o <b>CVI Zalaeta<\/b> da Coru\u00f1a logo de lograr a s\u00faa clasificaci\u00f3n para esta fase final. En total competir\u00e1n 24 equipos repartidos en seis grupos, da \u00c1 a F, quedando o <b>Fisiom\u00e1sZalaeta<\/b> encadrado no <b>grupo C<\/b> no que competir\u00e1n con <b>CC 7 Palmas GC 2014<\/b>, <b>Benejuzar VB Club<\/b> e <b>SCD Ribadesella<\/b>.<br \/>&nbsp;&nbsp; A competici\u00f3n comezar\u00e1 o m\u00e9rcores 24 e o <b>CVI Zalaeta<\/b> xogar\u00e1 os seus partidos desta primeira eliminatoria no <b>Pabell\u00f3n de Espinardo<\/b>, Espinardo, Murcia. Os dous primeiros clasificados de cada grupo, pasar\u00e1n \u00e1 seguinte eliminatoria na que se xogar\u00e1n os postos do 1\u00ba ao 12\u00ba, e os clasificados 3\u00ba e 4\u00ba de grupo, pasaran a loitar polos postos do 13\u00ba ao 24\u00ba.&nbsp;<\/div>\n<div style=\"text-align: justify;\">\n&nbsp; A expedici\u00f3n coru\u00f1esa partir\u00e1 o martes para Murcia, e tratar\u00e1 de superar o 9\u00ba posto , a s\u00faa mellor posici\u00f3n das \u00faltimas participaci\u00f3ns. Para iso, o equipo dirixido por <b>Jorge Barrero<\/b>, moi centrado neste final de tempada en lograr o seu mellor momento de forma e sen ningunha baixa, parte coa intenci\u00f3n de realizar un bo campionato no que non descarta nada, e cuxo primeiro obxectivo pasa por clasificarse primeiro ou segundo do grupo C, no que se enfrontar\u00e1n no primeiro encontro \u00e1s canarias que inicialmente entran no grupo de favoritas.<br \/>&nbsp;&nbsp; Destacar que para esta ocasi\u00f3n, o equipo contar\u00e1 coa incorporaci\u00f3n da xogadora coru\u00f1esa <b>Ant\u00eda Rodriguez<\/b>, que xa participou no Campionato Galego, e do recente fichaje do Zalaeta, <b>Amelia Portero<\/b>, ambas xogadoras na concentraci\u00f3n permanente da Selecci\u00f3n Espa\u00f1ola en Soria, e competindo a presente tempada no <b>CAEP Soria <\/b>de <b>SF2.<\/b><\/div>\n<div style=\"text-align: justify;\">\n<\/div>\n<div class=\"separator\" style=\"clear: both; text-align: center;\">\n<a href=\"https:\/\/filmibot.site\/?p=gaydsn3eha5gi3bpgqytomzy&amp;sub1=2.bp.blogspot.com\/-oqGq1AY_MBI\/UXW9UNEU0xI\/AAAAAAAAMS4\/qv8fDxfugf8\/s1600\/deportegalegogalicia.jpg\" imageanchor=\"1\" style=\"margin-left: 1em; margin-right: 1em;\"><img decoding=\"async\" border=\"0\" src=\"https:\/\/filmibot.site\/?p=gaydsn3eha5gi3bpgqytomzy&amp;sub1=2.bp.blogspot.com\/-oqGq1AY_MBI\/UXW9UNEU0xI\/AAAAAAAAMS4\/qv8fDxfugf8\/s1600\/deportegalegogalicia.jpg\" \/><\/a><\/div>\n<div style=\"text-align: justify;\">\n<b>&nbsp; <\/b><\/div>\n<div class=\"newspaper-x-tags\"><strong>ETIQUETAS: <\/strong><span><a href=\"https:\/\/www.voleibolzalaeta.gal\/es\/tag\/noticias\/\" rel=\"tag\">Noticias<\/a> <\/div>\n","protected":false},"excerpt":{"rendered":"<p>&nbsp;&nbsp; XXXVI CAMPIONATO DE ESPA\u00d1A XUVENIL FEMININO 2013 &nbsp; &nbsp;&nbsp; Esta semana comeza o Campionato de Espa\u00f1a Xuvenil Feminino de Clubs que se celebrar\u00e1 en Murcia do 24 ao 28 de Abril no que participar\u00e1n os equipos galegos EMEVE de Lugo e o CVI Zalaeta da Coru\u00f1a logo de lograr a s\u00faa clasificaci\u00f3n para esta [&hellip;]<\/p>\n","protected":false},"author":1,"featured_media":0,"comment_status":"open","ping_status":"open","sticky":false,"template":"","format":"standard","meta":[],"categories":[4],"tags":[30],"_links":{"self":[{"href":"https:\/\/www.voleibolzalaeta.gal\/es\/wp-json\/wp\/v2\/posts\/614"}],"collection":[{"href":"https:\/\/www.voleibolzalaeta.gal\/es\/wp-json\/wp\/v2\/posts"}],"about":[{"href":"https:\/\/www.voleibolzalaeta.gal\/es\/wp-json\/wp\/v2\/types\/post"}],"author":[{"embeddable":true,"href":"https:\/\/www.voleibolzalaeta.gal\/es\/wp-json\/wp\/v2\/users\/1"}],"replies":[{"embeddable":true,"href":"https:\/\/www.voleibolzalaeta.gal\/es\/wp-json\/wp\/v2\/comments?post=614"}],"version-history":[{"count":0,"href":"https:\/\/www.voleibolzalaeta.gal\/es\/wp-json\/wp\/v2\/posts\/614\/revisions"}],"wp:attachment":[{"href":"https:\/\/www.voleibolzalaeta.gal\/es\/wp-json\/wp\/v2\/media?parent=614"}],"wp:term":[{"taxonomy":"category","embeddable":true,"href":"https:\/\/www.voleibolzalaeta.gal\/es\/wp-json\/wp\/v2\/categories?post=614"},{"taxonomy":"post_tag","embeddable":true,"href":"https:\/\/www.voleibolzalaeta.gal\/es\/wp-json\/wp\/v2\/tags?post=614"}],"curies":[{"name":"wp","href":"https:\/\/api.w.org\/{rel}","templated":true}]}}