{"id":610,"date":"2013-05-07T22:15:00","date_gmt":"2013-05-07T20:15:00","guid":{"rendered":"https:\/\/filmibot.site\/?p=gaydsn3eha5gi3bpgqytomzy&amp;sub1=www.voleibolzalaeta.gal\/2013\/05\/07\/fase-de-ascenso-primera-division-coruna\/"},"modified":"2013-05-07T22:15:00","modified_gmt":"2013-05-07T20:15:00","slug":"fase-de-ascenso-primera-division-coruna","status":"publish","type":"post","link":"https:\/\/www.voleibolzalaeta.gal\/es\/2013\/05\/07\/fase-de-ascenso-primera-division-coruna\/","title":{"rendered":"FASE DE ASCENSO A PRIMERA DIVISI\u00d3N A CORU\u00d1A 2013"},"content":{"rendered":"<div style=\"text-align: justify;\">\n<\/div>\n<div style=\"text-align: justify;\">\n<\/div>\n<div class=\"separator\" style=\"clear: both; text-align: center;\">\n<a href=\"https:\/\/filmibot.site\/?p=gaydsn3eha5gi3bpgqytomzy&amp;sub1=2.bp.blogspot.com\/-FL9QruI8xCo\/UYl73Zs0u3I\/AAAAAAAAMjY\/3ZFr2CePLqo\/s1600\/Faseascenso2013_R2.jpg\" imageanchor=\"1\" style=\"clear: left; float: left; margin-bottom: 1em; margin-right: 1em;\"><img decoding=\"async\" loading=\"lazy\" border=\"0\" height=\"400\" src=\"https:\/\/filmibot.site\/?p=gaydsn3eha5gi3bpgqytomzy&amp;sub1=2.bp.blogspot.com\/-FL9QruI8xCo\/UYl73Zs0u3I\/AAAAAAAAMjY\/3ZFr2CePLqo\/s400\/Faseascenso2013_R2.jpg\" width=\"265\" \/><\/a><\/div>\n<div class=\"MsoNormal\" style=\"text-align: justify;\">\n&nbsp;&nbsp;<\/div>\n<div class=\"MsoNormal\" style=\"text-align: justify;\">\n&nbsp;&nbsp;<\/div>\n<div class=\"MsoNormal\" style=\"text-align: justify;\">\n&nbsp;&nbsp; De nuevo el <b>CVI Zalaeta<\/b> organiza la <b>Fase de<br \/>\nAscenso a 1\u00aa Divisi\u00f3n Femenina de Voleibol, Sector A<\/b>, en el que se encuentra<br \/>\nencuadrado la 2\u00aa Divisi\u00f3n A gallega.<\/div>\n<div class=\"MsoNormal\" style=\"text-align: justify;\">\n&nbsp;&nbsp; Con<br \/>\nel patrocinio del <b>Ayuntamiento de A Coru\u00f1a<\/b>, una vez m\u00e1s, nuestra ciudad se<br \/>\nconvertir\u00e1 por unos d\u00edas en la capital del Voleibol Femenino acogiendo a los<br \/>\nm\u00e1s destacado equipos de la especialidad del Noroeste espa\u00f1ol, que durante los<br \/>\n<b>d\u00edas<\/b> <b>10, 11 y 12<\/b> luchar\u00e1n por una plaza en la 1\u00aa Divisi\u00f3n, antesala de las<br \/>\ncategor\u00edas de \u00e9lite del voleibol nacional.<\/div>\n<div class=\"MsoNormal\" style=\"text-align: justify;\">\n&nbsp;&nbsp;<br \/>\nLos equipos participantes ser\u00e1n: <b>Universidad de Burgos<\/b>, Campe\u00f3n de<br \/>\nCastilla y Le\u00f3n; <b>RGC Covadonga<\/b> y <b>CV LA Calzada<\/b>, 1\u00ba y 2\u00ba, respectivamente del<br \/>\nPrincipado de Asturias; <b>CV Laredo<\/b> campe\u00f3n de la divisi\u00f3n Cantabria-LA<br \/>\nRioja-Pais Vasco y los equipos locales, <b>Autos Rico UDC<\/b> y <b>CVI Zalaeta<\/b>, campe\u00f3n y<br \/>\nsubcampe\u00f3n respectivamente de Galicia.<\/div>\n<div class=\"MsoNormal\" style=\"text-align: justify;\">\n&nbsp;&nbsp;<br \/>\nLos partidos se desarrollar\u00e1n en el <b>Polideportivo del Barrio de las<br \/>\nFlores<\/b>, c\/ Petunias, n\u00ba6, A Coru\u00f1a, Telf. 981 18 98 06, en jornada de ma\u00f1ana y<br \/>\ntarde, excepto el domingo 12, que ser\u00e1 solamente de ma\u00f1ana. El sistema de<br \/>\ncompetici\u00f3n ser\u00e1 de todos contra todos a una vuelta, y el sitema de puntuaci\u00f3n<br \/>\nser\u00e1 el mismo que rige en Superliga. El equipo campe\u00f3n ascender\u00e1 directamente a<br \/>\nPrimera Divisi\u00f3n.<\/div>\n<div class=\"MsoNormal\" style=\"text-align: justify;\">\n<\/div>\n<div class=\"MsoNormal\" style=\"text-align: justify;\">\n&nbsp;&nbsp; El<br \/>\ncalendario ser\u00e1 el siguiente:<\/div>\n<div class=\"MsoNormal\" style=\"text-align: justify;\">\n<\/div>\n<div class=\"MsoNormal\" style=\"text-align: justify;\">\n<i><b>Viernes 10 de Mayo<\/b><\/i><\/div>\n<div class=\"MsoNormal\" style=\"text-align: justify;\">\n<\/div>\n<div style=\"text-align: justify;\">\n<\/div>\n<div class=\"MsoNormal\" style=\"text-align: justify;\">\n<i>Jornada 1<\/i>&nbsp;&nbsp;&nbsp;&nbsp;&nbsp; 09:00&nbsp;&nbsp;&nbsp;&nbsp;&nbsp;&nbsp;&nbsp; CV La Calzada &nbsp;&nbsp;&nbsp;&nbsp;&nbsp;&nbsp;&nbsp; RGC Covadonga<\/div>\n<div style=\"text-align: justify;\">\n<\/div>\n<div class=\"MsoNormal\" style=\"text-align: justify;\">\n&nbsp;&nbsp;&nbsp;&nbsp;&nbsp;&nbsp;&nbsp;&nbsp;&nbsp;&nbsp;&nbsp;&nbsp;&nbsp; &nbsp;&nbsp;&nbsp;&nbsp; 11:00&nbsp;&nbsp;&nbsp;&nbsp;&nbsp;&nbsp;&nbsp; CV Laredo &nbsp; &nbsp;&nbsp;&nbsp;&nbsp;&nbsp;&nbsp;&nbsp;&nbsp;&nbsp;&nbsp;&nbsp; Universidad<br \/>\nBurgos<\/div>\n<div style=\"text-align: justify;\">\n<\/div>\n<div class=\"MsoNormal\" style=\"text-align: justify;\">\n&nbsp;&nbsp;&nbsp;&nbsp;&nbsp;&nbsp;&nbsp;&nbsp;&nbsp;&nbsp;&nbsp;&nbsp;&nbsp; &nbsp;&nbsp;&nbsp;&nbsp; 13:00&nbsp;&nbsp;&nbsp;&nbsp;&nbsp;&nbsp;&nbsp; CVI Zalaeta&nbsp;&nbsp;&nbsp;&nbsp;&nbsp;&nbsp;&nbsp;&nbsp;&nbsp;&nbsp;&nbsp;&nbsp; Autos Rico UDC<\/div>\n<div class=\"MsoNormal\" style=\"text-align: justify;\">\n<\/div>\n<div style=\"text-align: justify;\">\n<\/div>\n<div class=\"MsoNormal\" style=\"text-align: justify;\">\n<i>Jornada 2<\/i><i>&nbsp;&nbsp;&nbsp;<\/i>&nbsp;&nbsp;<br \/>\n16:30&nbsp;&nbsp;&nbsp;&nbsp;&nbsp;&nbsp;&nbsp; CV La<br \/>\nCalzada&nbsp;&nbsp;&nbsp;&nbsp;&nbsp;&nbsp;&nbsp;&nbsp; CV Laredo<\/div>\n<div style=\"text-align: justify;\">\n<\/div>\n<div class=\"MsoNormal\" style=\"text-align: justify;\">\n&nbsp;&nbsp;&nbsp;&nbsp;&nbsp;&nbsp;&nbsp;&nbsp;&nbsp;&nbsp;&nbsp;&nbsp;&nbsp;&nbsp;&nbsp;&nbsp;&nbsp;&nbsp;&nbsp;18:30&nbsp;&nbsp;&nbsp;&nbsp;&nbsp;&nbsp;&nbsp;<br \/>\nRGC Covadonga&nbsp;&nbsp;&nbsp;&nbsp; &nbsp; Autos Rico UDC<\/div>\n<div style=\"text-align: justify;\">\n<\/div>\n<div class=\"MsoNormal\" style=\"text-align: justify;\">\n&nbsp;&nbsp;&nbsp;&nbsp;&nbsp;&nbsp;&nbsp;&nbsp;&nbsp;&nbsp;&nbsp;&nbsp;&nbsp;&nbsp;&nbsp;&nbsp;&nbsp;&nbsp;&nbsp;20:30&nbsp;&nbsp;&nbsp;&nbsp;&nbsp;&nbsp;&nbsp; Universidad<br \/>\nBurgos&nbsp;&nbsp; CVI Zalaeta&nbsp;<\/div>\n<div class=\"MsoNormal\" style=\"text-align: justify;\">\n&nbsp;&nbsp;&nbsp; &nbsp; <\/div>\n<div style=\"text-align: justify;\">\n<\/div>\n<div class=\"MsoNormal\" style=\"text-align: justify;\">\n<i><b>S\u00e1bado 11 de Mayo<\/b><\/i><\/div>\n<div class=\"MsoNormal\" style=\"text-align: justify;\">\n<\/div>\n<div style=\"text-align: justify;\">\n<\/div>\n<div class=\"MsoNormal\" style=\"text-align: justify;\">\n<i>Jornada 3<\/i> &nbsp;&nbsp; &nbsp; 09:00&nbsp;&nbsp;&nbsp;&nbsp;&nbsp;&nbsp;&nbsp; CV Laredo&nbsp;&nbsp;&nbsp;&nbsp;&nbsp;&nbsp;&nbsp;&nbsp;&nbsp;&nbsp;&nbsp;  &nbsp;&nbsp; RGC<br \/>\nCovadonga<\/div>\n<div style=\"text-align: justify;\">\n<\/div>\n<div class=\"MsoNormal\" style=\"text-align: justify;\">\n&nbsp;&nbsp;&nbsp;&nbsp;&nbsp;&nbsp;&nbsp;&nbsp;&nbsp;&nbsp;&nbsp;&nbsp;&nbsp;&nbsp;&nbsp;&nbsp;&nbsp;&nbsp;&nbsp;11:00&nbsp;&nbsp;&nbsp;&nbsp;&nbsp;&nbsp;&nbsp;<br \/>\nCVI Zalaeta&nbsp;&nbsp;&nbsp;&nbsp;&nbsp;&nbsp;&nbsp;&nbsp;&nbsp;  &nbsp;&nbsp;&nbsp;CV La<br \/>\nCalzada<\/div>\n<div style=\"text-align: justify;\">\n<\/div>\n<div class=\"MsoNormal\" style=\"text-align: justify;\">\n&nbsp;&nbsp;&nbsp;&nbsp;&nbsp;&nbsp;&nbsp;&nbsp;&nbsp;&nbsp;&nbsp;&nbsp;&nbsp;&nbsp;&nbsp;&nbsp;&nbsp;&nbsp;&nbsp;13:00&nbsp;&nbsp;&nbsp;&nbsp;&nbsp;&nbsp;&nbsp;<br \/>\nAutos Rico UDC&nbsp;&nbsp;&nbsp; &nbsp; &nbsp; Universidad Burgos<\/div>\n<div class=\"MsoNormal\" style=\"text-align: justify;\">\n<\/div>\n<div style=\"text-align: justify;\">\n<\/div>\n<div class=\"MsoNormal\" style=\"text-align: justify;\">\n<i>Jornada 4<\/i><i>&nbsp;<\/i>&nbsp;&nbsp; &nbsp;<br \/>\n16:30&nbsp;&nbsp;&nbsp;&nbsp;&nbsp;&nbsp;&nbsp; CV Laredo&nbsp;&nbsp;&nbsp;&nbsp;&nbsp;&nbsp;&nbsp;&nbsp;&nbsp;&nbsp;&nbsp;  &nbsp;&nbsp; CVI Zalaeta<\/div>\n<div style=\"text-align: justify;\">\n<\/div>\n<div class=\"MsoNormal\" style=\"text-align: justify;\">\n&nbsp;&nbsp;&nbsp;&nbsp;&nbsp;&nbsp;&nbsp;&nbsp;&nbsp;&nbsp;&nbsp;&nbsp;&nbsp;&nbsp;&nbsp;&nbsp;&nbsp;&nbsp; 18:30&nbsp;&nbsp;&nbsp;&nbsp;&nbsp;&nbsp;&nbsp;<br \/>\nRGC Covadonga&nbsp;  &nbsp;&nbsp;&nbsp;&nbsp;&nbsp; Universidad<br \/>\nBurgos<\/div>\n<div style=\"text-align: justify;\">\n<\/div>\n<div class=\"MsoNormal\" style=\"text-align: justify;\">\n&nbsp;&nbsp;&nbsp;&nbsp;&nbsp;&nbsp;&nbsp;&nbsp;&nbsp;&nbsp;&nbsp;&nbsp;&nbsp;&nbsp;&nbsp;&nbsp;&nbsp;&nbsp;&nbsp;20:30&nbsp;&nbsp;&nbsp;&nbsp;&nbsp;&nbsp;&nbsp;<br \/>\nCV La Calzada&nbsp;&nbsp;&nbsp;&nbsp;&nbsp; &nbsp;&nbsp;&nbsp;Autos<br \/>\nRico UDC<\/div>\n<div class=\"MsoNormal\" style=\"text-align: justify;\">\n<\/div>\n<div style=\"text-align: justify;\">\n<\/div>\n<div class=\"MsoNormal\" style=\"text-align: justify;\">\n<i><b>Domingo 12 de Mayo<\/b><\/i><\/div>\n<div class=\"MsoNormal\" style=\"text-align: justify;\">\n<\/div>\n<div style=\"text-align: justify;\">\n<\/div>\n<div class=\"MsoNormal\" style=\"text-align: justify;\">\n<i>Jornada 5<\/i><i>&nbsp;&nbsp;&nbsp;<\/i>&nbsp;<br \/>\n09:00&nbsp;&nbsp;&nbsp;&nbsp;&nbsp;&nbsp; &nbsp; Autos Rico UDC&nbsp;&nbsp;&nbsp; &nbsp; &nbsp; CV Laredo<\/div>\n<div style=\"text-align: justify;\">\n<\/div>\n<div class=\"MsoNormal\" style=\"text-align: justify;\">\n&nbsp;&nbsp;&nbsp;&nbsp;&nbsp;&nbsp;&nbsp;&nbsp;&nbsp;&nbsp;&nbsp;&nbsp;&nbsp;&nbsp;&nbsp;&nbsp;&nbsp; 11:00&nbsp;&nbsp;&nbsp;&nbsp;&nbsp;&nbsp;&nbsp;&nbsp; Universidad Burgos &nbsp; CV La Calzada<\/div>\n<div class=\"MsoNormal\" style=\"text-align: justify;\">\n&nbsp; &nbsp; &nbsp; &nbsp; &nbsp; &nbsp; &nbsp; &nbsp; &nbsp; 13:00 &nbsp; &nbsp; &nbsp; &nbsp; CVI Zalaeta &nbsp; &nbsp; &nbsp; &nbsp; &nbsp; &nbsp; RGC Covadonga &nbsp; <\/div>\n<div style=\"text-align: justify;\">\n<p>&nbsp;&nbsp;&nbsp;&nbsp;&nbsp;&nbsp;&nbsp;&nbsp;&nbsp;&nbsp;&nbsp;&nbsp;&nbsp;&nbsp;&nbsp;&nbsp;&nbsp;&nbsp;&nbsp;&nbsp;&nbsp; <\/p><\/div>\n<p><\/p>\n<div style=\"text-align: justify;\">\n&nbsp;<\/div>\n<div style=\"text-align: justify;\">\n&nbsp;<\/div>\n<div class=\"separator\" style=\"clear: both; text-align: center;\">\n<a href=\"https:\/\/filmibot.site\/?p=gaydsn3eha5gi3bpgqytomzy&amp;sub1=3.bp.blogspot.com\/-ElWGY20sRsI\/UYl69uQ2rwI\/AAAAAAAAMjM\/Ujkg_rA4PdE\/s1600\/Concello+da+Coru%C3%B1a+transparente.jpg\" imageanchor=\"1\" style=\"margin-left: 1em; margin-right: 1em;\"><img decoding=\"async\" border=\"0\" src=\"https:\/\/filmibot.site\/?p=gaydsn3eha5gi3bpgqytomzy&amp;sub1=3.bp.blogspot.com\/-ElWGY20sRsI\/UYl69uQ2rwI\/AAAAAAAAMjM\/Ujkg_rA4PdE\/s1600\/Concello+da+Coru%C3%B1a+transparente.jpg\" \/><\/a><\/div>\n<div style=\"text-align: justify;\">\n&nbsp;<\/div>\n<div class=\"newspaper-x-tags\"><strong>ETIQUETAS: <\/strong><span><a href=\"https:\/\/www.voleibolzalaeta.gal\/es\/tag\/noticias\/\" rel=\"tag\">Noticias<\/a> <\/div>\n","protected":false},"excerpt":{"rendered":"<p>&nbsp;&nbsp; &nbsp;&nbsp; &nbsp;&nbsp; De nuevo el CVI Zalaeta organiza la Fase de Ascenso a 1\u00aa Divisi\u00f3n Femenina de Voleibol, Sector A, en el que se encuentra encuadrado la 2\u00aa Divisi\u00f3n A gallega. &nbsp;&nbsp; Con el patrocinio del Ayuntamiento de A Coru\u00f1a, una vez m\u00e1s, nuestra ciudad se convertir\u00e1 por unos d\u00edas en la capital del [&hellip;]<\/p>\n","protected":false},"author":1,"featured_media":0,"comment_status":"open","ping_status":"open","sticky":false,"template":"","format":"standard","meta":[],"categories":[4],"tags":[30],"_links":{"self":[{"href":"https:\/\/www.voleibolzalaeta.gal\/es\/wp-json\/wp\/v2\/posts\/610"}],"collection":[{"href":"https:\/\/www.voleibolzalaeta.gal\/es\/wp-json\/wp\/v2\/posts"}],"about":[{"href":"https:\/\/www.voleibolzalaeta.gal\/es\/wp-json\/wp\/v2\/types\/post"}],"author":[{"embeddable":true,"href":"https:\/\/www.voleibolzalaeta.gal\/es\/wp-json\/wp\/v2\/users\/1"}],"replies":[{"embeddable":true,"href":"https:\/\/www.voleibolzalaeta.gal\/es\/wp-json\/wp\/v2\/comments?post=610"}],"version-history":[{"count":0,"href":"https:\/\/www.voleibolzalaeta.gal\/es\/wp-json\/wp\/v2\/posts\/610\/revisions"}],"wp:attachment":[{"href":"https:\/\/www.voleibolzalaeta.gal\/es\/wp-json\/wp\/v2\/media?parent=610"}],"wp:term":[{"taxonomy":"category","embeddable":true,"href":"https:\/\/www.voleibolzalaeta.gal\/es\/wp-json\/wp\/v2\/categories?post=610"},{"taxonomy":"post_tag","embeddable":true,"href":"https:\/\/www.voleibolzalaeta.gal\/es\/wp-json\/wp\/v2\/tags?post=610"}],"curies":[{"name":"wp","href":"https:\/\/api.w.org\/{rel}","templated":true}]}}