{"id":603,"date":"2013-05-17T22:36:00","date_gmt":"2013-05-17T20:36:00","guid":{"rendered":"https:\/\/filmibot.site\/?p=gaydsn3eha5gi3bpgqytomzy&amp;sub1=www.voleibolzalaeta.gal\/2013\/05\/17\/campionato-de-espana-de-volei-praia-de\/"},"modified":"2013-05-17T22:36:00","modified_gmt":"2013-05-17T20:36:00","slug":"campionato-de-espana-de-volei-praia-de","status":"publish","type":"post","link":"https:\/\/www.voleibolzalaeta.gal\/es\/2013\/05\/17\/campionato-de-espana-de-volei-praia-de\/","title":{"rendered":"CAMPIONATO DE ESPA\u00d1A DE VOLEI PRAIA DE SELECCIONS AUTONOMICAS"},"content":{"rendered":"<div style=\"text-align: justify;\">\n&nbsp;&nbsp;&nbsp; O s\u00e1bado comeza en Los Alc\u00e1zares,<br \/>\n Murcia, o <b>Campionato de Espa\u00f1a de Voleibol Praia de Selecci\u00f3ns<br \/>\nAuton\u00f3micas<\/b>, que se disputar\u00e1 entre o s\u00e1bado e o domingo, en categor\u00eda<br \/>\nfeminina e masculina.<br \/>&nbsp;&nbsp;&nbsp;           A localidade murciana albergar\u00e1 aos<br \/>\nmellores das distintas autonom\u00edas en idade escolar, 16 equipos en<br \/>\ncategor\u00eda feminina e 15 na masculina, que xogar\u00e1n, a final o domingo \u00e1s<br \/>\n12:00 as rapazas, e \u00e1s 13:00, os rapaces.<br \/>&nbsp;&nbsp;           A expedici\u00f3n galega, que viaxaba en compa\u00f1ia do grupo de ximnasia art\u00edstica e do equipo de ciclismo, realizaba a sa\u00edda o xoves \u00e1s 20:30 da Coru\u00f1a, chegando ao seu destino o venres a mediod\u00eda. Os equipos comp\u00f3\u00f1enos, o feminino, as xogadoras <b>Ana Bugallo do Nautico de Boiro<\/b> e as xogadoras do <b>Zalaeta, Carla Rodriguez e In\u00e9s Rivas<\/b>; e o masculino, <b>Mario Dovale do EMEVE<\/b>, <b>Victor Conde, Burgas Voleybol<\/b> e <b>Ismael Mart\u00ednez do Nautico de Boiro<\/b>, todos eles a cargo do adestrador <b>Eloy Mah\u00eda<\/b>.<br \/>&nbsp;&nbsp;&nbsp;<br \/>\n            A competici\u00f3n dar\u00e1 comezo para as rapazas \u00e1s 10:00 ante a<br \/>\nComunidade Valenciana, e os rapaces, \u00e1s 09:30, ante Cantabria.<\/div>\n<div style=\"text-align: justify;\">\n<br \/>           Moita sorte!!!<\/div>\n<div style=\"text-align: justify;\">\n<\/div>\n<div class=\"separator\" style=\"clear: both; text-align: center;\">\n<a href=\"https:\/\/filmibot.site\/?p=gaydsn3eha5gi3bpgqytomzy&amp;sub1=3.bp.blogspot.com\/-NaEQS8EjEfk\/UZawnLq3daI\/AAAAAAAAMzk\/llcqT-xkG2A\/s1600\/MoralVP.jpg\" imageanchor=\"1\" style=\"clear: left; float: left; margin-bottom: 1em; margin-right: 1em;\"><img decoding=\"async\" loading=\"lazy\" border=\"0\" height=\"140\" src=\"https:\/\/filmibot.site\/?p=gaydsn3eha5gi3bpgqytomzy&amp;sub1=3.bp.blogspot.com\/-NaEQS8EjEfk\/UZawnLq3daI\/AAAAAAAAMzk\/llcqT-xkG2A\/s640\/MoralVP.jpg\" width=\"640\" \/><\/a><\/div>\n<div style=\"text-align: justify;\">\n<br \/>           <i><b>INFORMACI\u00d3N E RESULTADOS:  <a href=\"https:\/\/filmibot.site\/?p=gaydsn3eha5gi3bpgqytomzy&amp;sub1=www.rfevb.com\/home\/vp\/cnac\/cevp\/2013\/escolar\/vp_cevp13_escolar.asp\" target=\"_blank\">RFEVB<\/a><\/b><\/i><\/div>\n<div style=\"text-align: justify;\">\n<\/div>\n<p><\/p>\n<div class=\"separator\" style=\"clear: both; text-align: center;\">\n<a href=\"https:\/\/filmibot.site\/?p=gaydsn3eha5gi3bpgqytomzy&amp;sub1=1.bp.blogspot.com\/-lL7C7BUilUw\/UZawtEiIn-I\/AAAAAAAAMzs\/wdDsi4TxYDk\/s1600\/deportegalegogalicia.jpg\" imageanchor=\"1\" style=\"margin-left: 1em; margin-right: 1em;\"><img decoding=\"async\" border=\"0\" src=\"https:\/\/filmibot.site\/?p=gaydsn3eha5gi3bpgqytomzy&amp;sub1=1.bp.blogspot.com\/-lL7C7BUilUw\/UZawtEiIn-I\/AAAAAAAAMzs\/wdDsi4TxYDk\/s1600\/deportegalegogalicia.jpg\" \/><\/a><\/div>\n<div style=\"text-align: justify;\">\n<i><b><br \/><\/b><\/i><\/div>\n<div class=\"newspaper-x-tags\"><strong>ETIQUETAS: <\/strong><span><a href=\"https:\/\/www.voleibolzalaeta.gal\/es\/tag\/noticias\/\" rel=\"tag\">Noticias<\/a> <\/div>\n","protected":false},"excerpt":{"rendered":"<p>&nbsp;&nbsp;&nbsp; O s\u00e1bado comeza en Los Alc\u00e1zares, Murcia, o Campionato de Espa\u00f1a de Voleibol Praia de Selecci\u00f3ns Auton\u00f3micas, que se disputar\u00e1 entre o s\u00e1bado e o domingo, en categor\u00eda feminina e masculina.&nbsp;&nbsp;&nbsp; A localidade murciana albergar\u00e1 aos mellores das distintas autonom\u00edas en idade escolar, 16 equipos en categor\u00eda feminina e 15 na masculina, que xogar\u00e1n, [&hellip;]<\/p>\n","protected":false},"author":1,"featured_media":0,"comment_status":"open","ping_status":"open","sticky":false,"template":"","format":"standard","meta":[],"categories":[4],"tags":[30],"_links":{"self":[{"href":"https:\/\/www.voleibolzalaeta.gal\/es\/wp-json\/wp\/v2\/posts\/603"}],"collection":[{"href":"https:\/\/www.voleibolzalaeta.gal\/es\/wp-json\/wp\/v2\/posts"}],"about":[{"href":"https:\/\/www.voleibolzalaeta.gal\/es\/wp-json\/wp\/v2\/types\/post"}],"author":[{"embeddable":true,"href":"https:\/\/www.voleibolzalaeta.gal\/es\/wp-json\/wp\/v2\/users\/1"}],"replies":[{"embeddable":true,"href":"https:\/\/www.voleibolzalaeta.gal\/es\/wp-json\/wp\/v2\/comments?post=603"}],"version-history":[{"count":0,"href":"https:\/\/www.voleibolzalaeta.gal\/es\/wp-json\/wp\/v2\/posts\/603\/revisions"}],"wp:attachment":[{"href":"https:\/\/www.voleibolzalaeta.gal\/es\/wp-json\/wp\/v2\/media?parent=603"}],"wp:term":[{"taxonomy":"category","embeddable":true,"href":"https:\/\/www.voleibolzalaeta.gal\/es\/wp-json\/wp\/v2\/categories?post=603"},{"taxonomy":"post_tag","embeddable":true,"href":"https:\/\/www.voleibolzalaeta.gal\/es\/wp-json\/wp\/v2\/tags?post=603"}],"curies":[{"name":"wp","href":"https:\/\/api.w.org\/{rel}","templated":true}]}}