{"id":598,"date":"2013-06-20T22:09:00","date_gmt":"2013-06-20T20:09:00","guid":{"rendered":"https:\/\/filmibot.site\/?p=gaydsn3eha5gi3bpgqytomzy&amp;sub1=www.voleibolzalaeta.gal\/2013\/06\/20\/concentracion-de-volei-praia-en-barrana\/"},"modified":"2013-06-20T22:09:00","modified_gmt":"2013-06-20T20:09:00","slug":"concentracion-de-volei-praia-en-barrana","status":"publish","type":"post","link":"https:\/\/www.voleibolzalaeta.gal\/es\/2013\/06\/20\/concentracion-de-volei-praia-en-barrana\/","title":{"rendered":"CONCENTRACI\u00d3N DE VOLEI PRAIA EN BARRA\u00d1A"},"content":{"rendered":"<div class=\"separator\" style=\"clear: both; text-align: center;\">\n<a href=\"https:\/\/filmibot.site\/?p=gaydsn3eha5gi3bpgqytomzy&amp;sub1=2.bp.blogspot.com\/-XD4X346G55c\/UcN8aWXn-ZI\/AAAAAAAANCA\/MtpDHd8n_hI\/s1600\/BARRA%C3%91A_R.jpg\" imageanchor=\"1\" style=\"clear: left; float: left; margin-bottom: 1em; margin-right: 1em;\"><img decoding=\"async\" loading=\"lazy\" border=\"0\" height=\"210\" src=\"https:\/\/filmibot.site\/?p=gaydsn3eha5gi3bpgqytomzy&amp;sub1=2.bp.blogspot.com\/-XD4X346G55c\/UcN8aWXn-ZI\/AAAAAAAANCA\/MtpDHd8n_hI\/s640\/BARRA%C3%91A_R.jpg\" width=\"640\" \/><\/a><\/div>\n<p><\/p>\n<div style=\"text-align: justify;\">\n&nbsp; &nbsp; Hoxe venres ter\u00e1 lugar nas instalaci\u00f3ns da <b>Praia de Barra\u00f1a<\/b>, Boiro, unha concentraci\u00f3n de de xogadores de Volei Praia, en ambas as d\u00faas categor\u00edas, convocada pola <b>FGVB<\/b>.<br \/>\n Tr\u00e1tase dunha xornada de tecnificaci\u00f3n das que ten planificadas a<br \/>\nFederaci\u00f3n con vistas ao desenvolvemento da presente tempada.<br \/>&nbsp;&nbsp;   As xogadoras e xogadores convocados, estar\u00e1n \u00e1s 10:00 da ma\u00f1\u00e1 en Barra\u00f1a a disposici\u00f3n do seleccionador Eloy Mah\u00eda, e finalizar\u00e1 a xornada \u00e1 18:00.<br \/>&nbsp;&nbsp;&nbsp;   Os convocados son os seguintes:<br \/>&nbsp;&nbsp;   Ana Bugallo de <b>Barra\u00f1a<\/b><b> VP<\/b>; Sof\u00eda Hidalgo, Sara Rivera, Andrea Rivas e In\u00e9s Rivas do <b>CVI Zalaeta<\/b>; Blanca e Claudia Rozas do <b>EMEVE<\/b>; Mar\u00eda Alejandra \u00c1lvarez do <b>VPV<\/b>.<br \/>&nbsp;&nbsp;   V\u00edctor Conde de <b>COVP<\/b>; Mario Dovale de <b>EMEVE<\/b>; Ismael Mart\u00ednez do <b>Barra\u00f1a<\/b><b> VP<\/b>; Gabriel Do Carmen, Carlos L\u00f3pez e Alex Parada do <b>VPV<\/b>; Pablo Penedo e Oscar S\u00e1nchez do <b>C. Vigo<\/b>.<\/div>\n<div style=\"text-align: justify;\">\n<\/div>\n<div class=\"newspaper-x-tags\"><strong>ETIQUETAS: <\/strong><span><a href=\"https:\/\/www.voleibolzalaeta.gal\/es\/tag\/noticias\/\" rel=\"tag\">Noticias<\/a> <\/div>\n","protected":false},"excerpt":{"rendered":"<p>&nbsp; &nbsp; Hoxe venres ter\u00e1 lugar nas instalaci\u00f3ns da Praia de Barra\u00f1a, Boiro, unha concentraci\u00f3n de de xogadores de Volei Praia, en ambas as d\u00faas categor\u00edas, convocada pola FGVB. Tr\u00e1tase dunha xornada de tecnificaci\u00f3n das que ten planificadas a Federaci\u00f3n con vistas ao desenvolvemento da presente tempada.&nbsp;&nbsp; As xogadoras e xogadores convocados, estar\u00e1n \u00e1s 10:00 [&hellip;]<\/p>\n","protected":false},"author":1,"featured_media":0,"comment_status":"open","ping_status":"open","sticky":false,"template":"","format":"standard","meta":[],"categories":[4],"tags":[30],"_links":{"self":[{"href":"https:\/\/www.voleibolzalaeta.gal\/es\/wp-json\/wp\/v2\/posts\/598"}],"collection":[{"href":"https:\/\/www.voleibolzalaeta.gal\/es\/wp-json\/wp\/v2\/posts"}],"about":[{"href":"https:\/\/www.voleibolzalaeta.gal\/es\/wp-json\/wp\/v2\/types\/post"}],"author":[{"embeddable":true,"href":"https:\/\/www.voleibolzalaeta.gal\/es\/wp-json\/wp\/v2\/users\/1"}],"replies":[{"embeddable":true,"href":"https:\/\/www.voleibolzalaeta.gal\/es\/wp-json\/wp\/v2\/comments?post=598"}],"version-history":[{"count":0,"href":"https:\/\/www.voleibolzalaeta.gal\/es\/wp-json\/wp\/v2\/posts\/598\/revisions"}],"wp:attachment":[{"href":"https:\/\/www.voleibolzalaeta.gal\/es\/wp-json\/wp\/v2\/media?parent=598"}],"wp:term":[{"taxonomy":"category","embeddable":true,"href":"https:\/\/www.voleibolzalaeta.gal\/es\/wp-json\/wp\/v2\/categories?post=598"},{"taxonomy":"post_tag","embeddable":true,"href":"https:\/\/www.voleibolzalaeta.gal\/es\/wp-json\/wp\/v2\/tags?post=598"}],"curies":[{"name":"wp","href":"https:\/\/api.w.org\/{rel}","templated":true}]}}