{"id":594,"date":"2013-07-29T21:26:00","date_gmt":"2013-07-29T19:26:00","guid":{"rendered":"https:\/\/filmibot.site\/?p=gaydsn3eha5gi3bpgqytomzy&amp;sub1=www.voleibolzalaeta.gal\/2013\/07\/29\/actualizacions-tras-unhas-vacacions\/"},"modified":"2013-07-29T21:26:00","modified_gmt":"2013-07-29T19:26:00","slug":"actualizacions-tras-unhas-vacacions","status":"publish","type":"post","link":"https:\/\/www.voleibolzalaeta.gal\/es\/2013\/07\/29\/actualizacions-tras-unhas-vacacions\/","title":{"rendered":"ACTUALIZACI\u00d3NS TRAS UNHAS VACACI\u00d3NS"},"content":{"rendered":"<p><b>LYDIA ALONSO, CONVOCADA COA SELECCI\u00d3N XUVENIL ESPA\u00d1OLA PARA DISPUTAR O<br \/>\nTORNEO INTERNACIONAL 8 NACI\u00d3NS.<\/b><\/p>\n<p>&nbsp; <\/p>\n<div class=\"separator\" style=\"clear: both; text-align: center;\">\n<a href=\"https:\/\/filmibot.site\/?p=gaydsn3eha5gi3bpgqytomzy&amp;sub1=3.bp.blogspot.com\/-Bxl4wpNYPfY\/UfbdXzQ-Z8I\/AAAAAAAANP0\/TupWc9Jjq-Y\/s1600\/K5IM0111.jpg\" imageanchor=\"1\" style=\"clear: right; float: right; margin-bottom: 1em; margin-left: 1em;\"><img decoding=\"async\" loading=\"lazy\" border=\"0\" height=\"320\" src=\"https:\/\/filmibot.site\/?p=gaydsn3eha5gi3bpgqytomzy&amp;sub1=3.bp.blogspot.com\/-Bxl4wpNYPfY\/UfbdXzQ-Z8I\/AAAAAAAANP0\/TupWc9Jjq-Y\/s320\/K5IM0111.jpg\" width=\"212\" \/><\/a><\/div>\n<p><\/p>\n<div style=\"text-align: justify;\">\n&nbsp;&nbsp; A central cadete <b>Lydia Alonso<\/b> foi chamada a formar parte do<br \/>\nequipo nacional que representou a Espa\u00f1a no tradicional torneo <b>8 Naci\u00f3ns<\/b>, que<br \/>\neste ano tivo lugar na localidade belga de Herentals. O torneo deu comezo o 23<br \/>\nde xulio, e rematou para as nosas nacionais cunha meritoria sexta praza,<br \/>\nmellorando o resultado acadado o ano pasado.<\/div>\n<div style=\"text-align: justify;\">\n<p>&nbsp;&nbsp; Acompa\u00f1ando ao adestrador nacional,<br \/>\nJos\u00e9 Miguel Serrato, viaxaba a B\u00e9lxica o noso adestrador <b>Jorge Barrero<\/b>, e a<br \/>\nrepresentaci\u00f3n galega na expedici\u00f3n nacional complet\u00e1baa a lucense Sara<br \/>\nFolgueira.<\/p>\n<\/div>\n<div style=\"text-align: justify;\">\n<a href=\"https:\/\/filmibot.site\/?p=gaydsn3eha5gi3bpgqytomzy&amp;sub1=3.bp.blogspot.com\/-OY_LxWf7GJg\/Ufbgxl1nF3I\/AAAAAAAANQE\/uIzRkx8YcYI\/s1600\/RFEVBcabecera.gif\" imageanchor=\"1\" style=\"clear: left; float: left; margin-bottom: 1em; margin-right: 1em;\"><img decoding=\"async\" loading=\"lazy\" border=\"0\" height=\"42\" src=\"https:\/\/filmibot.site\/?p=gaydsn3eha5gi3bpgqytomzy&amp;sub1=3.bp.blogspot.com\/-OY_LxWf7GJg\/Ufbgxl1nF3I\/AAAAAAAANQE\/uIzRkx8YcYI\/s200\/RFEVBcabecera.gif\" width=\"200\" \/><\/a>&nbsp;<\/p>\n<p>&nbsp;<a href=\"https:\/\/filmibot.site\/?p=gaydsn3eha5gi3bpgqytomzy&amp;sub1=www.rfevb.com\/home\/prensa\/rfevb_noticia.asp?id=13501\">https:\/\/filmibot.site\/?p=gaydsn3eha5gi3bpgqytomzy&amp;sub1=www.rfevb.com\/home\/prensa\/rfevb_noticia.asp?id=1350<\/a><\/div>\n<p>___________________________________________________________________________________<\/p>\n<p><b>CONTIN\u00daAN AS PROBAS DO CIRCU\u00cdTO GALEGO DE VOLEI PRAIA.<\/b><\/p>\n<div style=\"text-align: justify;\">\n<p>&nbsp;&nbsp; Esta fin de semana pasada<br \/>\ncelebr\u00e1base na <b>praia fluvial de Goi\u00e1n<\/b> (concello de Tomi\u00f1o, Pontevedra) a a <b>5\u00aa<br \/>\nproba do CGVP senior e a 3\u00aa proba do CGVP de categor\u00edas inferiores sub19 e<br \/>\nsub21<\/b>, na que o Zalaeta estaba representado en todas as categor\u00edas femininas:<\/div>\n<div style=\"text-align: justify;\">\n<\/div>\n<table cellpadding=\"0\" cellspacing=\"0\" class=\"tr-caption-container\" style=\"float: left; margin-left: 0px; margin-right: 0px; text-align: left;\">\n<tbody>\n<tr>\n<td style=\"text-align: center;\"><img decoding=\"async\" loading=\"lazy\" border=\"0\" height=\"430\" src=\"https:\/\/filmibot.site\/?p=gaydsn3eha5gi3bpgqytomzy&amp;sub1=3.bp.blogspot.com\/-vgYJ8br7aPM\/UfbSGqu6gnI\/AAAAAAAANPg\/yswm9GTtI38\/s640\/K5IM4875_R.jpg\" style=\"margin-left: auto; margin-right: auto;\" width=\"640\" \/><\/td>\n<\/tr>\n<tr>\n<td class=\"tr-caption\" style=\"text-align: center;\"><b><a href=\"https:\/\/filmibot.site\/?p=gaydsn3eha5gi3bpgqytomzy&amp;sub1=picasaweb.google.com\/111943944927473341927\/VOLEIPRAIA2013\" target=\"_blank\">+FOTOS<\/a><\/b><\/td>\n<\/tr>\n<\/tbody>\n<\/table>\n<div style=\"text-align: justify;\">\n&nbsp;&nbsp; O s\u00e1bado xogouse a proba sub19, na que<br \/>\nPatri e Alba foron subcampionas, caendo tan s\u00f3 na final ante as fortes da<br \/>\ncompetici\u00f3n, as irm\u00e1s lucenses Claudia e Blanca Rozas. Sara e a s\u00faa parella do<br \/>\nVPV, Elena, lograron a cuarta posici\u00f3n, e Andrea e In\u00e9s foron eliminadas en cuartos de<br \/>\nfinal, polo que quedaron quintas.<\/div>\n<div style=\"text-align: justify;\">\n<p>&nbsp;&nbsp; Na competici\u00f3n senior, que tam\u00e9n daba<br \/>\ncomezo o s\u00e1bado, representaban ao noso clube as xogadores sub19 Sara e Andrea, que<br \/>\nambas, coas s\u00faas parellas (Elena do VPV e Ana do Barra\u00f1a Volei Praia,<br \/>\nrespectivamente) quedaron novenas ao ser eliminadas en primeira rolda.<\/p><\/div>\n<div style=\"text-align: justify;\">\n<p>&nbsp;&nbsp; O domingo celebrouse a proba sub21,<br \/>\nna que Sof\u00eda repetiu o t\u00edtulo acadado a anterior xornada en Vigo, e foi<br \/>\ncampiona coa s\u00faa parella viguesa, Mary \u00c1lvarez. Sara e Elena volv\u00edan a ser<br \/>\ncuartas; Patri e Alba, quintas, e Andrea e Ana (do Barra\u00f1a), s\u00e9ptimas.<\/p><\/div>\n<div style=\"text-align: justify;\">\n<p>&nbsp;&nbsp; A pr\u00f3xima proba do CGVP senior ter\u00e1<br \/>\nlugar na Praia de \u00c9zaro, o fin de semana do 3-4 de Agosto, e seguidamente, o<br \/>\nfin de semana do 10-11, a derradeira proba de categor\u00edas inferiores, tanto<br \/>\nsub19 e sub21, coma sub15 e sub17.<\/p><\/div>\n<div style=\"text-align: justify;\">\n<p><a href=\"https:\/\/filmibot.site\/?p=gaydsn3eha5gi3bpgqytomzy&amp;sub1=www.fgvb.es\/competicionesPlaya.asp\">https:\/\/filmibot.site\/?p=gaydsn3eha5gi3bpgqytomzy&amp;sub1=www.fgvb.es\/competicionesPlaya.asp<\/a><\/div>\n<p>__________________________________________________________________________________ <\/p>\n<p><b>M\u00c1IS VOLEIPRAIA: CONVOCATORIA PARA A CONCENTRACI\u00d3N DA SELECCI\u00d3N GALEGA.<\/b><\/p>\n<p>&nbsp;&nbsp; Para a xornada de tecnificaci\u00f3n que deu comezo este luns na praia de \u00c9zaro<br \/>\n(Dumbr\u00eda) e que durar\u00e1 toda esta semana, o seleccionador galego, Eloy Mah\u00eda, chamou as<br \/>\nxogadoras do noso clube <b>Sof\u00eda Hidalgo<\/b> e <b>Sara Rivera<\/b>. Xunto a elas, completan a convocatoria<br \/>\nfeminina: Elena Sardi\u00f1a do VPV, e Blanca e Claudia Rozas e Mary \u00c1lvarez, do<br \/>\nEMEV\u00c9. <br \/>\n&nbsp;&nbsp;&nbsp;<br \/>\nEsta e d\u00faas concentraci\u00f3ns m\u00e1is permitir\u00e1n ao adestrador perfilar as<br \/>\nparellas que levar\u00e1 ao Campionato de Espa\u00f1a de Selecci\u00f3ns Auton\u00f3micas de Volei<br \/>\nPraia sub19 e sub21, que se celebrar\u00e1 entre os d\u00edas 5-8 de setembro na localidade alicantina de Orihuela, coa intenci\u00f3n de mellorar a clasificaci\u00f3n acadada o ano<br \/>\npasado.<\/p>\n<div class=\"separator\" style=\"clear: both; text-align: center;\">\n<a href=\"https:\/\/filmibot.site\/?p=gaydsn3eha5gi3bpgqytomzy&amp;sub1=1.bp.blogspot.com\/-xsxofPGTyzc\/UfbhEEWWDKI\/AAAAAAAANQM\/MGtxZXMZwkU\/s1600\/deportegalegogalicia.jpg\" imageanchor=\"1\" style=\"margin-left: 1em; margin-right: 1em;\"><img decoding=\"async\" border=\"0\" src=\"https:\/\/filmibot.site\/?p=gaydsn3eha5gi3bpgqytomzy&amp;sub1=1.bp.blogspot.com\/-xsxofPGTyzc\/UfbhEEWWDKI\/AAAAAAAANQM\/MGtxZXMZwkU\/s1600\/deportegalegogalicia.jpg\" \/><\/a><\/div>\n<p><\/p>\n<div class=\"newspaper-x-tags\"><strong>ETIQUETAS: <\/strong><span><a href=\"https:\/\/www.voleibolzalaeta.gal\/es\/tag\/noticias\/\" rel=\"tag\">Noticias<\/a><\/span><a href=\"https:\/\/www.voleibolzalaeta.gal\/es\/tag\/torneos\/\" rel=\"tag\">Torneos<\/a><\/span><a href=\"https:\/\/www.voleibolzalaeta.gal\/es\/tag\/volei-praia\/\" rel=\"tag\">VOLEI PRAIA<\/a> <\/div>\n","protected":false},"excerpt":{"rendered":"<p>LYDIA ALONSO, CONVOCADA COA SELECCI\u00d3N XUVENIL ESPA\u00d1OLA PARA DISPUTAR O TORNEO INTERNACIONAL 8 NACI\u00d3NS. &nbsp; &nbsp;&nbsp; A central cadete Lydia Alonso foi chamada a formar parte do equipo nacional que representou a Espa\u00f1a no tradicional torneo 8 Naci\u00f3ns, que este ano tivo lugar na localidade belga de Herentals. O torneo deu comezo o 23 de [&hellip;]<\/p>\n","protected":false},"author":1,"featured_media":0,"comment_status":"open","ping_status":"open","sticky":false,"template":"","format":"standard","meta":[],"categories":[4],"tags":[30,33,37],"_links":{"self":[{"href":"https:\/\/www.voleibolzalaeta.gal\/es\/wp-json\/wp\/v2\/posts\/594"}],"collection":[{"href":"https:\/\/www.voleibolzalaeta.gal\/es\/wp-json\/wp\/v2\/posts"}],"about":[{"href":"https:\/\/www.voleibolzalaeta.gal\/es\/wp-json\/wp\/v2\/types\/post"}],"author":[{"embeddable":true,"href":"https:\/\/www.voleibolzalaeta.gal\/es\/wp-json\/wp\/v2\/users\/1"}],"replies":[{"embeddable":true,"href":"https:\/\/www.voleibolzalaeta.gal\/es\/wp-json\/wp\/v2\/comments?post=594"}],"version-history":[{"count":0,"href":"https:\/\/www.voleibolzalaeta.gal\/es\/wp-json\/wp\/v2\/posts\/594\/revisions"}],"wp:attachment":[{"href":"https:\/\/www.voleibolzalaeta.gal\/es\/wp-json\/wp\/v2\/media?parent=594"}],"wp:term":[{"taxonomy":"category","embeddable":true,"href":"https:\/\/www.voleibolzalaeta.gal\/es\/wp-json\/wp\/v2\/categories?post=594"},{"taxonomy":"post_tag","embeddable":true,"href":"https:\/\/www.voleibolzalaeta.gal\/es\/wp-json\/wp\/v2\/tags?post=594"}],"curies":[{"name":"wp","href":"https:\/\/api.w.org\/{rel}","templated":true}]}}