{"id":574,"date":"2013-10-19T21:57:00","date_gmt":"2013-10-19T19:57:00","guid":{"rendered":"https:\/\/filmibot.site\/?p=gaydsn3eha5gi3bpgqytomzy&amp;sub1=www.voleibolzalaeta.gal\/2013\/10\/19\/aciaga-xornada-en-canto-resultados\/"},"modified":"2013-10-19T21:57:00","modified_gmt":"2013-10-19T19:57:00","slug":"aciaga-xornada-en-canto-resultados","status":"publish","type":"post","link":"https:\/\/www.voleibolzalaeta.gal\/es\/2013\/10\/19\/aciaga-xornada-en-canto-resultados\/","title":{"rendered":"RESULTADOS DO S\u00c1BADO 19 DE OUTUBRO"},"content":{"rendered":"<div style=\"text-align: justify;\">\n&nbsp;&nbsp;&nbsp; <b>Aciaga xornada en canto a resultados ref\u00edrese, a obtida polo Zalaeta no seu desprazamento a Teis no d\u00eda de hoxe.<\/b><\/div>\n<div class=\"separator\" style=\"clear: both; text-align: center;\">\n<a href=\"https:\/\/filmibot.site\/?p=gaydsn3eha5gi3bpgqytomzy&amp;sub1=1.bp.blogspot.com\/-m98T6wfPNZ0\/UmL_dbkVaaI\/AAAAAAAAN70\/xsSC6Yf7EcI\/s1600\/Concello+da+Coru%C3%B1a+transparente.jpg\" imageanchor=\"1\" style=\"margin-left: 1em; margin-right: 1em;\"><img decoding=\"async\" border=\"0\" src=\"https:\/\/filmibot.site\/?p=gaydsn3eha5gi3bpgqytomzy&amp;sub1=1.bp.blogspot.com\/-m98T6wfPNZ0\/UmL_dbkVaaI\/AAAAAAAAN70\/xsSC6Yf7EcI\/s1600\/Concello+da+Coru%C3%B1a+transparente.jpg\" \/><\/a><\/div>\n<div class=\"separator\" style=\"clear: both; text-align: center;\">\n<a href=\"https:\/\/filmibot.site\/?p=gaydsn3eha5gi3bpgqytomzy&amp;sub1=1.bp.blogspot.com\/-v64ovh0HicQ\/UmL_gtHgI-I\/AAAAAAAAN8E\/e0t_nYlekGM\/s1600\/K5IM6292_R.jpg\" imageanchor=\"1\" style=\"clear: left; float: left; margin-bottom: 1em; margin-right: 1em;\"><img decoding=\"async\" loading=\"lazy\" border=\"0\" height=\"430\" src=\"https:\/\/filmibot.site\/?p=gaydsn3eha5gi3bpgqytomzy&amp;sub1=1.bp.blogspot.com\/-v64ovh0HicQ\/UmL_gtHgI-I\/AAAAAAAAN8E\/e0t_nYlekGM\/s640\/K5IM6292_R.jpg\" width=\"640\" \/><\/a><\/div>\n<div style=\"text-align: justify;\">\n<br \/>&nbsp;&nbsp;<br \/>\n   A xornada comezou co partido correspondente \u00e1 segunda xornada de<br \/>\nxuven\u00eds de <a href=\"https:\/\/filmibot.site\/?p=gaydsn3eha5gi3bpgqytomzy&amp;sub1=www.fgvb.es\/competiciones.asp?v=18&amp;torneo=980&amp;jornada=2\" target=\"_blank\"><b>Liga Galega<\/b><\/a> que se iniciou \u00e1s 11:45 e finalizou \u00e1s 13:05, e<br \/>\nque sendo dirixido polos colexiados, Olea e Diego, o equipo de casa obtivo unha contundente vitoria por 3-0, con parciais 25-17, 25-9 e 25-20. Adestradores, local, Cruz e Veloso, e visitante D. Hermida.<\/div>\n<div style=\"text-align: justify;\">\n&nbsp; &nbsp;&nbsp;&nbsp; <\/div>\n<div style=\"text-align: justify;\">\n<\/div>\n<div class=\"MsoNormal\" style=\"text-align: justify;\">\n&nbsp;&nbsp;<br \/>\n<b>XUVENIL TEIS<\/b>: &nbsp;10, Larr\u00e1n, 16 Calvo,<br \/>\n3 Veiga, 12 Lois, 2 Araujo, 18 Rodr\u00edguez CR., 15 rodr\u00edguez CO., 11 Pereira, 9<br \/>\nFern\u00e1ndez, 6 Gonz\u00e1lez e 5 Fuentes.<\/div>\n<div class=\"MsoNormal\" style=\"text-align: justify;\">\n<\/div>\n<p><\/p>\n<div class=\"MsoNormal\" style=\"text-align: justify;\">\n&nbsp;&nbsp;<br \/>\n<b>FISIOM\u00c1SZALAETA<\/b>: &nbsp;9 Sara Amarelle,<br \/>\n18 Paula Lema, 6 Alba Fern\u00e1ndez, 11 Sara Armesto, 2 Alba Quir\u00f3s, 7 In\u00e9s Rivas,<br \/>\n1 Susana Suarez, 4 Elena Sardi\u00f1a, 14 Raquel Rey, 13 Nerea Tabeayo e 10 Ana<br \/>\nCalvo.<\/div>\n<div class=\"MsoNormal\" style=\"text-align: justify;\">\n<\/div>\n<div class=\"MsoNormal\" style=\"text-align: justify;\">\n&nbsp;&nbsp; Comezou o partido cun primeiro set moi igualado no primeiro parcial no que os dous equipos trataban de dominar o xogo ata que o <b>Teis<\/b>,<br \/>\n cun parcial de 10-6, controla o rival cunha boa defensa e aproveitando<br \/>\nos erros das coru\u00f1esas pon o 1-0 no marcador. No segundo set o xogo<br \/>\nvisitante vai a peor, o <b>Fisiom\u00e1sZalaeta<\/b> non se encontra na cancha, comete moitos erros e facilita a vitoria do Xuvenil que contin\u00faa moi organizado e que non perdoa a oportunidade que se lle ofrece: 2-0.<br \/>&nbsp;&nbsp;   O terceiro set \u00e9 o da reacci\u00f3n das herculinas,<br \/>\n qu\u00e9renlle dar a volta ao partido, c\u00e9ntranse, afinan o seu xogo e<br \/>\nint\u00e9ntano, pero enc\u00f3ntranse cun equipo convencido de que a vitoria \u00e9 s\u00faa<br \/>\n e non cede no set mais disputado e consegue a vitoria de set e de<br \/>\npartido.<br \/>&nbsp;&nbsp;   Tivo un mal d\u00eda o equipo de David Hermida, con moitos erros que facilitaron o labor do rival, numerosos erros de saque fac\u00edalles perder a inciativa,<br \/>\n a efectividade en ataque, por refachos, e problemas en defensa e no<br \/>\nbloqueo.&nbsp;&nbsp;&nbsp;&nbsp;&nbsp;&nbsp;&nbsp;<\/div>\n<div class=\"MsoNormal\" style=\"text-align: justify;\">\n&nbsp; Non realizaron o xogo que realmente saben facer, unha cousa son<br \/>\n os adestramentos e outra a competici\u00f3n, e a falta de rodaxe e de<br \/>\ncompenetraci\u00f3n \u00e9 evidente. Indubidablemente a medida que avance a<br \/>\ncompetici\u00f3n, iremos vendo outro xogo e outros resultados.<br \/>\n&nbsp;&nbsp; A mala noticia da xornada protagonizouna a xogadora de Zalaeta, Nerea Tabeayo, que de novo volvese a lesionar na cancha de Teis, un esguince do que lle dexesamos unha r\u00e1pida recuperaci\u00f3n. <\/div>\n<div class=\"MsoNormal\" style=\"text-align: justify;\">\n<br \/>&nbsp;&nbsp;   A pr\u00f3xima xornada, desprazamento para xogar ante o <b>Fisioterapia Cinesia Noia.<\/b><\/div>\n<p><\/p>\n<div style=\"text-align: justify;\">\n<\/div>\n<div class=\"separator\" style=\"clear: both; text-align: center;\">\n&nbsp;<a href=\"https:\/\/filmibot.site\/?p=gaydsn3eha5gi3bpgqytomzy&amp;sub1=3.bp.blogspot.com\/-bvwjcnNf68E\/UmL_dcfOlII\/AAAAAAAAN74\/r2ydviz1aS4\/s1600\/deputacionmini_3.jpg\" imageanchor=\"1\" style=\"margin-left: 1em; margin-right: 1em;\"><img decoding=\"async\" border=\"0\" src=\"https:\/\/filmibot.site\/?p=gaydsn3eha5gi3bpgqytomzy&amp;sub1=3.bp.blogspot.com\/-bvwjcnNf68E\/UmL_dcfOlII\/AAAAAAAAN74\/r2ydviz1aS4\/s1600\/deputacionmini_3.jpg\" \/><\/a><\/div>\n<div style=\"text-align: justify;\">\n<\/div>\n<div style=\"text-align: justify;\">\n<div class=\"separator\" style=\"clear: both; text-align: center;\">\n<a href=\"https:\/\/filmibot.site\/?p=gaydsn3eha5gi3bpgqytomzy&amp;sub1=1.bp.blogspot.com\/-uHZ7vlTYqw8\/UmOL40cv83I\/AAAAAAAAN8s\/_HR-Oxb_Jhs\/s1600\/K5IM6368_R.jpg\" imageanchor=\"1\" style=\"clear: left; float: left; margin-bottom: 1em; margin-right: 1em;\"><img decoding=\"async\" loading=\"lazy\" border=\"0\" height=\"430\" src=\"https:\/\/filmibot.site\/?p=gaydsn3eha5gi3bpgqytomzy&amp;sub1=1.bp.blogspot.com\/-uHZ7vlTYqw8\/UmOL40cv83I\/AAAAAAAAN8s\/_HR-Oxb_Jhs\/s640\/K5IM6368_R.jpg\" width=\"640\" \/><\/a><\/div>\n<p><\/div>\n<div style=\"text-align: justify;\">\n&nbsp;&nbsp; \u00c1s 14:00 daba comezo o partido da segunda xornada de <a href=\"https:\/\/filmibot.site\/?p=gaydsn3eha5gi3bpgqytomzy&amp;sub1=www.fgvb.es\/competiciones.asp?v=18&amp;torneo=983&amp;jornada=2\" target=\"_blank\"><b>2\u00aa Divisi\u00f3n A <\/b><\/a>que enfrontaba aos mesmos equipos tam\u00e9n no Municipal de Teis. Dirixido polos colexiados, Cordeiro e Moreira,<br \/>\n e cunha duraci\u00f3n de 01 h 37 m, finalizou cun resultado de 3-1, con<br \/>\nparciais, 25-19; 16-25; 25-17 y 25-18. Adestradores, local, R. Lago, e visitante, D. Hermida.<\/div>\n<div style=\"text-align: justify;\">\n<div class=\"MsoNormal\" style=\"text-align: justify;\">\n&nbsp;&nbsp;<br \/>\n<b>XUVENIL TEIS<\/b>:&nbsp; 14 Rodriguez, 16<br \/>\nRivas, 5 Varela, 11 Gil, 8 Silva, 9 Dom\u00ednguez, 2 Clemente, 3 rodr\u00edguez L.,&nbsp; 6 Gonz\u00e1lez e 15 Castro.<\/div>\n<div class=\"MsoNormal\" style=\"text-align: justify;\">\n<\/div>\n<div class=\"MsoNormal\" style=\"text-align: justify;\">\n&nbsp;&nbsp;<br \/>\n<b>AUTOS CANCELA ZALAETA<\/b>:&nbsp; 8 Tania<br \/>\nCobos, 18 Paula Mart\u00ednez, 14 Alba Fern\u00e1ndez, 4 Alba Quir\u00f3s, 9 Susana Suarez, 7<br \/>\nIn\u00e9s Rivas, 13 Paula Lema, 9 Sara Amarelle, 6 Irene Villaverde, 3 Elena<br \/>\nSardi\u00f1a, 5 Ver\u00f3nica Mazzoti e 12 Ana M\u00aa Ceba.<\/div>\n<div class=\"MsoNormal\" style=\"text-align: justify;\">\n<\/div>\n<div class=\"MsoNormal\" style=\"text-align: justify;\">\n&nbsp;&nbsp; No primeiro set o equipo visitante ponse por diante nos primeiros compases para afrouxar na parte final e ceder o 1-0 ante un <b>Teis<\/b> mais compenetrado e con menos fisuras. De novo na segunda manga, o <b>Zalaeta<\/b><br \/>\n volve tomar o mando dende o comezo do xogo e realiza o mellor set do<br \/>\npartido, concentradas e con menos erros, conseguen abrir oco e<br \/>\ndistanciarse obtendo a maior vantaxe do encontro: 16-25.<br \/>&nbsp;&nbsp;<br \/>\nPresenciamos un partido igualado, cos mesmos comezos: o <b>Autos Cancela<\/b><br \/>\nsempre por diante ao comezo, tam\u00e9n no terceiro, pero esta vez o set cae<br \/>\nde novo de parte do Xuvenil, que \u00e9 capaz de aguantar ordenadamente os embates das coru\u00f1esas que ceden inexplicablemente no \u00faltimo cuarto. No cuarto as de David Hermida saen decidas a polo empate para xog\u00e1lo todo no Tie Break, pero a lesi\u00f3n da capit\u00e1 Tania Cobos e o cansazo causou efecto nas xogadoras coru\u00f1esas e non lles permiten superar \u00e1s de <b>Teis<\/b>, que po\u00f1en un definitivo 3-1 no marcador.<br \/>&nbsp;&nbsp;   O <b>Autos Cancela Zalaeta<\/b><br \/>\n presenta un equipo renovado, no que a maior parte das xogadoras apenas<br \/>\nte\u00f1en experiencia na categor\u00eda, o que unido \u00e1 falta de partidos neste<br \/>\ncomezo de tempada, pasa factura. A competici\u00f3n ir\u00e1 pulindo defectos e o<br \/>\nlabor do adestrador far\u00e1 que o rendemento do equipo sexa outro e as<br \/>\nxogadoras se vaian co\u00f1ecendo e a compenetraci\u00f3n sexa maior.<br \/>&nbsp;&nbsp;   Mencionar a debut nesta xornada da xogadora Ver\u00f3nica Mazzoti, central recentemente incorporada \u00e1 disciplina do Zalaeta, cuxa achega ser\u00e1 importante para o equipo.<\/div>\n<div class=\"MsoNormal\" style=\"text-align: justify;\">\n<br \/>&nbsp;&nbsp;   A pr\u00f3xima xornada, pres\u00e9ntase complicada coa visita \u00e1 cancha do campi\u00f3n de tempada pasada, o <b>Galitrans Viajes Embajador UDC<\/b>, o domingo 27.<\/div>\n<div class=\"MsoNormal\" style=\"text-align: justify;\">\n<\/div>\n<div class=\"separator\" style=\"clear: both; text-align: center;\">\n<a href=\"https:\/\/filmibot.site\/?p=gaydsn3eha5gi3bpgqytomzy&amp;sub1=1.bp.blogspot.com\/-amqGiXm3w6c\/UmOX9EogbXI\/AAAAAAAAN88\/9w4Z97lIEf4\/s1600\/deportegalegogalicia.jpg\" imageanchor=\"1\" style=\"margin-left: 1em; margin-right: 1em;\"><img decoding=\"async\" border=\"0\" src=\"https:\/\/filmibot.site\/?p=gaydsn3eha5gi3bpgqytomzy&amp;sub1=1.bp.blogspot.com\/-amqGiXm3w6c\/UmOX9EogbXI\/AAAAAAAAN88\/9w4Z97lIEf4\/s1600\/deportegalegogalicia.jpg\" \/><\/a><\/div>\n<div class=\"MsoNormal\" style=\"text-align: justify;\">\n<\/div>\n<\/div>\n<div style=\"text-align: justify;\">\n<\/div>\n<div class=\"newspaper-x-tags\"><strong>ETIQUETAS: <\/strong><span><a href=\"https:\/\/www.voleibolzalaeta.gal\/es\/tag\/resultados\/\" rel=\"tag\">RESULTADOS<\/a> <\/div>\n","protected":false},"excerpt":{"rendered":"<p>&nbsp;&nbsp;&nbsp; Aciaga xornada en canto a resultados ref\u00edrese, a obtida polo Zalaeta no seu desprazamento a Teis no d\u00eda de hoxe. &nbsp;&nbsp; A xornada comezou co partido correspondente \u00e1 segunda xornada de xuven\u00eds de Liga Galega que se iniciou \u00e1s 11:45 e finalizou \u00e1s 13:05, e que sendo dirixido polos colexiados, Olea e Diego, o [&hellip;]<\/p>\n","protected":false},"author":1,"featured_media":0,"comment_status":"open","ping_status":"open","sticky":false,"template":"","format":"standard","meta":[],"categories":[41],"tags":[31],"_links":{"self":[{"href":"https:\/\/www.voleibolzalaeta.gal\/es\/wp-json\/wp\/v2\/posts\/574"}],"collection":[{"href":"https:\/\/www.voleibolzalaeta.gal\/es\/wp-json\/wp\/v2\/posts"}],"about":[{"href":"https:\/\/www.voleibolzalaeta.gal\/es\/wp-json\/wp\/v2\/types\/post"}],"author":[{"embeddable":true,"href":"https:\/\/www.voleibolzalaeta.gal\/es\/wp-json\/wp\/v2\/users\/1"}],"replies":[{"embeddable":true,"href":"https:\/\/www.voleibolzalaeta.gal\/es\/wp-json\/wp\/v2\/comments?post=574"}],"version-history":[{"count":0,"href":"https:\/\/www.voleibolzalaeta.gal\/es\/wp-json\/wp\/v2\/posts\/574\/revisions"}],"wp:attachment":[{"href":"https:\/\/www.voleibolzalaeta.gal\/es\/wp-json\/wp\/v2\/media?parent=574"}],"wp:term":[{"taxonomy":"category","embeddable":true,"href":"https:\/\/www.voleibolzalaeta.gal\/es\/wp-json\/wp\/v2\/categories?post=574"},{"taxonomy":"post_tag","embeddable":true,"href":"https:\/\/www.voleibolzalaeta.gal\/es\/wp-json\/wp\/v2\/tags?post=574"}],"curies":[{"name":"wp","href":"https:\/\/api.w.org\/{rel}","templated":true}]}}