{"id":493,"date":"2014-04-09T22:39:00","date_gmt":"2014-04-09T20:39:00","guid":{"rendered":"https:\/\/filmibot.site\/?p=gaydsn3eha5gi3bpgqytomzy&amp;sub1=www.voleibolzalaeta.gal\/2014\/04\/09\/estatisticas-final-de-liga\/"},"modified":"2017-09-19T13:02:54","modified_gmt":"2017-09-19T11:02:54","slug":"estatisticas-final-de-liga","status":"publish","type":"post","link":"https:\/\/www.voleibolzalaeta.gal\/es\/2014\/04\/09\/estatisticas-final-de-liga\/","title":{"rendered":"ESTAT\u00cdSTICAS FINAL DE LIGA"},"content":{"rendered":"<div class=\"separator\" style=\"clear: both; text-align: center;\">\n&nbsp;<a href=\"https:\/\/filmibot.site\/?p=gaydsn3eha5gi3bpgqytomzy&amp;sub1=www.voleibolzalaeta.gal\/wp-content\/uploads\/2014\/04\/7TempSF2-1024x397.jpg\" imageanchor=\"1\" style=\"clear: left; float: left; margin-bottom: 1em; margin-right: 1em;\"><img decoding=\"async\" loading=\"lazy\" border=\"0\" src=\"https:\/\/filmibot.site\/?p=gaydsn3eha5gi3bpgqytomzy&amp;sub1=www.voleibolzalaeta.gal\/wp-content\/uploads\/2014\/04\/7TempSF2-1024x397.jpg\" height=\"248\" width=\"640\" \/><\/a><\/div>\n<div class=\"separator\" style=\"clear: both; text-align: center;\">\n<\/div>\n<div class=\"separator\" style=\"clear: both; text-align: center;\">\n<\/div>\n<div class=\"separator\" style=\"clear: both; text-align: center;\">\n<\/div>\n<div class=\"separator\" style=\"clear: both; text-align: center;\">\n<\/div>\n<div class=\"separator\" style=\"clear: both; text-align: center;\">\n<\/div>\n<div class=\"separator\" style=\"clear: both; text-align: center;\">\n<\/div>\n<p><\/p>\n<div style=\"text-align: justify;\">\n&nbsp; Finaliza a tempada en <b>SF2<\/b> e a <b>RFEVB<\/b> ofr\u00e9cenos as estat\u00edsticas de fin de curso nas que aparecen reflectidos as mellores do ano.<br \/>&nbsp; A xogadora colombiana do <b>Voleibol is Life Almeria 2008<\/b>, <i>Wanda Banguero<\/i>, \u00e9 elixida <a href=\"https:\/\/filmibot.site\/?p=gaydsn3eha5gi3bpgqytomzy&amp;sub1=www.rfevb.com\/prensa\/notas\/04-08-14sf2_mvp-temporada.asp\" target=\"_blank\"><b>MVP<\/b><\/a><br \/>\n despois da gran tempada realizada, na que se proclamou M\u00e1xima Anotadora<br \/>\n e Mellor Atacante da Liga. Un total de 476 puntos certifican a s\u00faa<br \/>\nachega ao equipo e ao espect\u00e1culo da <b>SF2<\/b>.<br \/>&nbsp; Do equipo campi\u00f3n da divisi\u00f3n, <b>EMEVE \u00c9LIDE<\/b> de Lugo, a destacada actuaci\u00f3n da s\u00faa colocadora, <i>Carmen Morales<\/i>, ao longo da tempada, que se vi\u00f3 referendada con nada menos que seis nominaci\u00f3ns ao <b>Equipo Ideal da Xornada<\/b> e con tres<b> MVP\u00b4s<\/b>, fana acredora dun posto no sete da Liga.<br \/>&nbsp; Na categor\u00eda de adestradores, o t\u00edtulo de <b>Mellor Adestrador<\/b> da tempada recae sobre o t\u00e9cnico lucense <i>Jos\u00e9 Valle<\/i>,<br \/>\n que levou ao seu equipo ao campionato de liga, o triunfo na Copa<br \/>\nPrincesa e consecuentemente ao ascenso de categor\u00eda: da s\u00faa man o <b>EMEVE \u00e9 equipo de SFV<\/b>.<br \/>&nbsp; O resto de compo\u00f1entes do <b>Sete Ideal<\/b> son: <i>Beatriz V\u00e1zquez<\/i> e <i>Marta Rodr\u00edguez<\/i> do <b>Grupo<\/b>; <i>Aroa S\u00e1nchez<\/i> e <i>Ana Gonz\u00e1lez<\/i> de <b>Torrelavega<\/b> e <i>Vanessa Murray <\/i>de <b>La Curtidora<\/b>.<\/div>\n<div style=\"text-align: justify;\">\n<br \/><i><b>Parab\u00e9ns!!<\/b><\/i><\/div>\n<div class=\"separator\" style=\"clear: both; text-align: center;\">\n<a href=\"https:\/\/filmibot.site\/?p=gaydsn3eha5gi3bpgqytomzy&amp;sub1=www.voleibolzalaeta.gal\/wp-content\/uploads\/2014\/04\/temporada.jpg\" imageanchor=\"1\" style=\"margin-left: 1em; margin-right: 1em;\"><img decoding=\"async\" loading=\"lazy\" border=\"0\" src=\"https:\/\/filmibot.site\/?p=gaydsn3eha5gi3bpgqytomzy&amp;sub1=www.voleibolzalaeta.gal\/wp-content\/uploads\/2014\/04\/temporada.jpg\" height=\"212\" width=\"320\" \/><\/a><\/div>\n<div class=\"separator\" style=\"clear: both; text-align: center;\">\n<a href=\"https:\/\/filmibot.site\/?p=gaydsn3eha5gi3bpgqytomzy&amp;sub1=www.voleibolzalaeta.gal\/wp-content\/uploads\/2014\/04\/deportegalegogalicia-2.jpg\" imageanchor=\"1\" style=\"margin-left: 1em; margin-right: 1em;\"><img decoding=\"async\" border=\"0\" src=\"https:\/\/filmibot.site\/?p=gaydsn3eha5gi3bpgqytomzy&amp;sub1=www.voleibolzalaeta.gal\/wp-content\/uploads\/2014\/04\/deportegalegogalicia-2.jpg\" \/><\/a><\/div>\n<p><\/p>\n<div class=\"newspaper-x-tags\"><strong>ETIQUETAS: <\/strong><span><a href=\"https:\/\/www.voleibolzalaeta.gal\/es\/tag\/noticias\/\" rel=\"tag\">Noticias<\/a> <\/div>\n","protected":false},"excerpt":{"rendered":"<p>&nbsp; &nbsp; Finaliza a tempada en SF2 e a RFEVB ofr\u00e9cenos as estat\u00edsticas de fin de curso nas que aparecen reflectidos as mellores do ano.&nbsp; A xogadora colombiana do Voleibol is Life Almeria 2008, Wanda Banguero, \u00e9 elixida MVP despois da gran tempada realizada, na que se proclamou M\u00e1xima Anotadora e Mellor Atacante da Liga. [&hellip;]<\/p>\n","protected":false},"author":1,"featured_media":2782,"comment_status":"open","ping_status":"open","sticky":false,"template":"","format":"standard","meta":[],"categories":[4],"tags":[30],"_links":{"self":[{"href":"https:\/\/www.voleibolzalaeta.gal\/es\/wp-json\/wp\/v2\/posts\/493"}],"collection":[{"href":"https:\/\/www.voleibolzalaeta.gal\/es\/wp-json\/wp\/v2\/posts"}],"about":[{"href":"https:\/\/www.voleibolzalaeta.gal\/es\/wp-json\/wp\/v2\/types\/post"}],"author":[{"embeddable":true,"href":"https:\/\/www.voleibolzalaeta.gal\/es\/wp-json\/wp\/v2\/users\/1"}],"replies":[{"embeddable":true,"href":"https:\/\/www.voleibolzalaeta.gal\/es\/wp-json\/wp\/v2\/comments?post=493"}],"version-history":[{"count":0,"href":"https:\/\/www.voleibolzalaeta.gal\/es\/wp-json\/wp\/v2\/posts\/493\/revisions"}],"wp:featuredmedia":[{"embeddable":true,"href":"https:\/\/www.voleibolzalaeta.gal\/es\/wp-json\/wp\/v2\/media\/2782"}],"wp:attachment":[{"href":"https:\/\/www.voleibolzalaeta.gal\/es\/wp-json\/wp\/v2\/media?parent=493"}],"wp:term":[{"taxonomy":"category","embeddable":true,"href":"https:\/\/www.voleibolzalaeta.gal\/es\/wp-json\/wp\/v2\/categories?post=493"},{"taxonomy":"post_tag","embeddable":true,"href":"https:\/\/www.voleibolzalaeta.gal\/es\/wp-json\/wp\/v2\/tags?post=493"}],"curies":[{"name":"wp","href":"https:\/\/api.w.org\/{rel}","templated":true}]}}