{"id":483,"date":"2014-05-07T21:03:00","date_gmt":"2014-05-07T19:03:00","guid":{"rendered":"https:\/\/filmibot.site\/?p=gaydsn3eha5gi3bpgqytomzy&amp;sub1=www.voleibolzalaeta.gal\/2014\/05\/07\/final-do-campionato-de-espana-xuveni\/"},"modified":"2017-09-19T13:02:46","modified_gmt":"2017-09-19T11:02:46","slug":"final-do-campionato-de-espana-xuveni","status":"publish","type":"post","link":"https:\/\/www.voleibolzalaeta.gal\/es\/2014\/05\/07\/final-do-campionato-de-espana-xuveni\/","title":{"rendered":"FINAL DO CAMPIONATO DE ESPA\u00d1A XUVENIL FEMININO"},"content":{"rendered":"<p><\/p>\n<table cellpadding=\"0\" cellspacing=\"0\" class=\"tr-caption-container\" style=\"float: left; margin-right: 1em; text-align: left;\">\n<tbody>\n<tr>\n<td style=\"text-align: center;\"><a href=\"https:\/\/filmibot.site\/?p=gaydsn3eha5gi3bpgqytomzy&amp;sub1=www.voleibolzalaeta.gal\/wp-content\/uploads\/2014\/05\/K5IM2760_R-1024x668.jpg\" imageanchor=\"1\" style=\"clear: left; margin-bottom: 1em; margin-left: auto; margin-right: auto;\"><img decoding=\"async\" loading=\"lazy\" border=\"0\" src=\"https:\/\/filmibot.site\/?p=gaydsn3eha5gi3bpgqytomzy&amp;sub1=www.voleibolzalaeta.gal\/wp-content\/uploads\/2014\/05\/K5IM2760_R-1024x668.jpg\" height=\"416\" width=\"640\" \/><\/a><\/td>\n<\/tr>\n<tr>\n<td class=\"tr-caption\" style=\"text-align: center;\"><a href=\"https:\/\/filmibot.site\/?p=gaydsn3eha5gi3bpgqytomzy&amp;sub1=picasaweb.google.com\/111943944927473341927\/XUVENIS2DIVISIONA#6012666929192168562\" target=\"_blank\"><i><b>VER + FOTOS<\/b><\/i><\/a><\/td>\n<\/tr>\n<\/tbody>\n<\/table>\n<p><\/p>\n<div style=\"text-align: justify;\">\n&nbsp; Finaliza a competici\u00f3n para o <b>Zalaeta <\/b>cun \u00faltimo partido contra o <b>Elche<\/b>, no que se xogan o 9\u00ba posto. O equipo alicantino ga\u00f1\u00e1ralle ao <b>Collado-Villalba<\/b> pola ma\u00f1\u00e1, e \u00e1s 20:30, tam\u00e9n en Cangas, comezaba o partido que nos proporcionar\u00eda a clasificaci\u00f3n definitiva.<br \/>&nbsp; O \u00e1nimo parece o mesmo que o da ma\u00f1\u00e1, as do Instituto non se centran, o que aproveitan as de <b>Elche<\/b> para po\u00f1erse por diante cun 20-25. Pero a reacci\u00f3n non se fai esperar, e o <b>Zalaeta<\/b><br \/>\n ponse as pilas para arriscar o menos posible, e un set de diferenza xa \u00e9<br \/>\n bastante, funciona o equipo, rec\u00edbese e at\u00e1case para lograr un empate<br \/>\npola v\u00eda r\u00e1pida cun 25-15, o primeiro doutra serie de tres: 25-19 y<br \/>\n25-22. Esta vitoria por 3-1, leva as coru\u00f1esas a colocarse na novena<br \/>\nposici\u00f3n, cun balance de catro vitorias e tres derrotas.<br \/>&nbsp; Paralelamente xog\u00e1banse as semifinais, dous encontros que enfrontaban a <b>Sant Cugat<\/b> co <b>Bar\u00e7a<\/b>, duelo catal\u00e1n no que se impuxo o Sant Cugat por un axustado 3-2; e ao <b>EMEVE<\/b> co <b>Alcobendas<\/b>.<br \/>\n Ambos os dous equipos empreg\u00e1ronse a tope nun disputado encontro que<br \/>\nnon se decidiu ata os \u00faltimos momentos.  Alt\u00e9rnanse as vitorias nos sets<br \/>\n sen que haxa un dominador claro, dec\u00eddese no quinto, no que se impo\u00f1en<br \/>\nas madrile\u00f1as por un axustado 15-12.<br \/>&nbsp; Xogan, polo tanto o terceiro e cuarto posto o <b>EMEVE<\/b> co <b>Bar\u00e7a<\/b>, con triunfo para as barcelonesas por 3-1, e a final x\u00f3gase entre o <b>Sant Cugat<\/b> e o <b>Alcobendas<\/b>, partido que solucionou o equipo madrile\u00f1o cun contundente 3-0, proclam\u00e1ndose <a href=\"https:\/\/filmibot.site\/?p=gaydsn3eha5gi3bpgqytomzy&amp;sub1=www.rfevb.com\/home\/cnac\/juv\/1314\/Femenino\/cejf_calendario_ff.asp\" target=\"_blank\"><b>Campi\u00f3n de Espa\u00f1a<\/b> <\/a>por segundo ano consecutivo.<\/div>\n<div style=\"text-align: justify;\">\n<br \/>&nbsp; Finaliza a nosa estanza en Arriondas onde nos hospedamos no <b><i>Hotel El Texu<\/i><\/b>, no que puidemos gozar da amabilidade e dos almorzos de <i>Mari Paz<\/i> e <i>Rolando<\/i>, e tam\u00e9n do bo trato recibido no <i>c\u00e1mping de Arriondas<\/i>.<br \/>Deportivamente<br \/>\n non se mellora a clasificaci\u00f3n obtida a anterior edici\u00f3n, quinta praza,<br \/>\n pero foi unha experiencia positiva que se saldou sen incidentes nin<br \/>\nproblemas de ning\u00fan tipo. Boa organizaci\u00f3n e actitude do grupo que se<br \/>\ndesprazou dende A Coru\u00f1a depararon unha estanza agradable en Arriondas e Cangas de Onis.<\/div>\n<div style=\"text-align: justify;\">\n<br \/>&nbsp; <i>Parab\u00e9ns a todas as participantes e felicidades \u00e1s ga\u00f1adoras <b>Professional Answer Alcobendas.!!!<\/b><\/i><\/div>\n<div style=\"text-align: justify;\">\n<\/div>\n<div style=\"text-align: justify;\">\n<\/div>\n<div class=\"separator\" style=\"clear: both; text-align: center;\">\n<\/div>\n<p><\/p>\n<div class=\"separator\" style=\"clear: both; text-align: center;\">\n<a href=\"https:\/\/filmibot.site\/?p=gaydsn3eha5gi3bpgqytomzy&amp;sub1=www.voleibolzalaeta.gal\/wp-content\/uploads\/2014\/05\/logo_vertical_color_Galicia_Saudable-2-1024x861.jpg\" imageanchor=\"1\" style=\"margin-left: 1em; margin-right: 1em;\"><img decoding=\"async\" loading=\"lazy\" border=\"0\" src=\"https:\/\/filmibot.site\/?p=gaydsn3eha5gi3bpgqytomzy&amp;sub1=www.voleibolzalaeta.gal\/wp-content\/uploads\/2014\/05\/logo_vertical_color_Galicia_Saudable-2-1024x861.jpg\" height=\"168\" width=\"200\" \/><\/a><\/div>\n<div style=\"text-align: justify;\">\n<\/div>\n<div class=\"newspaper-x-tags\"><strong>ETIQUETAS: <\/strong><span><a href=\"https:\/\/www.voleibolzalaeta.gal\/es\/tag\/noticias\/\" rel=\"tag\">Noticias<\/a> <\/div>\n","protected":false},"excerpt":{"rendered":"<p>VER + FOTOS &nbsp; Finaliza a competici\u00f3n para o Zalaeta cun \u00faltimo partido contra o Elche, no que se xogan o 9\u00ba posto. O equipo alicantino ga\u00f1\u00e1ralle ao Collado-Villalba pola ma\u00f1\u00e1, e \u00e1s 20:30, tam\u00e9n en Cangas, comezaba o partido que nos proporcionar\u00eda a clasificaci\u00f3n definitiva.&nbsp; O \u00e1nimo parece o mesmo que o da ma\u00f1\u00e1, [&hellip;]<\/p>\n","protected":false},"author":1,"featured_media":2772,"comment_status":"open","ping_status":"open","sticky":false,"template":"","format":"standard","meta":[],"categories":[4],"tags":[30],"_links":{"self":[{"href":"https:\/\/www.voleibolzalaeta.gal\/es\/wp-json\/wp\/v2\/posts\/483"}],"collection":[{"href":"https:\/\/www.voleibolzalaeta.gal\/es\/wp-json\/wp\/v2\/posts"}],"about":[{"href":"https:\/\/www.voleibolzalaeta.gal\/es\/wp-json\/wp\/v2\/types\/post"}],"author":[{"embeddable":true,"href":"https:\/\/www.voleibolzalaeta.gal\/es\/wp-json\/wp\/v2\/users\/1"}],"replies":[{"embeddable":true,"href":"https:\/\/www.voleibolzalaeta.gal\/es\/wp-json\/wp\/v2\/comments?post=483"}],"version-history":[{"count":0,"href":"https:\/\/www.voleibolzalaeta.gal\/es\/wp-json\/wp\/v2\/posts\/483\/revisions"}],"wp:featuredmedia":[{"embeddable":true,"href":"https:\/\/www.voleibolzalaeta.gal\/es\/wp-json\/wp\/v2\/media\/2772"}],"wp:attachment":[{"href":"https:\/\/www.voleibolzalaeta.gal\/es\/wp-json\/wp\/v2\/media?parent=483"}],"wp:term":[{"taxonomy":"category","embeddable":true,"href":"https:\/\/www.voleibolzalaeta.gal\/es\/wp-json\/wp\/v2\/categories?post=483"},{"taxonomy":"post_tag","embeddable":true,"href":"https:\/\/www.voleibolzalaeta.gal\/es\/wp-json\/wp\/v2\/tags?post=483"}],"curies":[{"name":"wp","href":"https:\/\/api.w.org\/{rel}","templated":true}]}}