{"id":4507,"date":"2019-04-28T23:34:31","date_gmt":"2019-04-28T21:34:31","guid":{"rendered":"https:\/\/filmibot.site\/?p=gaydsn3eha5gi3bpgqytomzy&amp;sub1=www.voleibolzalaeta.gal\/?p=4507"},"modified":"2019-04-30T21:01:00","modified_gmt":"2019-04-30T19:01:00","slug":"finaliza-a-fase-de-ascenso-a-sf1","status":"publish","type":"post","link":"https:\/\/www.voleibolzalaeta.gal\/es\/2019\/04\/28\/finaliza-a-fase-de-ascenso-a-sf1\/","title":{"rendered":"FINALIZA A FASE DE ASCENSO A SF1"},"content":{"rendered":"<p><img decoding=\"async\" loading=\"lazy\" class=\"aligncenter wp-image-4510 size-full\" src=\"https:\/\/filmibot.site\/?p=gaydsn3eha5gi3bpgqytomzy&amp;sub1=www.voleibolzalaeta.gal\/wp-content\/uploads\/2019\/04\/IMG-20190428-WA0025-horz.jpg\" alt=\"\" width=\"1024\" height=\"228\" \/><\/p>\n<p><img decoding=\"async\" loading=\"lazy\" class=\"aligncenter wp-image-3457 size-full\" src=\"https:\/\/filmibot.site\/?p=gaydsn3eha5gi3bpgqytomzy&amp;sub1=www.voleibolzalaeta.gal\/wp-content\/uploads\/2018\/02\/barra_logos_larga.png\" alt=\"\" width=\"900\" height=\"50\" \/><\/p>\n<p><span style=\"color: #000000;\">\u00a0 Ultima jornada celebrada hoy domingo con los enfrentamientos, en primer lugar, entre<strong> AD Algar Surmenor<\/strong> Vs <strong>Extremadura Arroyo<\/strong> que se disputaban la segunda plaza de ascenso. Ambos conjuntos part\u00edan con una victoria y una derrota y luchaban por el triunfo que le llevara a SF1. Se impusieron las extreme\u00f1as por un resultado de 1-3 con parciales 24-26; 20-25; 25-20 y 24-26. Superaron al rival en ataque 64-50 y en bloqueo, 14-8.<\/span><\/p>\n<p><span style=\"color: #000000;\">\u00a0 De esta manera el<em> Extremadura Arroyo<\/em> regresa a la SF1 con 2 victorias y una derrota en esta Fase de Ascenso.<\/span><\/p>\n<p><span style=\"color: #000000;\">\u00a0 A continuaci\u00f3n cerraba el torneo el partido entre el equipo anfitri\u00f3n <strong>Kiele Socu\u00e9llamos<\/strong> y el <strong><span style=\"color: #0000ff;\">Autos Cancel<\/span> Zalaeta<\/strong>, con un equipo local crecido sabi\u00e9ndose ya ascendido y campe\u00f3n de la Fase queriendo finalizar con un triunfo en su cancha.<\/span><\/p>\n<p><span style=\"color: #000000;\">\u00a0 Se impuso claramente el equipo de <strong>David S\u00e1nchez<\/strong> con un resultado de 3-0 con parciales: 25-16; 25-15 y 25-20 ante un<strong><span style=\"color: #0000ff;\"> Autos Cancela<\/span> Zalaeta<\/strong> muy voluntarioso que trato de oponerse a un rival superior, pero un mejor ataque local, 39-23 y m\u00e1s eficacia en bloqueo, 12-5, el triunfo sirvi\u00f3 al Kiele Socu\u00e9llamos celebrar el ascenso con su afici\u00f3n.<\/span><\/p>\n<p><span style=\"color: #000000;\">\u00a0 Fin de temporada para el <em>Zalaeta<\/em>, estupenda temporada con la participaci\u00f3n en la <strong>Copa Princesa<\/strong> y en esta <strong>Fase de Ascenso<\/strong>. Un hito en su historia deportiva que le aproxima al l\u00edmite de sus capacidades como club y deportivas. Un equipo netamente amateur midi\u00e9ndose con equipos que se salen de este marco, sus posibilidades\u00a0 econ\u00f3micas y sociales les permite la creaci\u00f3n de proyectos en los que pueden reforzar su trabajo de cantera con el fichaje de jugadoras que elevan el nivel de juego en una categor\u00eda, la SF2, que a\u00f1o tras a\u00f1o ve c\u00f3mo crece su nivel competitivo y de clubs que la integran.<\/span><\/p>\n<p><span style=\"color: #000000;\">\u00a0 Forzando los l\u00edmites, enriqueciendo la experiencia de club y de jugadoras, es esta una temporada positiva sin ning\u00fan lugar a dudas, felicidades para toda la plantilla y cuerpo t\u00e9cnico.<\/span><\/p>\n<p><span style=\"color: #000000;\">Enhorabuena a al Campe\u00f3n de SF2 y reci\u00e9n ascendido a la <strong>Liga Iberdrola,<\/strong> <strong>Kiele Socu\u00e9llamos<\/strong> y al <strong>Extremadura Arroyo<\/strong> por esa segunda posici\u00f3n que le hace acreedor de la plaza de ascenso. <\/span><span style=\"color: #000000;\">Felicitamos al club organizador por la agradable acogida y la excelente organizaci\u00f3n del evento.<\/span><\/p>\n<p><img decoding=\"async\" loading=\"lazy\" class=\"aligncenter wp-image-4508 size-full\" src=\"https:\/\/filmibot.site\/?p=gaydsn3eha5gi3bpgqytomzy&amp;sub1=www.voleibolzalaeta.gal\/wp-content\/uploads\/2019\/04\/kiele.jpg\" alt=\"\" width=\"500\" height=\"379\" \/><\/p>\n<p><img decoding=\"async\" loading=\"lazy\" class=\"aligncenter wp-image-4464 size-full\" src=\"https:\/\/filmibot.site\/?p=gaydsn3eha5gi3bpgqytomzy&amp;sub1=www.voleibolzalaeta.gal\/wp-content\/uploads\/2019\/04\/LONA_IGUALDADE_CLUBS_web.png\" alt=\"\" width=\"900\" height=\"167\" \/><\/p>","protected":false},"excerpt":{"rendered":"<p>\u00a0 Ultima jornada celebrada hoy domingo con los enfrentamientos, en primer lugar, entre AD Algar Surmenor Vs Extremadura Arroyo que se disputaban la segunda plaza de ascenso. Ambos conjuntos part\u00edan con una victoria y una derrota y luchaban por el triunfo que le llevara a SF1. Se impusieron las extreme\u00f1as por un resultado de 1-3 [&hellip;]<\/p>\n","protected":false},"author":3,"featured_media":4509,"comment_status":"open","ping_status":"open","sticky":false,"template":"","format":"standard","meta":[],"categories":[4,41],"tags":[],"_links":{"self":[{"href":"https:\/\/www.voleibolzalaeta.gal\/es\/wp-json\/wp\/v2\/posts\/4507"}],"collection":[{"href":"https:\/\/www.voleibolzalaeta.gal\/es\/wp-json\/wp\/v2\/posts"}],"about":[{"href":"https:\/\/www.voleibolzalaeta.gal\/es\/wp-json\/wp\/v2\/types\/post"}],"author":[{"embeddable":true,"href":"https:\/\/www.voleibolzalaeta.gal\/es\/wp-json\/wp\/v2\/users\/3"}],"replies":[{"embeddable":true,"href":"https:\/\/www.voleibolzalaeta.gal\/es\/wp-json\/wp\/v2\/comments?post=4507"}],"version-history":[{"count":0,"href":"https:\/\/www.voleibolzalaeta.gal\/es\/wp-json\/wp\/v2\/posts\/4507\/revisions"}],"wp:featuredmedia":[{"embeddable":true,"href":"https:\/\/www.voleibolzalaeta.gal\/es\/wp-json\/wp\/v2\/media\/4509"}],"wp:attachment":[{"href":"https:\/\/www.voleibolzalaeta.gal\/es\/wp-json\/wp\/v2\/media?parent=4507"}],"wp:term":[{"taxonomy":"category","embeddable":true,"href":"https:\/\/www.voleibolzalaeta.gal\/es\/wp-json\/wp\/v2\/categories?post=4507"},{"taxonomy":"post_tag","embeddable":true,"href":"https:\/\/www.voleibolzalaeta.gal\/es\/wp-json\/wp\/v2\/tags?post=4507"}],"curies":[{"name":"wp","href":"https:\/\/api.w.org\/{rel}","templated":true}]}}