{"id":450,"date":"2014-09-28T17:48:00","date_gmt":"2014-09-28T15:48:00","guid":{"rendered":"https:\/\/filmibot.site\/?p=gaydsn3eha5gi3bpgqytomzy&amp;sub1=www.voleibolzalaeta.gal\/2014\/09\/28\/resultados-da-segunda-xornada-copa\/"},"modified":"2017-09-19T11:28:41","modified_gmt":"2017-09-19T09:28:41","slug":"resultados-da-segunda-xornada-copa","status":"publish","type":"post","link":"https:\/\/www.voleibolzalaeta.gal\/es\/2014\/09\/28\/resultados-da-segunda-xornada-copa\/","title":{"rendered":"RESULTADOS DA SEGUNDA XORNADA COPA GALICIA"},"content":{"rendered":"<div class=\"separator\" style=\"clear: both; text-align: center;\">\n<a href=\"https:\/\/filmibot.site\/?p=gaydsn3eha5gi3bpgqytomzy&amp;sub1=www.voleibolzalaeta.gal\/wp-content\/uploads\/2014\/09\/K5IM4233_1R-1024x565.jpg\" imageanchor=\"1\" style=\"clear: left; float: left; margin-bottom: 1em; margin-right: 1em;\"><img decoding=\"async\" loading=\"lazy\" border=\"0\" src=\"https:\/\/filmibot.site\/?p=gaydsn3eha5gi3bpgqytomzy&amp;sub1=www.voleibolzalaeta.gal\/wp-content\/uploads\/2014\/09\/K5IM4233_1R-1024x565.jpg\" height=\"352\" width=\"640\" \/><\/a><\/div>\n<div style=\"text-align: justify;\">\n&nbsp;&nbsp;<\/div>\n<div style=\"text-align: justify;\">\n&nbsp; Nova vitoria do <b>EMEVE<\/b> no Municipal de Teis na tarde do s\u00e1bado nos dous encontros disputados ante o <b>Fisiom\u00e1sZalaeta<\/b> e o <b>Xuvenil<\/b>,<br \/>\n que o sit\u00faan de l\u00edder na clasificaci\u00f3n da <a href=\"https:\/\/filmibot.site\/?p=gaydsn3eha5gi3bpgqytomzy&amp;sub1=www.fgvb.es\/competiciones.asp?v=18&amp;torneo=1296\" target=\"_blank\"><b>Copa Galicia<\/b><\/a> e que deste<br \/>\nmodo se alza como favorito, a para reeditar o t\u00edtulo na \u00faltima xornada a<br \/>\n celebrar o pr\u00f3ximo d\u00eda 4 en Lugo.<br \/>&nbsp; O <b>Xuvenil <\/b>imp\u00faxose ao <b>Zalaeta<\/b> empatando coas coru\u00f1esas na clasificaci\u00f3n, que superan as de Teis por unha pequena diferenza de puntos. Os resultados dos partidos xogados foron os seguintes:<\/div>\n<div style=\"text-align: justify;\">\n<br \/>&nbsp;&nbsp;&nbsp;&nbsp;&nbsp;&nbsp;&nbsp;&nbsp;&nbsp;&nbsp;&nbsp;&nbsp;&nbsp;                       <b>EMEVE<\/b> 2 &#8211; <b>Fisiom\u00e1sZalaeta<\/b> 1 &nbsp; &nbsp;&nbsp;&nbsp;&nbsp; &nbsp;&nbsp; (23-25; 25-21 e 25-20).<br \/>&nbsp;&nbsp;&nbsp;&nbsp;&nbsp;&nbsp;&nbsp;&nbsp;&nbsp;&nbsp;&nbsp;&nbsp;&nbsp;                       <b>Xuvenil Teis<\/b> 1 &#8211; <b>EMEVE<\/b> 2 &nbsp; &nbsp; &nbsp; &nbsp; &nbsp;&nbsp;&nbsp;&nbsp;&nbsp;&nbsp;&nbsp; (21-25; 17-25 e 25-23).<br \/>&nbsp;&nbsp;&nbsp;&nbsp;&nbsp;&nbsp;&nbsp;&nbsp;&nbsp;&nbsp;&nbsp;&nbsp;&nbsp; <b>                      Fisiom\u00e1sZalaeta<\/b> 1 &#8211; <b>Xuvenil Teis<\/b> 2&nbsp; (22-25; 18-25 e 25-21).<\/div>\n<div style=\"text-align: justify;\">\n<\/div>\n<div style=\"text-align: justify;\">\n\n<\/div>\n<div style=\"text-align: justify;\">\n<\/div>\n<div class=\"MsoNormal\" style=\"line-height: normal; margin-bottom: .0001pt; margin-bottom: 0cm;\">\n<b>Fisiom\u00e1sZalaeta<\/b>:&nbsp; Sara D\u00edaz, Lydia<br \/>\nAlonso, Cristina G. Bermejo, Andrea Rivas, Alba Quir\u00f3s, Tania Cobos, Patri<br \/>\nSantos, Sofi Hidalgo, Noa S\u00e1nchez, &nbsp;Irene<br \/>\nV\u00e1zquez, Sheyla Arias, e Tere V\u00e1zquez , adestradores: Jorge Barrero e Fernando<br \/>\nCueto.<\/div>\n<p><\/p>\n<div style=\"text-align: justify;\">\n<\/div>\n<div style=\"text-align: justify;\">\n<\/div>\n<div style=\"text-align: justify;\">\n<br \/>&nbsp; Segunda<br \/>\n xornada de Copa Galicia na que non mostramos a nosa mellor cara, dous<br \/>\npartidos ante dous rivais cun xogo moi distinto, pero nos que caemos nos<br \/>\nmesmos erros.<br \/>&nbsp; <i>\u00abA falta de ritmo e constancia, com\u00e9ntanos Fernando Cueto, custounos o primeiro partido, no que chegamos a dominar a EMEVE<br \/>\n 19-10 no primeiro set, grazas en parte a numerosos fallos das lucenses,<br \/>\n que tardaron moito en entrar no partido. No segundo set e terceiro,<br \/>\ncometemos numerosos fallos, ao igual que posteriormente contra o Xuvenil,<br \/>\n o rival dominounos cun xogo ao que non logramos adaptarnos, o cal<br \/>\np\u00faidonos mais psicoloxicamente, que t\u00e9cnica e tacticamente e que nos<br \/>\nfixo sentirnos inc\u00f3modos na cancha e nos levou ao punto no que o rival<br \/>\nquer\u00eda ternos.<br \/>&nbsp; Isto tennos que facer comprender que imos ter que<br \/>\ncompetir moi concentradas nunha liga regular de SF2 que se prev\u00e9 moi<br \/>\nigualada, e na que calquera pode ga\u00f1ar a calquera.<br \/>&nbsp; O fin de semana seguinte ser\u00e1 o m\u00e1is intenso da pretempada, xogaremos en Lugo<br \/>\n e o Torneo Villa de Aviles, e teremos m\u00e1is oportunidades de vernos<br \/>\ncontra outros rivais tam\u00e9n de SF2 e teremos novas oportunidades nas que<br \/>\nprobar a nosa evoluci\u00f3n\u00bb.<\/i><br \/>\n<i>&nbsp; <\/i><\/p>\n<div class=\"separator\" style=\"clear: both; text-align: center;\">\n<i><a href=\"https:\/\/filmibot.site\/?p=gaydsn3eha5gi3bpgqytomzy&amp;sub1=www.voleibolzalaeta.gal\/wp-content\/uploads\/2014\/09\/deportegalegogalicia.jpg\" imageanchor=\"1\" style=\"margin-left: 1em; margin-right: 1em;\"><img decoding=\"async\" border=\"0\" src=\"https:\/\/filmibot.site\/?p=gaydsn3eha5gi3bpgqytomzy&amp;sub1=www.voleibolzalaeta.gal\/wp-content\/uploads\/2014\/09\/deportegalegogalicia.jpg\" \/><\/a><\/i><\/div>\n<p><b><i>&nbsp;&nbsp; <\/i>Copa Federaci\u00f3n.<\/b><\/p>\n<div class=\"separator\" style=\"clear: both; text-align: center;\">\n<a href=\"https:\/\/filmibot.site\/?p=gaydsn3eha5gi3bpgqytomzy&amp;sub1=www.voleibolzalaeta.gal\/wp-content\/uploads\/2014\/09\/K5IM4472_R-1024x649.jpg\" imageanchor=\"1\" style=\"clear: left; float: left; margin-bottom: 1em; margin-right: 1em;\"><img decoding=\"async\" loading=\"lazy\" border=\"0\" src=\"https:\/\/filmibot.site\/?p=gaydsn3eha5gi3bpgqytomzy&amp;sub1=www.voleibolzalaeta.gal\/wp-content\/uploads\/2014\/09\/K5IM4472_R-1024x649.jpg\" height=\"404\" width=\"640\" \/><\/a><\/div>\n<p>&nbsp; Nova xornada da <a href=\"https:\/\/filmibot.site\/?p=gaydsn3eha5gi3bpgqytomzy&amp;sub1=www.fgvb.es\/competiciones.asp?v=18&amp;torneo=1314\" target=\"_blank\"><b>Copa Federaci\u00f3n<\/b><\/a> celebrada esta ma\u00f1\u00e1 no Polideportivo da Sagrada Familia, no que o <b>Autos Cancela Zalaeta<\/b> obt\u00e9n unha vitoria e unha derrota, resultados que lle serven para colocarse en segunda posici\u00f3n da t\u00e1boa detr\u00e1s do <b>Caldaria VoleyOurense<\/b>, empatado a puntos co <b>CV Pontevedra<\/b>, co XAV Cambados en cuarta posici\u00f3n.<\/p>\n<p>&nbsp;&nbsp; Estes foron os partidos xogados e os resultados:<\/p>\n<p>&nbsp;&nbsp; <b>Caldaria<\/b><b> VoleyOurense<\/b> 3 &#8211; <b>XAV Cambados<\/b>&nbsp; 0&nbsp;&nbsp;&nbsp;&nbsp; (25-28; 25-15 e 25-11).<br \/>&nbsp;&nbsp; <b>CV Pontevedra A<\/b>&nbsp; 2 &#8211; <b>Autos Cancela Zalaeta<\/b>&nbsp; 1&nbsp; (25-9; 25-23 e 21-25).<br \/>&nbsp;&nbsp;<b> Autos Cancela Zalaeta<\/b> 3 &#8211; <b>XAV Cambados<\/b>&nbsp; 0 &nbsp; &nbsp;&nbsp; (25-12; 25-15 e 25-17).<br \/>&nbsp;&nbsp; <b>Caldaria<\/b><b> VoleyOurense<\/b>&nbsp; 2 &#8211;<b> CV Pontevedra A<\/b>&nbsp; 1&nbsp; (25-11; 25-17 e 22-25).<\/p>\n<p><b>Autos Cancela Zalaeta<\/b>: Ana Calvo, Raquel Rey, Nerea Tabeayo, Lidia Gudge, In\u00e9s Rivas, Ana M\u00aa Ceba, Susana Suarez, Paula Lema, Sara R. Amarelle e Elena Sardi\u00f1a. Baixa por lesi\u00f3n na xornada de hoxe, Noem\u00ed V\u00e1zquez, adestrador, David Hermida.<\/p>\n<div class=\"separator\" style=\"clear: both; text-align: center;\">\n<a href=\"https:\/\/filmibot.site\/?p=gaydsn3eha5gi3bpgqytomzy&amp;sub1=www.voleibolzalaeta.gal\/wp-content\/uploads\/2014\/09\/GALICIASAUDABLE_Rhor.jpg\" imageanchor=\"1\" style=\"margin-left: 1em; margin-right: 1em;\"><img decoding=\"async\" loading=\"lazy\" border=\"0\" src=\"https:\/\/filmibot.site\/?p=gaydsn3eha5gi3bpgqytomzy&amp;sub1=www.voleibolzalaeta.gal\/wp-content\/uploads\/2014\/09\/GALICIASAUDABLE_Rhor.jpg\" height=\"45\" width=\"200\" \/><\/a><\/div>\n<div class=\"separator\" style=\"clear: both; text-align: center;\">\n<\/div>\n<div class=\"separator\" style=\"clear: both; text-align: center;\">\n<\/div>\n<div class=\"separator\" style=\"clear: both; text-align: center;\">\n<\/div>\n<div class=\"separator\" style=\"clear: both; text-align: center;\">\n<\/div>\n<p>\n<b>Copa Promesas<\/b><\/p>\n<div class=\"separator\" style=\"clear: both; text-align: center;\">\n<a href=\"https:\/\/filmibot.site\/?p=gaydsn3eha5gi3bpgqytomzy&amp;sub1=www.voleibolzalaeta.gal\/wp-content\/uploads\/2014\/09\/K5IM4492_R-1024x683.jpg\" imageanchor=\"1\" style=\"clear: left; float: left; margin-bottom: 1em; margin-right: 1em;\"><img decoding=\"async\" loading=\"lazy\" border=\"0\" src=\"https:\/\/filmibot.site\/?p=gaydsn3eha5gi3bpgqytomzy&amp;sub1=www.voleibolzalaeta.gal\/wp-content\/uploads\/2014\/09\/K5IM4492_R-1024x683.jpg\" height=\"426\" width=\"640\" \/><\/a><\/div>\n<p><b>&nbsp;<\/b><br \/>&nbsp; A competici\u00f3n de <a href=\"https:\/\/filmibot.site\/?p=gaydsn3eha5gi3bpgqytomzy&amp;sub1=www.fgvb.es\/competiciones.asp?v=18&amp;torneo=1308\" target=\"_blank\"><b>Promesas<\/b><\/a> tam\u00e9n xogou os seus partidos en xornada matutina de domingo. No Barrio das Flores da Coru\u00f1a d\u00e9ronse cita os equipos encadrados no Grupo Vermello que disputaron os seus partidos cos seguintes resultados:<\/p>\n<p>&nbsp;&nbsp;&nbsp;&nbsp;<b> <\/b><b>EMEVE<\/b> 3 &#8211; <b>CV Pontevedra<\/b> <b>B<\/b> 0&nbsp;&nbsp;&nbsp;&nbsp;&nbsp;&nbsp;&nbsp;&nbsp;&nbsp;&nbsp;&nbsp;&nbsp;&nbsp;&nbsp;&nbsp;&nbsp;&nbsp;&nbsp;&nbsp;&nbsp;&nbsp;&nbsp; &nbsp;&nbsp;&nbsp; (25-5; 25-6 e 25-2).<br \/>&nbsp;&nbsp;&nbsp;&nbsp; <b>Caldaria VoleyOurense<\/b> 3 &#8211; <b>CI Zalaeta<\/b> 0 &nbsp; &nbsp; &nbsp;&nbsp; &nbsp; &nbsp; &nbsp; (25-8; 25-9 e 25-21).<br \/>&nbsp;&nbsp; &nbsp; <b>EMEVE<\/b> 3 &#8211; <b>Caldaria VoleyOurense<\/b> 0&nbsp;&nbsp;&nbsp;&nbsp;&nbsp;&nbsp;&nbsp;&nbsp;&nbsp;&nbsp;&nbsp; &nbsp; &nbsp; &nbsp;&nbsp; (25-11; 25-12 e 25-10).<br \/>&nbsp;&nbsp;&nbsp;&nbsp;<b> CV Pontevedra B<\/b> 0 &#8211; <b>CI Zalaeta<\/b> 3&nbsp;&nbsp;&nbsp;&nbsp;&nbsp;&nbsp;&nbsp;&nbsp;&nbsp;&nbsp;&nbsp;&nbsp;&nbsp;&nbsp;&nbsp;&nbsp;&nbsp;&nbsp;&nbsp;&nbsp; &nbsp; (14-25; 25-27 e 19-25).<br \/>&nbsp;&nbsp;&nbsp;&nbsp; <b>Caldaria Voley Ourense<\/b> 3 &#8211; <b>CV Pontevedra B<\/b> 0&nbsp; (25-11; 25-9 e 25-15).<br \/>&nbsp;&nbsp;&nbsp;&nbsp; <b>CI Zalaeta<\/b> 0 &#8211; <b>EMEVE<\/b> 3&nbsp;&nbsp;&nbsp;&nbsp;&nbsp;&nbsp;&nbsp;&nbsp;&nbsp;&nbsp;&nbsp;&nbsp;&nbsp;&nbsp;&nbsp;&nbsp;&nbsp;&nbsp;&nbsp;&nbsp;&nbsp;&nbsp;&nbsp;&nbsp;&nbsp;&nbsp;&nbsp;&nbsp;&nbsp;&nbsp;&nbsp;&nbsp; &nbsp;&nbsp;&nbsp;&nbsp;&nbsp; (3-25; 6-25 e 5-25).<\/p>\n<p>&nbsp; Con estes resultados, o <b>EMEVE<\/b> encabeza o <b>Grupo Vermello<\/b> e m\u00e9tese na final A, o <b>VoleyOurense<\/b> en segunda posici\u00f3n logra o pase \u00e1 final B e o <b>CI Zalaeta<\/b> pasa \u00e1 final C na que se medir\u00e1 co <b>Nar\u00f3n Volea A<\/b> e o <b>XAV Cambados B.<\/b><br \/>\n<b>&nbsp; <\/b><b><\/b><br \/>\n<b><\/p>\n<p><\/b><\/p>\n<div class=\"MsoNormal\" style=\"text-align: justify;\">\nPolo <b>CI Zalaeta<\/b> xogaron: Cata L\u00f3pez, Salam Fern\u00e1ndez, Natalia Di Piazza, Paula<br \/>\nCresp\u00ed, Andrea Rial, Xoana, Noemi e Marina Dans. Adestradora, Mar\u00eda Mart\u00ednez.<\/div>\n<p><\/p>\n<div class=\"separator\" style=\"clear: both; text-align: center;\">\n<a href=\"https:\/\/filmibot.site\/?p=gaydsn3eha5gi3bpgqytomzy&amp;sub1=www.voleibolzalaeta.gal\/wp-content\/uploads\/2014\/09\/logoColoresNombre2014copia.png\" imageanchor=\"1\" style=\"margin-left: 1em; margin-right: 1em;\"><img decoding=\"async\" loading=\"lazy\" border=\"0\" src=\"https:\/\/filmibot.site\/?p=gaydsn3eha5gi3bpgqytomzy&amp;sub1=www.voleibolzalaeta.gal\/wp-content\/uploads\/2014\/09\/logoColoresNombre2014copia.png\" height=\"40\" width=\"200\" \/><\/a><\/div>\n<p>&nbsp;&nbsp; <\/p><\/div>\n<div style=\"text-align: justify;\">\n<\/div>\n<div style=\"text-align: justify;\">\n<i><\/i><\/div>\n<div class=\"separator\" style=\"clear: both; text-align: center;\">\n<\/div>\n<div class=\"separator\" style=\"clear: both; text-align: center;\">\n<\/div>\n<div class=\"separator\" style=\"clear: both; text-align: center;\">\n<\/div>\n<div class=\"separator\" style=\"clear: both; text-align: center;\">\n<\/div>\n<div class=\"separator\" style=\"clear: both; text-align: center;\">\n<i><\/i><\/div>\n<div class=\"separator\" style=\"clear: both; text-align: center;\">\n<i><\/i><\/div>\n<div class=\"separator\" style=\"clear: both; text-align: center;\">\n<i><\/i><\/div>\n<div class=\"separator\" style=\"clear: both; text-align: center;\">\n<i><\/i><\/div>\n<div class=\"separator\" style=\"clear: both; text-align: center;\">\n<i><\/i><\/div>\n<div class=\"separator\" style=\"clear: both; text-align: center;\">\n<i><\/i><\/div>\n<div class=\"separator\" style=\"clear: both; text-align: center;\">\n<i><\/i><\/div>\n<div class=\"separator\" style=\"clear: both; text-align: center;\">\n<i><\/i><\/div>\n<div class=\"separator\" style=\"clear: both; text-align: center;\">\n<i><\/i><\/div>\n<div class=\"separator\" style=\"clear: both; text-align: center;\">\n<i><\/i><\/div>\n<div class=\"separator\" style=\"clear: both; text-align: center;\">\n<i><\/i><\/div>\n<div class=\"separator\" style=\"clear: both; text-align: center;\">\n<i><\/i><\/div>\n<div class=\"newspaper-x-tags\"><strong>ETIQUETAS: <\/strong><span><a href=\"https:\/\/www.voleibolzalaeta.gal\/es\/tag\/resultados\/\" rel=\"tag\">RESULTADOS<\/a> <\/div>\n","protected":false},"excerpt":{"rendered":"<p>&nbsp;&nbsp; &nbsp; Nova vitoria do EMEVE no Municipal de Teis na tarde do s\u00e1bado nos dous encontros disputados ante o Fisiom\u00e1sZalaeta e o Xuvenil, que o sit\u00faan de l\u00edder na clasificaci\u00f3n da Copa Galicia e que deste modo se alza como favorito, a para reeditar o t\u00edtulo na \u00faltima xornada a celebrar o pr\u00f3ximo d\u00eda [&hellip;]<\/p>\n","protected":false},"author":1,"featured_media":2069,"comment_status":"open","ping_status":"open","sticky":false,"template":"","format":"standard","meta":[],"categories":[41],"tags":[31],"_links":{"self":[{"href":"https:\/\/www.voleibolzalaeta.gal\/es\/wp-json\/wp\/v2\/posts\/450"}],"collection":[{"href":"https:\/\/www.voleibolzalaeta.gal\/es\/wp-json\/wp\/v2\/posts"}],"about":[{"href":"https:\/\/www.voleibolzalaeta.gal\/es\/wp-json\/wp\/v2\/types\/post"}],"author":[{"embeddable":true,"href":"https:\/\/www.voleibolzalaeta.gal\/es\/wp-json\/wp\/v2\/users\/1"}],"replies":[{"embeddable":true,"href":"https:\/\/www.voleibolzalaeta.gal\/es\/wp-json\/wp\/v2\/comments?post=450"}],"version-history":[{"count":0,"href":"https:\/\/www.voleibolzalaeta.gal\/es\/wp-json\/wp\/v2\/posts\/450\/revisions"}],"wp:featuredmedia":[{"embeddable":true,"href":"https:\/\/www.voleibolzalaeta.gal\/es\/wp-json\/wp\/v2\/media\/2069"}],"wp:attachment":[{"href":"https:\/\/www.voleibolzalaeta.gal\/es\/wp-json\/wp\/v2\/media?parent=450"}],"wp:term":[{"taxonomy":"category","embeddable":true,"href":"https:\/\/www.voleibolzalaeta.gal\/es\/wp-json\/wp\/v2\/categories?post=450"},{"taxonomy":"post_tag","embeddable":true,"href":"https:\/\/www.voleibolzalaeta.gal\/es\/wp-json\/wp\/v2\/tags?post=450"}],"curies":[{"name":"wp","href":"https:\/\/api.w.org\/{rel}","templated":true}]}}