{"id":441,"date":"2014-10-16T22:21:00","date_gmt":"2014-10-16T20:21:00","guid":{"rendered":"https:\/\/filmibot.site\/?p=gaydsn3eha5gi3bpgqytomzy&amp;sub1=www.voleibolzalaeta.gal\/2014\/10\/16\/comenza-superliga-feminina-2\/"},"modified":"2017-09-19T11:28:30","modified_gmt":"2017-09-19T09:28:30","slug":"comenza-superliga-feminina-2","status":"publish","type":"post","link":"https:\/\/www.voleibolzalaeta.gal\/es\/2014\/10\/16\/comenza-superliga-feminina-2\/","title":{"rendered":"COMENZA A SUPERLIGA FEMININA 2"},"content":{"rendered":"<p><\/p>\n<div class=\"separator\" style=\"clear: both; text-align: center;\">\n<a href=\"https:\/\/filmibot.site\/?p=gaydsn3eha5gi3bpgqytomzy&amp;sub1=www.voleibolzalaeta.gal\/wp-content\/uploads\/2014\/10\/K5IM3943_R1-1024x593.jpg\" imageanchor=\"1\" style=\"clear: left; float: left; margin-bottom: 1em; margin-right: 1em;\"><img decoding=\"async\" loading=\"lazy\" border=\"0\" src=\"https:\/\/filmibot.site\/?p=gaydsn3eha5gi3bpgqytomzy&amp;sub1=www.voleibolzalaeta.gal\/wp-content\/uploads\/2014\/10\/K5IM3943_R1-1024x593.jpg\" height=\"370\" width=\"640\" \/><\/a><\/div>\n<div style=\"text-align: justify;\">\n&nbsp; Este fin de semana comeza a<br \/>\nLiga regular de <a href=\"https:\/\/filmibot.site\/?p=gaydsn3eha5gi3bpgqytomzy&amp;sub1=www.rfevb.com\/competiciones\/superliga-femenina-2\" target=\"_blank\"><b>SF2<\/b><\/a>, segunda categor\u00eda do Voleibol feminino, que esta<br \/>\ntempada retoma o seu formato de dous grupos.<br \/>&nbsp; Ao ter aumentado o n.\u00ba de equipos inscritos nesta categor\u00eda, a <a href=\"https:\/\/filmibot.site\/?p=gaydsn3eha5gi3bpgqytomzy&amp;sub1=www.rfevb.com\/\" target=\"_blank\"><b>RFEVB<\/b><\/a> decide a creaci\u00f3n de dous grupos, A e B,<br \/>\n que se encadran nunha divisi\u00f3n territorial con Madrid como punto de<br \/>\npartida ao ser a comunidade, que m\u00e1is equipos achega a esta categor\u00eda. O<br \/>\n Grupo A abrangue o norte e noroeste con tres equipo madrile\u00f1os e un dos representantes canarios; e o Grupo B, levante, centro e sur e o segundo representante das illas.<br \/>&nbsp; O <b>Fisiom\u00e1sZalaeta<\/b> inicia de novo a s\u00faa andaina, por terceiro ano consecutivo, na categor\u00eda de prata do volei espa\u00f1ol, cun equipo renovado respecto \u00e1 tempada pasada e cargado de ilusi\u00f3n, que se desprazar\u00e1 a Torrej\u00f3n de Ardoz coa intenci\u00f3n de puntuar na primeira oportunidade.<\/div>\n<div style=\"text-align: justify;\">\n&nbsp;A escuadra de Jorge Barrero sofre a baixa da importante xogadora sadense Patricia Suarez, que ficha polo F\u00edgaro Haris Tenerife,<br \/>\n<i> \u00ab\u00e9 unha baixa importante, <\/i>dinos o adestrador<i>, tr\u00e1tase dunha xogadora<br \/>\nmoi integrada no equipo, e cuxa capacidade anotadora seguro que<br \/>\nbotaremos de menos\u00bb.<\/i><br \/>&nbsp; A baixa da oposta obriga a mover ficha, e <i>\u00ab\u00e9 con<br \/>\nxogadoras da canteira coas que se completa o equipo deste ano e coa<br \/>\nachega doutras xogadoras veteranas que agora deber\u00e1n de ter m\u00e1is<br \/>\npresenza no xogo e m\u00e1is peso no marcador, <\/i>contin\u00faa Jorge Barrero<i>, deber\u00e1n de botarse enriba a responsabilidade do equipo\u00bb.<\/i><br \/>&nbsp; Un equipo con xogadoras da canteira galega, fundamentalmente da Coru\u00f1a,<br \/>\n coas que afrontar unha tempada coa referencia dos bos resultados<br \/>\nobtidos en anteriores campa\u00f1as, e co obxectivo de mellorar e tratar de<br \/>\nlograr un posto que dea entrada no play off polo ascenso que xogar\u00e1n os catro mellores dos dous grupos.<br \/>&nbsp; A<br \/>\n pretempada foi intensa, con suficientes partidos para estar rodado o<br \/>\nequipo, que alcanzou un bo nivel de xogo, e que fraguou posiblemente a<br \/>\ns\u00faa mellor arma, a compenetraci\u00f3n e o esp\u00edrito de equipo que caracteriza<br \/>\n a escuadra do Instituto.<br \/>&nbsp; Son baixa esta tempada tam\u00e9n a central Marga Echevarr\u00eda e a colocadora Maca Corbo. Incorp\u00f3ranse Patricia Gonz\u00e1lez, ex UDC, Teresa \u00c1lvarez, procedente de La Curtidora e soben ao primeiro equipo Tania Cobos e a xuvenil Alba Quir\u00f3s. Contin\u00faan Cristina G. Bermejo, Sheila Arias, Roc\u00edo Dur\u00e1n, Patricia Santos, Sof\u00eda Hidalgo, Noa S\u00e1nchez, Irene V\u00e1zquez, Sara D\u00edaz, Olalla G. Taibo e as xuven\u00eds, Lydia Alonso e Andrea Rivas.<\/p>\n<p>&nbsp; <\/p><\/div>\n<p><a href=\"https:\/\/filmibot.site\/?p=gaydsn3eha5gi3bpgqytomzy&amp;sub1=www.voleibolzalaeta.gal\/wp-content\/uploads\/2014\/10\/COCHE_2copia-3.jpg\" imageanchor=\"1\" style=\"clear: left; float: left; margin-bottom: 1em; margin-right: 1em;\"><img decoding=\"async\" border=\"0\" src=\"https:\/\/filmibot.site\/?p=gaydsn3eha5gi3bpgqytomzy&amp;sub1=www.voleibolzalaeta.gal\/wp-content\/uploads\/2014\/10\/COCHE_2copia-3.jpg\" \/><\/a>&nbsp;&nbsp; O partido dar\u00e1 comezo \u00e1s <b>19:30 do s\u00e1bado<\/b> no Municipal Jos\u00e9 Antonio Para\u00edso de Torrej\u00f3n. O desprazamento realizarase, como \u00e9 habitual, no autob\u00fas de <b>AUTOS CANCELA<\/b>, que realizar\u00e1 a s\u00faa sa\u00edda dende o Instituto de Zalaeta o <b>s\u00e1bado \u00e1s 08:15.<\/b><\/p>\n<p><b><i>BOA VIAXE E MOITA SORTE!!<\/i><\/b><\/p>\n<div style=\"text-align: justify;\">\n<\/div>\n<div class=\"separator\" style=\"clear: both; text-align: center;\">\n<\/div>\n<div class=\"separator\" style=\"clear: both; text-align: center;\">\n<\/div>\n<div class=\"separator\" style=\"clear: both; text-align: center;\">\n<\/div>\n<div class=\"separator\" style=\"clear: both; text-align: center;\">\n<\/div>\n<div class=\"separator\" style=\"clear: both; text-align: center;\">\n<\/div>\n<div class=\"separator\" style=\"clear: both; text-align: center;\">\n<a href=\"https:\/\/filmibot.site\/?p=gaydsn3eha5gi3bpgqytomzy&amp;sub1=www.voleibolzalaeta.gal\/wp-content\/uploads\/2014\/10\/GALICIASAUDABLE_Rhor-5.jpg\" imageanchor=\"1\" style=\"margin-left: 1em; margin-right: 1em;\"><img decoding=\"async\" loading=\"lazy\" border=\"0\" src=\"https:\/\/filmibot.site\/?p=gaydsn3eha5gi3bpgqytomzy&amp;sub1=www.voleibolzalaeta.gal\/wp-content\/uploads\/2014\/10\/GALICIASAUDABLE_Rhor-5.jpg\" height=\"45\" width=\"200\" \/><\/a><\/div>\n<div style=\"text-align: justify;\">\n<div class=\"separator\" style=\"clear: both; text-align: center;\">\n<a href=\"https:\/\/filmibot.site\/?p=gaydsn3eha5gi3bpgqytomzy&amp;sub1=www.voleibolzalaeta.gal\/wp-content\/uploads\/2014\/10\/K5IM4803_r1-1024x570.jpg\" imageanchor=\"1\" style=\"clear: left; float: left; margin-bottom: 1em; margin-right: 1em;\"><img decoding=\"async\" loading=\"lazy\" border=\"0\" src=\"https:\/\/filmibot.site\/?p=gaydsn3eha5gi3bpgqytomzy&amp;sub1=www.voleibolzalaeta.gal\/wp-content\/uploads\/2014\/10\/K5IM4803_r1-1024x570.jpg\" height=\"356\" width=\"640\" \/><\/a><\/div>\n<p>\n&nbsp; En canto \u00e1s Ligas galegas, o <b>Autos Cancela Zalaeta<\/b> que milita en <a href=\"https:\/\/filmibot.site\/?p=gaydsn3eha5gi3bpgqytomzy&amp;sub1=www.fgvb.es\/competiciones.asp?v=18&amp;torneo=1278\" target=\"_blank\">2\u00aa Div. A<\/a>,<br \/>\n descansa na xornada 2 do pr\u00f3ximo d\u00eda 18. Momentaneamente ocupa a cuarta<br \/>\n posici\u00f3n, con 2 puntos, despois da vitoria obtida sobre o Calasancias Coru\u00f1a na xornada inaugural.<\/p>\n<p>&nbsp; Na <a href=\"https:\/\/filmibot.site\/?p=gaydsn3eha5gi3bpgqytomzy&amp;sub1=www.fgvb.es\/competiciones.asp?v=18&amp;torneo=1281\" target=\"_blank\">Liga Xuvenil <\/a>enfrontaranse o 3\u00aa e 4\u00aa clasificado no<b> Pavill\u00f3n do Instituto Zalaeta<\/b> a partir das <b>12:00 do s\u00e1bado<\/b>.  O <b>Fisiom\u00e1sZalaeta<\/b> e o<b> Fisioterapia Cinesia Noia <\/b>enc\u00f3ntranse no grupo de seis equipos que despois da primeira xornada contabilizan 2 puntos.<\/p>\n<p>&nbsp; Como<br \/>\n previo a este partido celebrarase un encontro de Cadetes entre equipos<br \/>\nda canteira que ter\u00e1 como obxectivo a rodaxe das xogadoras de cara aos<br \/>\ncompromisos da tempada. Concentraci\u00f3n previa, \u00e1s 09:30.<\/p>\n<p>&nbsp; O equipo infantil de <a href=\"https:\/\/filmibot.site\/?p=gaydsn3eha5gi3bpgqytomzy&amp;sub1=www.fgvb.es\/competiciones.asp?v=18&amp;torneo=1285\" target=\"_blank\">Liga Galega<\/a> ten aprazado o seu partido ante o CV Ribeira Sacra de Monforte.<\/p>\n<div class=\"separator\" style=\"clear: both; text-align: center;\">\n<a href=\"https:\/\/filmibot.site\/?p=gaydsn3eha5gi3bpgqytomzy&amp;sub1=www.voleibolzalaeta.gal\/wp-content\/uploads\/2014\/10\/logoColoresNombre2014copia-4.png\" imageanchor=\"1\" style=\"margin-left: 1em; margin-right: 1em;\"><img decoding=\"async\" loading=\"lazy\" border=\"0\" src=\"https:\/\/filmibot.site\/?p=gaydsn3eha5gi3bpgqytomzy&amp;sub1=www.voleibolzalaeta.gal\/wp-content\/uploads\/2014\/10\/logoColoresNombre2014copia-4.png\" height=\"40\" width=\"200\" \/><\/a><\/div>\n<\/div>\n<div class=\"newspaper-x-tags\"><strong>ETIQUETAS: <\/strong><span><a href=\"https:\/\/www.voleibolzalaeta.gal\/es\/tag\/noticias\/\" rel=\"tag\">Noticias<\/a> <\/div>\n","protected":false},"excerpt":{"rendered":"<p>&nbsp; Este fin de semana comeza a Liga regular de SF2, segunda categor\u00eda do Voleibol feminino, que esta tempada retoma o seu formato de dous grupos.&nbsp; Ao ter aumentado o n.\u00ba de equipos inscritos nesta categor\u00eda, a RFEVB decide a creaci\u00f3n de dous grupos, A e B, que se encadran nunha divisi\u00f3n territorial con Madrid [&hellip;]<\/p>\n","protected":false},"author":1,"featured_media":2036,"comment_status":"open","ping_status":"open","sticky":false,"template":"","format":"standard","meta":[],"categories":[4],"tags":[30],"_links":{"self":[{"href":"https:\/\/www.voleibolzalaeta.gal\/es\/wp-json\/wp\/v2\/posts\/441"}],"collection":[{"href":"https:\/\/www.voleibolzalaeta.gal\/es\/wp-json\/wp\/v2\/posts"}],"about":[{"href":"https:\/\/www.voleibolzalaeta.gal\/es\/wp-json\/wp\/v2\/types\/post"}],"author":[{"embeddable":true,"href":"https:\/\/www.voleibolzalaeta.gal\/es\/wp-json\/wp\/v2\/users\/1"}],"replies":[{"embeddable":true,"href":"https:\/\/www.voleibolzalaeta.gal\/es\/wp-json\/wp\/v2\/comments?post=441"}],"version-history":[{"count":0,"href":"https:\/\/www.voleibolzalaeta.gal\/es\/wp-json\/wp\/v2\/posts\/441\/revisions"}],"wp:featuredmedia":[{"embeddable":true,"href":"https:\/\/www.voleibolzalaeta.gal\/es\/wp-json\/wp\/v2\/media\/2036"}],"wp:attachment":[{"href":"https:\/\/www.voleibolzalaeta.gal\/es\/wp-json\/wp\/v2\/media?parent=441"}],"wp:term":[{"taxonomy":"category","embeddable":true,"href":"https:\/\/www.voleibolzalaeta.gal\/es\/wp-json\/wp\/v2\/categories?post=441"},{"taxonomy":"post_tag","embeddable":true,"href":"https:\/\/www.voleibolzalaeta.gal\/es\/wp-json\/wp\/v2\/tags?post=441"}],"curies":[{"name":"wp","href":"https:\/\/api.w.org\/{rel}","templated":true}]}}