{"id":435,"date":"2014-10-26T15:36:00","date_gmt":"2014-10-26T13:36:00","guid":{"rendered":"https:\/\/filmibot.site\/?p=gaydsn3eha5gi3bpgqytomzy&amp;sub1=www.voleibolzalaeta.gal\/2014\/10\/26\/outros-resultados-ligas-galegas\/"},"modified":"2017-09-19T11:28:27","modified_gmt":"2017-09-19T09:28:27","slug":"outros-resultados-ligas-galegas","status":"publish","type":"post","link":"https:\/\/www.voleibolzalaeta.gal\/es\/2014\/10\/26\/outros-resultados-ligas-galegas\/","title":{"rendered":"OUTROS RESULTADOS: LIGAS GALEGAS."},"content":{"rendered":"<div class=\"separator\" style=\"clear: both; text-align: center;\">\n<a href=\"https:\/\/filmibot.site\/?p=gaydsn3eha5gi3bpgqytomzy&amp;sub1=www.voleibolzalaeta.gal\/wp-content\/uploads\/2014\/10\/XUVENIL_GIUDICE-1024x681.jpg\" imageanchor=\"1\" style=\"clear: left; float: left; margin-bottom: 1em; margin-right: 1em;\"><img decoding=\"async\" loading=\"lazy\" border=\"0\" src=\"https:\/\/filmibot.site\/?p=gaydsn3eha5gi3bpgqytomzy&amp;sub1=www.voleibolzalaeta.gal\/wp-content\/uploads\/2014\/10\/XUVENIL_GIUDICE-1024x681.jpg\" height=\"424\" width=\"640\" \/><\/a><\/div>\n<div class=\"separator\" style=\"clear: both; text-align: center;\">\n<\/div>\n<div style=\"text-align: justify;\">\n&nbsp; Desprazamento do equipo xuvenil a Bertamirans para xogar o encontro correspondente \u00e1 terceira xornada de liga ante o IES Ames.<br \/>&nbsp; O partido deu comezo \u00e1s 18:30 dirixido polos colexiados S\u00e1nchez e Ares e finalizou cun resultado favorable \u00e1s visitantes de 0-3, con parciais: 12-25; 16-25 y 7-25.<\/div>\n<div style=\"text-align: justify;\">\n<br \/><b>IES Ames<\/b>: Quevedos, Bost\u00e1n, Antelo, Rodr\u00edguez, Via\u00f1o, Rieibo, Castro, Torreira, Rios e P\u00e9rez.<\/p>\n<p>&nbsp;<b>C.I. Zalaeta<\/b>: :  In\u00e9s Rivas, Noem\u00ed V\u00e1zquez, Susana Suarez, Lidia Gudge, Nerea Tabeayo, Ana Calvo, Raquel Rey, Paula Lema e Ana M\u00aa Ceba.<\/div>\n<div style=\"text-align: justify;\">\n<br \/>&nbsp; Partido disputado no Municipal de Bertamirans con numeroso p\u00fablico e bo ambiente nas bancadas, onde o Zalaeta, baixo a direcci\u00f3n de Pepe D\u00edaz,<br \/>\n logra a s\u00faa terceira vitoria nun encontro doado para as coru\u00f1esas e que<br \/>\n lle serve para encabezar a <a href=\"https:\/\/filmibot.site\/?p=gaydsn3eha5gi3bpgqytomzy&amp;sub1=www.fgvb.es\/competiciones.asp?torneo=1281&amp;jornada=3\" target=\"_blank\">clasificaci\u00f3n<\/a> momentaneamente en solitario.<br \/>&nbsp; <i>\u00abA mellor do encontro foi Susana, <\/i>rel\u00e1tanos Pepe<i>, nun encontro no que o grupo tivo un bo comportamento. Cabe destacar a adaptaci\u00f3n das novas incorporaci\u00f3ns desta tempada, Noem\u00ed Vazquez, colocadora, e Lidia Gudge, receptora\u00bb.<\/i><\/div>\n<div style=\"text-align: justify;\">\n<i>&#8230;&#8230;&#8230;&#8230;&#8230;&#8230;&#8230;&#8230;&#8230;&#8230;&#8230;&#8230;&#8230;&#8230;&#8230;&#8230;&#8230;&#8230;&#8230;&#8230;. <\/i><\/div>\n<div style=\"text-align: justify;\">\n&nbsp; A continuaci\u00f3n xogouse o partido de 2\u00aa Div A, segundo da tempada do Autos Cancela, correspondente \u00e1 terceira xornada de liga, que o enfrontaba ao CV Bruxas.<br \/>&nbsp; Partido disputado, a pesar do que aparente o marcador, 0-3, con parciais, 23-25; 11-25 y 21-25. O Autos Cancela Zalaeta foi superior ao Bruxas<br \/>\n a\u00ednda que lle custou entrar no partido, disputando un primeiro set moi<br \/>\naxustado, e reaccionando no segundo que solucionou pola v\u00eda r\u00e1pida. No<br \/>\nterceiro de novo as locais subiron o nivel e non deixaron irse<br \/>\ndoadamente ao rival.<br \/>Hoxe era o d\u00eda de Susana, que para Pepe D\u00edaz,<br \/>\n<i> \u00abrealizou outro bo partido, sobre todo en defensa. Este foi un partido<br \/>\nno que houbo opci\u00f3ns de dar xogo a todas as xogadoras, o que fixo que os<br \/>\n sets se igualasen mais \u00ab.<\/i><br \/>&nbsp; S\u00famanse tres novos puntos que o fan escalar postos ao equipo na <a href=\"https:\/\/filmibot.site\/?p=gaydsn3eha5gi3bpgqytomzy&amp;sub1=www.fgvb.es\/competiciones.asp?v=18&amp;torneo=1278\" target=\"_blank\">clasificaci\u00f3n<\/a>.<\/div>\n<div style=\"text-align: justify;\">\n<br \/><b>CV Bruxas<\/b>: Quevedo, Gonz\u00e1lez, Aboy M., Rodr\u00edguez, Lizua\u00edn, Mart\u00ednez, Aboy, Antelo, Suarez, Catal\u00e1n e Mart\u00ednez.<\/div>\n<div style=\"text-align: justify;\">\n<br \/><b>Autos Cancela Zalaeta<\/b>: In\u00e9s Rivas, Noem\u00ed Giudice, Susana Suarez, Lidia Gudge, Nerea Tabeayo, Sara R. Amarelle, Elena Sardi\u00f1a e Paula Lema, Raquel Rey, Ana Calvo e Noem\u00ed V\u00e1zquez.<\/p>\n<div class=\"separator\" style=\"clear: both; text-align: center;\">\n<a href=\"https:\/\/filmibot.site\/?p=gaydsn3eha5gi3bpgqytomzy&amp;sub1=www.voleibolzalaeta.gal\/wp-content\/uploads\/2014\/10\/logoColoresNombre2014copia-1.png\" imageanchor=\"1\" style=\"margin-left: 1em; margin-right: 1em;\"><img decoding=\"async\" loading=\"lazy\" border=\"0\" src=\"https:\/\/filmibot.site\/?p=gaydsn3eha5gi3bpgqytomzy&amp;sub1=www.voleibolzalaeta.gal\/wp-content\/uploads\/2014\/10\/logoColoresNombre2014copia-1.png\" height=\"40\" width=\"200\" \/><\/a><\/div>\n<p>\n&#8230;&#8230;&#8230;&#8230;&#8230;&#8230;&#8230;&#8230;&#8230;&#8230;&#8230;&#8230;&#8230;&#8230;&#8230;&#8230;&#8230;&#8230;&#8230;&#8230;&#8230;&nbsp;<\/p>\n<p>LIGA ZONAL CADETE FEMININO<\/p>\n<p><\/p>\n<table cellpadding=\"0\" cellspacing=\"0\" class=\"tr-caption-container\" style=\"float: left; margin-right: 1em; text-align: left;\">\n<tbody>\n<tr>\n<td style=\"text-align: center;\"><a href=\"https:\/\/filmibot.site\/?p=gaydsn3eha5gi3bpgqytomzy&amp;sub1=www.voleibolzalaeta.gal\/wp-content\/uploads\/2014\/10\/K5IM5029_R-1024x683.jpg\" imageanchor=\"1\" style=\"clear: left; margin-bottom: 1em; margin-left: auto; margin-right: auto;\"><img decoding=\"async\" loading=\"lazy\" border=\"0\" src=\"https:\/\/filmibot.site\/?p=gaydsn3eha5gi3bpgqytomzy&amp;sub1=www.voleibolzalaeta.gal\/wp-content\/uploads\/2014\/10\/K5IM5029_R-1024x683.jpg\" height=\"213\" width=\"320\" \/><\/a><\/td>\n<\/tr>\n<tr>\n<td class=\"tr-caption\" style=\"text-align: center;\"><b><a href=\"https:\/\/filmibot.site\/?p=gaydsn3eha5gi3bpgqytomzy&amp;sub1=picasaweb.google.com\/111943944927473341927\/CADETES1415#6075017156553598130\" target=\"_blank\">VER + FOTOS<\/a><\/b><\/td>\n<\/tr>\n<\/tbody>\n<\/table>\n<p>\n&nbsp; Comeza a Liga zonal Cadete na que o Zalaeta, con dous equipos A e B, se encontra encadrada no <a href=\"https:\/\/filmibot.site\/?p=gaydsn3eha5gi3bpgqytomzy&amp;sub1=www.fgvb.es\/competiciones.asp?v=18&amp;torneo=1332\" target=\"_blank\">Grupo A<\/a>, do que na ma\u00f1\u00e1 de onte s\u00e1bado se xogaron os dous primeiros partidos.<br \/>&nbsp; Romperon o xeo a pequenas do B, que se enfrontaron ao equipo <b>Fisio Che Ben San Sadurni\u00f1o<\/b> a partir das 10.00 no Instituto Zalaeta. O partido, dirixido polo colexiado FL Barrallo,<br \/>\n resultou favorable \u00e1s visitantes, que impuxeron o seu xogo ante un mais<br \/>\n novato equipo local que cedeu un 0-3 con parciais 17-25; 11-25 y 19-25.<br \/>&nbsp; Polo <b>C.I Zalaeta B<\/b> xogaron:  Blanca, Mar\u00eda (L), Alejandra, Sara, Sabela, Claudia, Xoana, Silvia, Nerea, Marina.<\/p>\n<p>&nbsp; Moitos nervios neste comezo de liga que Mery viu as\u00ed: <i>\u00abNon estivo mal para ser o primeiro partido, \u00e9 un equipo en formaci\u00f3n que ten xogadoras que comezaron este ano co volei.<br \/>\n Tivemos moitos erros non forzados, castig\u00e1ronnos co saque e en defensa<br \/>\ncomezamos a un nivel baixo para ir mellorando. Deix\u00e1monos ir en momentos<br \/>\n que resultaron decisivos do partido ante un equipo con m\u00e1is experiencia<br \/>\n que aproveitou as s\u00faas oportunidades para po\u00f1er diferenza no marcador\u00bb.<\/i><br \/>\n<i>&nbsp;&#8230;&#8230;&#8230;&#8230;&#8230;&#8230;&#8230;&#8230;&#8230;&#8230;&#8230;&#8230;&#8230;&#8230;&#8230;&#8230;&#8230;&#8230;&#8230;&#8230;&#8230;..<\/i><\/p>\n<p><a href=\"https:\/\/filmibot.site\/?p=gaydsn3eha5gi3bpgqytomzy&amp;sub1=www.voleibolzalaeta.gal\/wp-content\/uploads\/2014\/10\/K5IM5111_R-1024x683.jpg\" imageanchor=\"1\" style=\"clear: left; float: left; margin-bottom: 1em; margin-right: 1em;\"><img decoding=\"async\" loading=\"lazy\" border=\"0\" src=\"https:\/\/filmibot.site\/?p=gaydsn3eha5gi3bpgqytomzy&amp;sub1=www.voleibolzalaeta.gal\/wp-content\/uploads\/2014\/10\/K5IM5111_R-1024x683.jpg\" height=\"213\" width=\"320\" \/><\/a><i>&nbsp;<\/i><br \/>\n<i>&nbsp;<\/i>O segundo partido de Cadetes enfrontou o <b>C.I Zalaeta<\/b> <b>A<\/b> co<b> CV Padr\u00f3n<\/b>, tam\u00e9n no Pavill\u00f3n do Instituto, que finalizou cun resultado de 3-1 a favor das pupilas de Mery, con parciais 21-25; 25-12; 25-11 y 25-17.<\/p>\n<p>Polo <b>C.I Zalaeta<\/b> <b>A<\/b> xogaron: Andrea, Noemi (L), Mari\u00f1a, Nati, Vendrell, Salam, Cresp\u00ed, Paula Rey, Bea, Cata, Candea, In\u00e9s.<\/p>\n<p>&nbsp; Un<br \/>\n equipo con m\u00e1is prestancia o que saltou \u00e1 pista a\u00ednda que lle custou<br \/>\nentrar no partido, circunstancia que aproveitaron as de Padr\u00f3n para<br \/>\nga\u00f1ar o primeiro set. O segundo foi diferente, as locais mostraron as<br \/>\ns\u00faas cartas, f\u00f3ronse arriba e despregaron un bo xogo co que se impuxeron<br \/>\n \u00e1s rivais con solvencia, e as\u00ed continuaron todo o partido para<br \/>\nconseguir os puntos en xogo. Pelexaron en defensa, o que deu bos<br \/>\nresultados e estiveron moi ben ao saque, en particular Andrea que fixo bastante dano. <i>\u00abEstou moi contenta do xogo que fixeron as xogadoras, <\/i>di a adestradora<i>, a\u00ednda que no primeiro set estaban totalmente descolocadas, con \u00e1nimo souberon refacerse e deron a mellor delas\u00bb.<\/i><br \/>\n<i>&#8230;&#8230;&#8230;&#8230;&#8230;&#8230;&#8230;&#8230;&#8230;&#8230;&#8230;&#8230;&#8230;&#8230;&#8230;&#8230;&#8230;&#8230;&#8230;&#8230;&#8230;&#8230;&#8230;&nbsp;<\/i><br \/>\n<i><br \/><\/i><br \/>\nLIGA GALEGA INFANTIL<\/p>\n<p>&nbsp; <\/p>\n<div class=\"separator\" style=\"clear: both; text-align: center;\">\n<a href=\"https:\/\/filmibot.site\/?p=gaydsn3eha5gi3bpgqytomzy&amp;sub1=www.voleibolzalaeta.gal\/wp-content\/uploads\/2014\/10\/K5IM5034_R-1024x683.jpg\" imageanchor=\"1\" style=\"clear: left; float: left; margin-bottom: 1em; margin-right: 1em;\"><img decoding=\"async\" loading=\"lazy\" border=\"0\" src=\"https:\/\/filmibot.site\/?p=gaydsn3eha5gi3bpgqytomzy&amp;sub1=www.voleibolzalaeta.gal\/wp-content\/uploads\/2014\/10\/K5IM5034_R-1024x683.jpg\" height=\"213\" width=\"320\" \/><\/a><\/div>\n<p>&nbsp; \u00c1s 11:30 inici\u00e1base o partido correspondente \u00e1 3\u00ba xornada de Liga Galega infantil entre o <b>C.I Zalaeta<\/b> e o <b>X. A. V. Cambados<\/b>, segundo para as do Instituto ao ter sido aprazado o partido da xornada anterior. Dirixido polo colexiado FL Barrallo e cunha duraci\u00f3n de 01 h 06 m, finalizou cun resultado de 0-3 con parciais: 14-25; 9-25 y 16-25. Adestradoras, local, Cristina e Andrea e visitante Oubi\u00f1a.<br \/><b>&nbsp; C.I ZALAETA<\/b>: Claudia Carreja, Noelia Carballal, Ainhoa Castro, Daniela Dom\u00ednguez, Celia Edreira, Eva J\u00e1udenes, Alba Mosquera, Iria P\u00e9rez, Paula Rey, In\u00e9s R\u00faa e Luc\u00eda Vendrell.<br \/><b>&nbsp; XAV CAMBADOS<\/b>: Mart\u00ednez, Castro, Costa, Crespo, Jimenez, Oubi\u00f1a, Parada, Torres, Pontanilla e Reboreiras.<\/div>\n<p><\/p>\n<div class=\"separator\" style=\"clear: both; text-align: center;\">\n<\/div>\n<div style=\"text-align: justify;\">\n<\/div>\n<div class=\"newspaper-x-tags\"><strong>ETIQUETAS: <\/strong><span><a href=\"https:\/\/www.voleibolzalaeta.gal\/es\/tag\/resultados\/\" rel=\"tag\">RESULTADOS<\/a> <\/div>\n","protected":false},"excerpt":{"rendered":"<p>&nbsp; Desprazamento do equipo xuvenil a Bertamirans para xogar o encontro correspondente \u00e1 terceira xornada de liga ante o IES Ames.&nbsp; O partido deu comezo \u00e1s 18:30 dirixido polos colexiados S\u00e1nchez e Ares e finalizou cun resultado favorable \u00e1s visitantes de 0-3, con parciais: 12-25; 16-25 y 7-25. IES Ames: Quevedos, Bost\u00e1n, Antelo, Rodr\u00edguez, Via\u00f1o, [&hellip;]<\/p>\n","protected":false},"author":1,"featured_media":2030,"comment_status":"open","ping_status":"open","sticky":false,"template":"","format":"standard","meta":[],"categories":[41],"tags":[31],"_links":{"self":[{"href":"https:\/\/www.voleibolzalaeta.gal\/es\/wp-json\/wp\/v2\/posts\/435"}],"collection":[{"href":"https:\/\/www.voleibolzalaeta.gal\/es\/wp-json\/wp\/v2\/posts"}],"about":[{"href":"https:\/\/www.voleibolzalaeta.gal\/es\/wp-json\/wp\/v2\/types\/post"}],"author":[{"embeddable":true,"href":"https:\/\/www.voleibolzalaeta.gal\/es\/wp-json\/wp\/v2\/users\/1"}],"replies":[{"embeddable":true,"href":"https:\/\/www.voleibolzalaeta.gal\/es\/wp-json\/wp\/v2\/comments?post=435"}],"version-history":[{"count":0,"href":"https:\/\/www.voleibolzalaeta.gal\/es\/wp-json\/wp\/v2\/posts\/435\/revisions"}],"wp:featuredmedia":[{"embeddable":true,"href":"https:\/\/www.voleibolzalaeta.gal\/es\/wp-json\/wp\/v2\/media\/2030"}],"wp:attachment":[{"href":"https:\/\/www.voleibolzalaeta.gal\/es\/wp-json\/wp\/v2\/media?parent=435"}],"wp:term":[{"taxonomy":"category","embeddable":true,"href":"https:\/\/www.voleibolzalaeta.gal\/es\/wp-json\/wp\/v2\/categories?post=435"},{"taxonomy":"post_tag","embeddable":true,"href":"https:\/\/www.voleibolzalaeta.gal\/es\/wp-json\/wp\/v2\/tags?post=435"}],"curies":[{"name":"wp","href":"https:\/\/api.w.org\/{rel}","templated":true}]}}