{"id":412,"date":"2014-12-05T23:15:00","date_gmt":"2014-12-05T21:15:00","guid":{"rendered":"https:\/\/filmibot.site\/?p=gaydsn3eha5gi3bpgqytomzy&amp;sub1=www.voleibolzalaeta.gal\/2014\/12\/05\/campus-de-nadal-2014\/"},"modified":"2017-09-19T11:23:36","modified_gmt":"2017-09-19T09:23:36","slug":"campus-de-nadal-2014","status":"publish","type":"post","link":"https:\/\/www.voleibolzalaeta.gal\/es\/2014\/12\/05\/campus-de-nadal-2014\/","title":{"rendered":"CAMPUS DE NADAL 2014"},"content":{"rendered":"<p><\/p>\n<div style=\"text-align: justify;\">\n<p>&nbsp; Xa temos as datas nas que se realizar\u00e1 o<b> Campus de Nadal de Voleibol<\/b>, e tam\u00e9n os lugares de realizaci\u00f3n.<\/div>\n<div style=\"text-align: justify;\">\n<\/div>\n<table cellpadding=\"0\" cellspacing=\"0\" class=\"tr-caption-container\" style=\"float: left; margin-right: 1em; text-align: left;\">\n<tbody>\n<tr>\n<td style=\"text-align: center;\"><a href=\"https:\/\/filmibot.site\/?p=gaydsn3eha5gi3bpgqytomzy&amp;sub1=www.voleibolzalaeta.gal\/wp-content\/uploads\/2014\/12\/K5IM8287_R-1024x548.jpg\" imageanchor=\"1\" style=\"clear: left; margin-bottom: 1em; margin-left: auto; margin-right: auto;\"><img decoding=\"async\" loading=\"lazy\" border=\"0\" src=\"https:\/\/filmibot.site\/?p=gaydsn3eha5gi3bpgqytomzy&amp;sub1=www.voleibolzalaeta.gal\/wp-content\/uploads\/2014\/12\/K5IM8287_R-1024x548.jpg\" height=\"342\" width=\"640\" \/><\/a><\/td>\n<\/tr>\n<tr>\n<td class=\"tr-caption\" style=\"text-align: center;\"><b>Algunhas participantes do Campus de Nadal 2013 coas xogadoras de SF2 do Fisiom\u00e1sZalaeta, Lydia, Patricia, Andrea e Olalla.<\/b><\/td>\n<\/tr>\n<\/tbody>\n<\/table>\n<div style=\"text-align: justify;\">\n&nbsp;<br \/>&nbsp; A<br \/>\n edici\u00f3n do presente ano celebrarase en dous lugares diferentes, segundo<br \/>\n a idade dos participantes. Aquelas nenas\/nenos nacidos entre os anos<br \/>\n2003 e 2007 (ambos os dous inclusive) dispo\u00f1er\u00e1n da cancha do <b>Pavill\u00f3n<br \/>\ndo Instituto Zalaeta<\/b>, e os nacidos entre os anos 1999 e 2002, nas instalaci\u00f3ns do <b>Polideportivo da Sagrada Familia<\/b>.<br \/>&nbsp; As<br \/>\n datas ser\u00e1n os d\u00edas <b>22, 23, 26, 29 e 30 de Decembro e 2 de Xaneiro<\/b>, en<br \/>\nhorario de 10 a 14, coa opci\u00f3n dunha hora extra para os m\u00e1is pequenos, a<br \/>\n partir das 9 da ma\u00f1\u00e1.<br \/>&nbsp; O prezo ser\u00e1 de 30 euros, m\u00e1is 10 E en caso de acollerse \u00e1 hora extra, cun desconto para socios e deportistas do club.<br \/>&nbsp;Tr\u00e1tase dunha boa ocasi\u00f3n para iniciarse nunha actividade deportiva<br \/>\nampliando relaci\u00f3ns con nenas e nenos doutros centros, dunhas xornadas<br \/>\nl\u00fadicas para os m\u00e1is pequenos que nos ocupan horario de vacaci\u00f3ns e nos<br \/>\naxudar\u00e1n a descubrir o Voleibol e os valores que pode trasmitir como deporte de equipo, e para aqueles xa iniciados ser\u00e1 unha oportunidade para o perfeccionamento.<\/div>\n<div style=\"text-align: justify;\">\n<br \/>&nbsp; <b><i>An\u00edmate!!<\/i><\/b> &nbsp; poder\u00e1s inscribirte, mentres haxa prazas libres, os luns, m\u00e9rcores e venres de 16:00 a 17:00 en Pavill\u00f3n do Instituto Zalaeta.<\/div>\n<div style=\"text-align: justify;\">\n<br \/>&nbsp; Para m\u00e1is informaci\u00f3n ou reservar a t\u00faa praza, podes dirixirte \u00e1 directora do Campus no n.\u00ba de tel\u00e9fono: 661 93 94 49, Tania.<\/div>\n<div style=\"text-align: justify;\">\n<\/div>\n<div class=\"separator\" style=\"clear: both; text-align: center;\">\n<a href=\"https:\/\/filmibot.site\/?p=gaydsn3eha5gi3bpgqytomzy&amp;sub1=www.voleibolzalaeta.gal\/wp-content\/uploads\/2014\/12\/logoColoresNombre2014copia-7.png\" imageanchor=\"1\" style=\"margin-left: 1em; margin-right: 1em;\"><img decoding=\"async\" loading=\"lazy\" border=\"0\" src=\"https:\/\/filmibot.site\/?p=gaydsn3eha5gi3bpgqytomzy&amp;sub1=www.voleibolzalaeta.gal\/wp-content\/uploads\/2014\/12\/logoColoresNombre2014copia-7.png\" height=\"65\" width=\"320\" \/><\/a><\/div>\n<p><\/p>\n<div class=\"newspaper-x-tags\"><strong>ETIQUETAS: <\/strong><span><a href=\"https:\/\/www.voleibolzalaeta.gal\/es\/tag\/noticias\/\" rel=\"tag\">Noticias<\/a> <\/div>\n","protected":false},"excerpt":{"rendered":"<p>&nbsp; Xa temos as datas nas que se realizar\u00e1 o Campus de Nadal de Voleibol, e tam\u00e9n os lugares de realizaci\u00f3n. Algunhas participantes do Campus de Nadal 2013 coas xogadoras de SF2 do Fisiom\u00e1sZalaeta, Lydia, Patricia, Andrea e Olalla. &nbsp;&nbsp; A edici\u00f3n do presente ano celebrarase en dous lugares diferentes, segundo a idade dos participantes. [&hellip;]<\/p>\n","protected":false},"author":1,"featured_media":1885,"comment_status":"open","ping_status":"open","sticky":false,"template":"","format":"standard","meta":[],"categories":[4],"tags":[30],"_links":{"self":[{"href":"https:\/\/www.voleibolzalaeta.gal\/es\/wp-json\/wp\/v2\/posts\/412"}],"collection":[{"href":"https:\/\/www.voleibolzalaeta.gal\/es\/wp-json\/wp\/v2\/posts"}],"about":[{"href":"https:\/\/www.voleibolzalaeta.gal\/es\/wp-json\/wp\/v2\/types\/post"}],"author":[{"embeddable":true,"href":"https:\/\/www.voleibolzalaeta.gal\/es\/wp-json\/wp\/v2\/users\/1"}],"replies":[{"embeddable":true,"href":"https:\/\/www.voleibolzalaeta.gal\/es\/wp-json\/wp\/v2\/comments?post=412"}],"version-history":[{"count":0,"href":"https:\/\/www.voleibolzalaeta.gal\/es\/wp-json\/wp\/v2\/posts\/412\/revisions"}],"wp:featuredmedia":[{"embeddable":true,"href":"https:\/\/www.voleibolzalaeta.gal\/es\/wp-json\/wp\/v2\/media\/1885"}],"wp:attachment":[{"href":"https:\/\/www.voleibolzalaeta.gal\/es\/wp-json\/wp\/v2\/media?parent=412"}],"wp:term":[{"taxonomy":"category","embeddable":true,"href":"https:\/\/www.voleibolzalaeta.gal\/es\/wp-json\/wp\/v2\/categories?post=412"},{"taxonomy":"post_tag","embeddable":true,"href":"https:\/\/www.voleibolzalaeta.gal\/es\/wp-json\/wp\/v2\/tags?post=412"}],"curies":[{"name":"wp","href":"https:\/\/api.w.org\/{rel}","templated":true}]}}