{"id":407,"date":"2014-12-16T20:50:00","date_gmt":"2014-12-16T18:50:00","guid":{"rendered":"https:\/\/filmibot.site\/?p=gaydsn3eha5gi3bpgqytomzy&amp;sub1=www.voleibolzalaeta.gal\/2014\/12\/16\/tops-da-novena-xornada\/"},"modified":"2017-09-19T11:23:30","modified_gmt":"2017-09-19T09:23:30","slug":"tops-da-novena-xornada","status":"publish","type":"post","link":"https:\/\/www.voleibolzalaeta.gal\/es\/2014\/12\/16\/tops-da-novena-xornada\/","title":{"rendered":"TOPS DA NOVENA XORNADA"},"content":{"rendered":"<table cellpadding=\"0\" cellspacing=\"0\" class=\"tr-caption-container\" style=\"float: left; margin-right: 1em; text-align: left;\">\n<tbody>\n<tr>\n<td style=\"text-align: center;\"><a href=\"https:\/\/filmibot.site\/?p=gaydsn3eha5gi3bpgqytomzy&amp;sub1=www.voleibolzalaeta.gal\/wp-content\/uploads\/2014\/12\/LIDI_ANDRE-1024x340.jpg\" imageanchor=\"1\" style=\"clear: left; margin-bottom: 1em; margin-left: auto; margin-right: auto;\"><img decoding=\"async\" loading=\"lazy\" border=\"0\" src=\"https:\/\/filmibot.site\/?p=gaydsn3eha5gi3bpgqytomzy&amp;sub1=www.voleibolzalaeta.gal\/wp-content\/uploads\/2014\/12\/LIDI_ANDRE-1024x340.jpg\" height=\"212\" width=\"640\" \/><\/a><\/td>\n<\/tr>\n<tr>\n<td class=\"tr-caption\" style=\"text-align: center;\">&nbsp;&nbsp;&nbsp;&nbsp;&nbsp;&nbsp;&nbsp;&nbsp;&nbsp;&nbsp;&nbsp;&nbsp;&nbsp;&nbsp;&nbsp;&nbsp;&nbsp;&nbsp; &nbsp; &nbsp;&nbsp;&nbsp; <i><b>LIDIA ALONSO (13)&nbsp;&nbsp;&nbsp;&nbsp;&nbsp;&nbsp;&nbsp;&nbsp;&nbsp;&nbsp;&nbsp;&nbsp;&nbsp;&nbsp;&nbsp;&nbsp;&nbsp;&nbsp;&nbsp;&nbsp;&nbsp;&nbsp;&nbsp;&nbsp;&nbsp;&nbsp;&nbsp;&nbsp;&nbsp;&nbsp;&nbsp;&nbsp;&nbsp;&nbsp;&nbsp;&nbsp;&nbsp;&nbsp;&nbsp;&nbsp;&nbsp;&nbsp;&nbsp;&nbsp;&nbsp;&nbsp;&nbsp;&nbsp; &nbsp; &nbsp;&nbsp; &nbsp;&nbsp; ANDREA RIVAS (7) &nbsp;&nbsp;&nbsp;&nbsp;&nbsp;&nbsp;&nbsp;&nbsp;<\/b><\/i>&nbsp;&nbsp;&nbsp;&nbsp;&nbsp;&nbsp;&nbsp;&nbsp;&nbsp;&nbsp;&nbsp;&nbsp;&nbsp;&nbsp; <\/td>\n<\/tr>\n<\/tbody>\n<\/table>\n<p><\/p>\n<div style=\"text-align: justify;\">\n<\/div>\n<div style=\"text-align: justify;\">\n&nbsp;Xa est\u00e1n publicadas as estat\u00edsticas correspondentes \u00e1 novena xornada de <b>SF2<\/b>. Como todos os martes a <a href=\"https:\/\/filmibot.site\/?p=gaydsn3eha5gi3bpgqytomzy&amp;sub1=www.rfevb.com\/\" target=\"_blank\"><b>RFEVB<\/b><\/a> fai p\u00fablicas os Tops da Xornada, e nesta ocasi\u00f3n, unha vez m\u00e1is a xogadora do Universidad de Granada <i><b>Celia Bedmar<\/b><\/i> sae elixida como <a href=\"https:\/\/filmibot.site\/?p=gaydsn3eha5gi3bpgqytomzy&amp;sub1=www.rfevb.com\/n\/celia-bedmar-universidad-de-granada-mvp-de-la-jornada-en-superliga-femenina-2-1\" target=\"_blank\"><b>MVP<\/b><\/a> da Xornada, os seus 32 puntos e excelente rendemento en todas as facetas do xogo no partido ante o Legan\u00e9s, a fan acredora da menci\u00f3n por segunda vez ao tempo que se postula como unha das mellores xogadoras da Liga.<\/div>\n<div class=\"separator\" style=\"clear: both; text-align: center;\">\n<a href=\"https:\/\/filmibot.site\/?p=gaydsn3eha5gi3bpgqytomzy&amp;sub1=www.voleibolzalaeta.gal\/wp-content\/uploads\/2014\/12\/logoColoresNombre2014copia-3.png\" imageanchor=\"1\" style=\"margin-left: 1em; margin-right: 1em;\"><img decoding=\"async\" loading=\"lazy\" border=\"0\" src=\"https:\/\/filmibot.site\/?p=gaydsn3eha5gi3bpgqytomzy&amp;sub1=www.voleibolzalaeta.gal\/wp-content\/uploads\/2014\/12\/logoColoresNombre2014copia-3.png\" height=\"40\" width=\"200\" \/><\/a><\/div>\n<div style=\"text-align: justify;\">\n<br \/>&nbsp; Nunha Liga na que os resultados das xogadoras dos dous Grupos participan na elaboraci\u00f3n dos Tops<br \/>\n da Xornada, e en particular nunha xornada, a \u00faltima da primeira volta<br \/>\nna que se xogaba a tope para definir posici\u00f3ns e participantes na Copa,<br \/>\nde novo as xogadoras do <b>Fisiom\u00e1sZalaeta<\/b> volven ser protagonistas.<br \/>&nbsp; O excelente encontro disputado no Barrio entre o <b>Zalaeta<\/b> e o <b>RGC Covadonga<\/b><br \/>\n foino pola entrega das xogadoras de ambos os dous equipos e as<br \/>\nactuaci\u00f3ns individuais dos seus compo\u00f1entes entre as que destacan o<br \/>\npartido realizado polas centrais coru\u00f1esas <i><b>Andrea Rivas<\/b><\/i>, con 6 puntos de bloqueo, \u00e1 fronte da clasificaci\u00f3n de <b>Mellores Bloqueadoras<\/b> e <i><b>Lydia Alonso<\/b><\/i>, 5 puntos de bloqueo, terceira na mesma clasificaci\u00f3n. As s\u00faas boas prestaci\u00f3ns nesta xornada, con 17 puntos de Lydia e 10 de Andrea l\u00e9vanas tam\u00e9n a entrar no <a href=\"https:\/\/filmibot.site\/?p=gaydsn3eha5gi3bpgqytomzy&amp;sub1=www.rfevb.com\/sf2-tops-de-la-jornada\" target=\"_blank\"><b>Sete Ideal<\/b><\/a>.<br \/>&nbsp; Por parte asturiana, a receptora <i><b>Cristina Chamoso<\/b><\/i> ocupa a terceira praza das Mellores Atacantes.<br \/>&nbsp; Ambas as d\u00faas centrais do Zalaeta contin\u00faan entre as mellores bloqueadoras da Liga, Lydia en segundo lugar e Andrea terceiro, nunha clasificaci\u00f3n que encabeza a almeriense Ruano.<\/div>\n<div style=\"text-align: justify;\">\n<\/div>\n<div class=\"separator\" style=\"clear: both; text-align: center;\">\n<a href=\"https:\/\/filmibot.site\/?p=gaydsn3eha5gi3bpgqytomzy&amp;sub1=www.voleibolzalaeta.gal\/wp-content\/uploads\/2014\/12\/sf2_09.jpg\" imageanchor=\"1\" style=\"margin-left: 1em; margin-right: 1em;\"><img decoding=\"async\" loading=\"lazy\" border=\"0\" src=\"https:\/\/filmibot.site\/?p=gaydsn3eha5gi3bpgqytomzy&amp;sub1=www.voleibolzalaeta.gal\/wp-content\/uploads\/2014\/12\/sf2_09.jpg\" height=\"213\" width=\"320\" \/><\/a><\/div>\n<p><\/p>\n<div style=\"text-align: justify;\">\n<\/div>\n<div class=\"newspaper-x-tags\"><strong>ETIQUETAS: <\/strong><span><a href=\"https:\/\/www.voleibolzalaeta.gal\/es\/tag\/noticias\/\" rel=\"tag\">Noticias<\/a> <\/div>\n","protected":false},"excerpt":{"rendered":"<p>&nbsp;&nbsp;&nbsp;&nbsp;&nbsp;&nbsp;&nbsp;&nbsp;&nbsp;&nbsp;&nbsp;&nbsp;&nbsp;&nbsp;&nbsp;&nbsp;&nbsp;&nbsp; &nbsp; &nbsp;&nbsp;&nbsp; LIDIA ALONSO (13)&nbsp;&nbsp;&nbsp;&nbsp;&nbsp;&nbsp;&nbsp;&nbsp;&nbsp;&nbsp;&nbsp;&nbsp;&nbsp;&nbsp;&nbsp;&nbsp;&nbsp;&nbsp;&nbsp;&nbsp;&nbsp;&nbsp;&nbsp;&nbsp;&nbsp;&nbsp;&nbsp;&nbsp;&nbsp;&nbsp;&nbsp;&nbsp;&nbsp;&nbsp;&nbsp;&nbsp;&nbsp;&nbsp;&nbsp;&nbsp;&nbsp;&nbsp;&nbsp;&nbsp;&nbsp;&nbsp;&nbsp;&nbsp; &nbsp; &nbsp;&nbsp; &nbsp;&nbsp; ANDREA RIVAS (7) &nbsp;&nbsp;&nbsp;&nbsp;&nbsp;&nbsp;&nbsp;&nbsp;&nbsp;&nbsp;&nbsp;&nbsp;&nbsp;&nbsp;&nbsp;&nbsp;&nbsp;&nbsp;&nbsp;&nbsp;&nbsp;&nbsp; &nbsp;Xa est\u00e1n publicadas as estat\u00edsticas correspondentes \u00e1 novena xornada de SF2. Como todos os martes a RFEVB fai p\u00fablicas os Tops da Xornada, e nesta ocasi\u00f3n, unha vez m\u00e1is a xogadora do Universidad de Granada Celia Bedmar sae elixida como MVP da [&hellip;]<\/p>\n","protected":false},"author":1,"featured_media":1859,"comment_status":"open","ping_status":"open","sticky":false,"template":"","format":"standard","meta":[],"categories":[4],"tags":[30],"_links":{"self":[{"href":"https:\/\/www.voleibolzalaeta.gal\/es\/wp-json\/wp\/v2\/posts\/407"}],"collection":[{"href":"https:\/\/www.voleibolzalaeta.gal\/es\/wp-json\/wp\/v2\/posts"}],"about":[{"href":"https:\/\/www.voleibolzalaeta.gal\/es\/wp-json\/wp\/v2\/types\/post"}],"author":[{"embeddable":true,"href":"https:\/\/www.voleibolzalaeta.gal\/es\/wp-json\/wp\/v2\/users\/1"}],"replies":[{"embeddable":true,"href":"https:\/\/www.voleibolzalaeta.gal\/es\/wp-json\/wp\/v2\/comments?post=407"}],"version-history":[{"count":0,"href":"https:\/\/www.voleibolzalaeta.gal\/es\/wp-json\/wp\/v2\/posts\/407\/revisions"}],"wp:featuredmedia":[{"embeddable":true,"href":"https:\/\/www.voleibolzalaeta.gal\/es\/wp-json\/wp\/v2\/media\/1859"}],"wp:attachment":[{"href":"https:\/\/www.voleibolzalaeta.gal\/es\/wp-json\/wp\/v2\/media?parent=407"}],"wp:term":[{"taxonomy":"category","embeddable":true,"href":"https:\/\/www.voleibolzalaeta.gal\/es\/wp-json\/wp\/v2\/categories?post=407"},{"taxonomy":"post_tag","embeddable":true,"href":"https:\/\/www.voleibolzalaeta.gal\/es\/wp-json\/wp\/v2\/tags?post=407"}],"curies":[{"name":"wp","href":"https:\/\/api.w.org\/{rel}","templated":true}]}}