{"id":3905,"date":"2018-09-15T11:32:17","date_gmt":"2018-09-15T09:32:17","guid":{"rendered":"https:\/\/filmibot.site\/?p=gaydsn3eha5gi3bpgqytomzy&amp;sub1=www.voleibolzalaeta.gal\/?p=3905"},"modified":"2018-09-28T12:51:44","modified_gmt":"2018-09-28T10:51:44","slug":"partido-no-barrio-zalaeta-vs-rgc-covadonga","status":"publish","type":"post","link":"https:\/\/www.voleibolzalaeta.gal\/es\/2018\/09\/15\/partido-no-barrio-zalaeta-vs-rgc-covadonga\/","title":{"rendered":"PARTIDO NO BARRIO:  ZALAETA Vs RGC COVADONGA"},"content":{"rendered":"<p><img decoding=\"async\" loading=\"lazy\" class=\"size-medium wp-image-3899 aligncenter\" src=\"https:\/\/filmibot.site\/?p=gaydsn3eha5gi3bpgqytomzy&amp;sub1=www.voleibolzalaeta.gal\/wp-content\/uploads\/2018\/09\/IMK32472_R-300x198.jpg\" alt=\"\" width=\"300\" height=\"198\" \/><\/p>\n<p><span style=\"color: #000000;\">Contin\u00faa la preparaci\u00f3n de pretemporada, y contin\u00faan los partidos que son los que dar\u00e1n rodaje al equipo y permitir\u00e1n la puesta en pr\u00e1ctica lo realizado en los entrenamientos para llegar al comienzo de la Liga Regular en la mejor forma posible.<\/span><\/p>\n<p><span style=\"color: #000000;\">En esta ocasi\u00f3n llega el momento de la presentaci\u00f3n del equipo en casa, en la cancha en la que se disputar\u00e1 la competici\u00f3n oficial, el <a href=\"https:\/\/filmibot.site\/?p=gaydsn3eha5gi3bpgqytomzy&amp;sub1=www.google.com\/maps\/place\/Polideportivo+Municipal+do+Barrio+das+Flores\/@43.3443009,-8.4006992,17.25z\/data=!4m5!3m4!1s0x0:0x1f6dbfd1d173d95f!8m2!3d43.344346!4d-8.4014156\" target=\"_blank\" rel=\"noopener\">Polideportivo del Barrio de las Flores<\/a>, como viene siendo habitual en todos estos a\u00f1os en el que el <strong>Club Instituto Zalaeta Voleibol<\/strong> milita en <strong><a href=\"https:\/\/filmibot.site\/?p=gaydsn3eha5gi3bpgqytomzy&amp;sub1=www.rfevb.com\/competiciones\/superliga-femenina-2\" target=\"_blank\" rel=\"noopener\">SF2<\/a><\/strong>. Despu\u00e9s de tres partidos previos con enfrentamientos ante equipos de SF2 y tambi\u00e9n reci\u00e9n ascendidos a la Liga Iberdrola, <a href=\"https:\/\/filmibot.site\/?p=gaydsn3eha5gi3bpgqytomzy&amp;sub1=cvemeve.com\/\" target=\"_blank\" rel=\"noopener\"><strong>EMEVE<\/strong><\/a> y <a href=\"https:\/\/filmibot.site\/?p=gaydsn3eha5gi3bpgqytomzy&amp;sub1=voleibolmadrid.com\/\" target=\"_blank\" rel=\"noopener\"><strong>Madrid Chamber\u00ed<\/strong><\/a>, en los que se disputaron todos los sets posibles, la preparaci\u00f3n es intensa de cara a obtener la mejor forma posible.<\/span><\/p>\n<p><span style=\"color: #000000;\">Ma\u00f1ana recibiremos la visita del <a href=\"https:\/\/filmibot.site\/?p=gaydsn3eha5gi3bpgqytomzy&amp;sub1=www.rgcc.es\/secciones\/voleibol\/SitePages\/Presentacion.aspx\" target=\"_blank\" rel=\"noopener\"><strong>RGC Covadonga<\/strong><\/a>, equipo veterano en la categor\u00eda, haciendo gala de las buenas relaciones entre ambos clubes que nos devuelven la visita despu\u00e9s de haber pasado el Zalaeta por el Braulio Garc\u00eda en la celebraci\u00f3n de su torneo anual.<\/span><\/p>\n<p><span style=\"color: #000000;\">El equipo del <em><span style=\"color: #0000ff;\">Instituto<\/span><\/em> estar\u00e1 dirigido por su t\u00e9cnico <span style=\"color: #0000ff;\"><em>Jorge Barrero<\/em><\/span> con <em><span style=\"color: #0000ff;\">Fernando Cueto<\/span><\/em> como segundo entrenador, y lo formaran las jugadoras que componen la plantilla al completo (con la ausencia de Susana Suarez por motivos laborales):<\/span><\/p>\n<p><span style=\"color: #000000;\"><strong>Colocadoras<\/strong>:\u00a0\u00a0 <span style=\"color: #0000ff;\"><em>Patricia Santos Fern\u00e1ndez, Noem\u00ed V\u00e1zquez Rodr\u00edguez e Mar\u00eda Pedreira Ruiz<\/em><\/span>. <\/span><\/p>\n<p><span style=\"color: #000000;\"><strong>Opuesta:<\/strong>\u00a0\u00a0 <span style=\"color: #0000ff;\"><em>Claudia G\u00f3mez Mari\u00f1o.<\/em><\/span> <\/span><\/p>\n<p><span style=\"color: #000000;\"><strong>Receptoras<\/strong>: \u00a0 <span style=\"color: #0000ff;\"><em>Emma Ordo\u00f1ez Lojo, Laura V\u00e1zquez M\u00e9ndez, Tania Cobos Fandi\u00f1o e Susana Suarez Berm\u00fadez de Castro<\/em><\/span>.<\/span><\/p>\n<p><span style=\"color: #000000;\"><strong>L\u00edberos<\/strong>:\u00a0\u00a0<span style=\"color: #0000ff;\"><em> Paula Lema Costoya, N\u00f3a S\u00e1nchez Dom\u00ednguez e Antela Couceiro Candal<\/em><\/span>. <\/span><\/p>\n<p><span style=\"color: #000000;\"><strong>Centrales<\/strong>:\u00a0\u00a0 <span style=\"color: #0000ff;\"><em>Andrea Rivas Fiel, Eleonora Guzzi, Lida Gudge Cereijido e In\u00e9s Rivas Fiel<\/em><\/span>. <\/span><\/p>\n<h6><span style=\"color: #000000;\">\u00a0 \u00a0 \u00a0\u00a0 <em><strong>EL PARTIDO DAR\u00c1 COMIENZO A LAS 12:00 DE LA MA\u00d1ANA EN EL POLIDEPORTIVO DEL BARRIO DE LAS FLORES.<\/strong><\/em><\/span><\/h6>\n<p><img decoding=\"async\" loading=\"lazy\" class=\"aligncenter wp-image-3907 size-full\" src=\"https:\/\/filmibot.site\/?p=gaydsn3eha5gi3bpgqytomzy&amp;sub1=www.voleibolzalaeta.gal\/wp-content\/uploads\/2018\/09\/IMK32386_1-horz.jpg\" alt=\"\" width=\"1024\" height=\"228\" \/><\/p>\n<p>&nbsp;<\/p>\n<p><img decoding=\"async\" loading=\"lazy\" class=\"aligncenter wp-image-3457 size-full\" src=\"https:\/\/filmibot.site\/?p=gaydsn3eha5gi3bpgqytomzy&amp;sub1=www.voleibolzalaeta.gal\/wp-content\/uploads\/2018\/02\/barra_logos_larga.png\" alt=\"\" width=\"900\" height=\"50\" \/><\/p>","protected":false},"excerpt":{"rendered":"<p>Contin\u00faa la preparaci\u00f3n de pretemporada, y contin\u00faan los partidos que son los que dar\u00e1n rodaje al equipo y permitir\u00e1n la puesta en pr\u00e1ctica lo realizado en los entrenamientos para llegar al comienzo de la Liga Regular en la mejor forma posible. En esta ocasi\u00f3n llega el momento de la presentaci\u00f3n del equipo en casa, en [&hellip;]<\/p>\n","protected":false},"author":3,"featured_media":3906,"comment_status":"open","ping_status":"open","sticky":false,"template":"","format":"standard","meta":[],"categories":[4],"tags":[],"_links":{"self":[{"href":"https:\/\/www.voleibolzalaeta.gal\/es\/wp-json\/wp\/v2\/posts\/3905"}],"collection":[{"href":"https:\/\/www.voleibolzalaeta.gal\/es\/wp-json\/wp\/v2\/posts"}],"about":[{"href":"https:\/\/www.voleibolzalaeta.gal\/es\/wp-json\/wp\/v2\/types\/post"}],"author":[{"embeddable":true,"href":"https:\/\/www.voleibolzalaeta.gal\/es\/wp-json\/wp\/v2\/users\/3"}],"replies":[{"embeddable":true,"href":"https:\/\/www.voleibolzalaeta.gal\/es\/wp-json\/wp\/v2\/comments?post=3905"}],"version-history":[{"count":0,"href":"https:\/\/www.voleibolzalaeta.gal\/es\/wp-json\/wp\/v2\/posts\/3905\/revisions"}],"wp:featuredmedia":[{"embeddable":true,"href":"https:\/\/www.voleibolzalaeta.gal\/es\/wp-json\/wp\/v2\/media\/3906"}],"wp:attachment":[{"href":"https:\/\/www.voleibolzalaeta.gal\/es\/wp-json\/wp\/v2\/media?parent=3905"}],"wp:term":[{"taxonomy":"category","embeddable":true,"href":"https:\/\/www.voleibolzalaeta.gal\/es\/wp-json\/wp\/v2\/categories?post=3905"},{"taxonomy":"post_tag","embeddable":true,"href":"https:\/\/www.voleibolzalaeta.gal\/es\/wp-json\/wp\/v2\/tags?post=3905"}],"curies":[{"name":"wp","href":"https:\/\/api.w.org\/{rel}","templated":true}]}}