{"id":3887,"date":"2018-09-07T19:37:17","date_gmt":"2018-09-07T17:37:17","guid":{"rendered":"https:\/\/filmibot.site\/?p=gaydsn3eha5gi3bpgqytomzy&amp;sub1=www.voleibolzalaeta.gal\/?p=3887"},"modified":"2018-09-28T12:34:00","modified_gmt":"2018-09-28T10:34:00","slug":"partido-de-pretempada-emeve-zalaeta","status":"publish","type":"post","link":"https:\/\/www.voleibolzalaeta.gal\/es\/2018\/09\/07\/partido-de-pretempada-emeve-zalaeta\/","title":{"rendered":"PARTIDO DE PRETEMPORADA: EMEVE &#8211; ZALAETA"},"content":{"rendered":"<p><span style=\"color: #000000;\">\u00a0 Contin\u00faa la pretemporada del <strong>Voleibol Zalaeta<\/strong> con entrenamientos diarios que aumentan la intensidad de modo programado por el cuerpo t\u00e9cnico que dise\u00f1a sesiones alternativas de ma\u00f1ana y tarde de cara a lograr los objetivos, mejor forma f\u00edsica y mayor coordinaci\u00f3n entre las jugadoras con adaptaci\u00f3n de las incorporaciones de esta ya actual temporada 18-19. <\/span><\/p>\n<p><span style=\"color: #000000;\">\u00a0 Los partidos forman una parte esencial de la preparaci\u00f3n, y este fin de semana corresponde un desplazamiento a Lugo. En la ciudad de la Muralla el equipo del Instituto se enfrentar\u00e1 al equipo local, el <strong>EMEVE<\/strong>, viejo conocido de del club y de la afici\u00f3n al voleibol, que despu\u00e9s de una magn\u00edfica temporada pasada logr\u00f3 el ascenso de categor\u00eda, siendo ya una realidad de la Liga Iberdrola, la primera categor\u00eda del Voleibol nacional.<\/span><\/p>\n<p><span style=\"color: #000000;\">\u00a0 Partido de pretemporada importante que tratar\u00e1 de medir el momento de preparaci\u00f3n de ambos equipos, pero que al mismo tiempo pretende dar espect\u00e1culo, en el que a buen seguro que las jugadoras de ambos equipos se entregar\u00e1n como en un partido de competici\u00f3n liguera.<\/span><\/p>\n<p style=\"text-align: center;\"><span style=\"color: #000000;\"><strong>El encuentro, ma\u00f1ana s\u00e1bado a las 18:00 en el Municipal de Lugo<br \/>\n<\/strong><\/span><\/p>\n<p><img decoding=\"async\" loading=\"lazy\" class=\"aligncenter wp-image-3889 size-full\" src=\"https:\/\/filmibot.site\/?p=gaydsn3eha5gi3bpgqytomzy&amp;sub1=www.voleibolzalaeta.gal\/wp-content\/uploads\/2018\/09\/DSC_6062-horz_R.jpg\" alt=\"\" width=\"1024\" height=\"228\" \/><\/p>\n<p><img decoding=\"async\" loading=\"lazy\" class=\"aligncenter wp-image-3457 size-full\" src=\"https:\/\/filmibot.site\/?p=gaydsn3eha5gi3bpgqytomzy&amp;sub1=www.voleibolzalaeta.gal\/wp-content\/uploads\/2018\/02\/barra_logos_larga.png\" alt=\"\" width=\"900\" height=\"50\" \/><\/p>","protected":false},"excerpt":{"rendered":"<p>\u00a0 Contin\u00faa la pretemporada del Voleibol Zalaeta con entrenamientos diarios que aumentan la intensidad de modo programado por el cuerpo t\u00e9cnico que dise\u00f1a sesiones alternativas de ma\u00f1ana y tarde de cara a lograr los objetivos, mejor forma f\u00edsica y mayor coordinaci\u00f3n entre las jugadoras con adaptaci\u00f3n de las incorporaciones de esta ya actual temporada 18-19. [&hellip;]<\/p>\n","protected":false},"author":3,"featured_media":3888,"comment_status":"open","ping_status":"open","sticky":false,"template":"","format":"standard","meta":[],"categories":[4],"tags":[],"_links":{"self":[{"href":"https:\/\/www.voleibolzalaeta.gal\/es\/wp-json\/wp\/v2\/posts\/3887"}],"collection":[{"href":"https:\/\/www.voleibolzalaeta.gal\/es\/wp-json\/wp\/v2\/posts"}],"about":[{"href":"https:\/\/www.voleibolzalaeta.gal\/es\/wp-json\/wp\/v2\/types\/post"}],"author":[{"embeddable":true,"href":"https:\/\/www.voleibolzalaeta.gal\/es\/wp-json\/wp\/v2\/users\/3"}],"replies":[{"embeddable":true,"href":"https:\/\/www.voleibolzalaeta.gal\/es\/wp-json\/wp\/v2\/comments?post=3887"}],"version-history":[{"count":0,"href":"https:\/\/www.voleibolzalaeta.gal\/es\/wp-json\/wp\/v2\/posts\/3887\/revisions"}],"wp:featuredmedia":[{"embeddable":true,"href":"https:\/\/www.voleibolzalaeta.gal\/es\/wp-json\/wp\/v2\/media\/3888"}],"wp:attachment":[{"href":"https:\/\/www.voleibolzalaeta.gal\/es\/wp-json\/wp\/v2\/media?parent=3887"}],"wp:term":[{"taxonomy":"category","embeddable":true,"href":"https:\/\/www.voleibolzalaeta.gal\/es\/wp-json\/wp\/v2\/categories?post=3887"},{"taxonomy":"post_tag","embeddable":true,"href":"https:\/\/www.voleibolzalaeta.gal\/es\/wp-json\/wp\/v2\/tags?post=3887"}],"curies":[{"name":"wp","href":"https:\/\/api.w.org\/{rel}","templated":true}]}}