{"id":3864,"date":"2018-07-11T23:48:19","date_gmt":"2018-07-11T21:48:19","guid":{"rendered":"https:\/\/filmibot.site\/?p=gaydsn3eha5gi3bpgqytomzy&amp;sub1=www.voleibolzalaeta.gal\/?p=3864"},"modified":"2018-07-11T23:52:10","modified_gmt":"2018-07-11T21:52:10","slug":"3864","status":"publish","type":"post","link":"https:\/\/www.voleibolzalaeta.gal\/es\/2018\/07\/11\/3864\/","title":{"rendered":"ESTAMOS NO CAMPUS DE VER\u00c1N 2018"},"content":{"rendered":"<p><img decoding=\"async\" loading=\"lazy\" class=\"size-full wp-image-3859 aligncenter\" src=\"https:\/\/filmibot.site\/?p=gaydsn3eha5gi3bpgqytomzy&amp;sub1=www.voleibolzalaeta.gal\/wp-content\/uploads\/2018\/06\/emalcsaIMK32140.png\" alt=\"\" width=\"200\" height=\"120\" \/><\/p>\n<p><span style=\"color: #000000;\">\u00a0 Est\u00e1 a celebrarse o <strong>Campus de Ver\u00e1n<\/strong> do CV Zalaeta que comezou o pasado d\u00eda 2 e que se celebrar\u00e1 en d\u00faas quendas, xullo e agosto coa particularidade de que na quenda de xullo a matr\u00edcula poder\u00e1 realizarse por semanas, e a\u00ednda podes inscribirche chamando ao n\u00famero de tel\u00e9fono 651 360 683, Cristina, ou ben a trav\u00e9s do correo electr\u00f3nico <span style=\"color: #0000ff;\"><em>campus@voleibolzalaeta.gal<\/em><\/span>.<\/span><\/p>\n<p><span style=\"color: #000000;\">\u00a0 \u00c9 un Campus multideporte no que poder\u00e1s co\u00f1ecer e practicar diferentes disciplinas e tam\u00e9n poder\u00e1s realizar algunha excursi\u00f3n como a realizada ao <span style=\"color: #0000ff;\"><em><a style=\"color: #0000ff;\" href=\"https:\/\/filmibot.site\/?p=gaydsn3eha5gi3bpgqytomzy&amp;sub1=www.turismocoruna.com\/web\/corTurServer.php?idSecweb=97&amp;idCategoria=118\" target=\"_blank\" rel=\"noopener\">Castelo de S. Anton<\/a><\/em><\/span> a semana pasada, picando <a href=\"https:\/\/filmibot.site\/?p=gaydsn3eha5gi3bpgqytomzy&amp;sub1=youtu.be\/eaBISuiYLr8\" target=\"_blank\" rel=\"noopener\"><span style=\"color: #0000ff;\"><strong>AQU\u00cd<\/strong><\/span><\/a> podes ver o v\u00eddeo. <\/span><\/p>\n<p><span style=\"color: #000000;\">\u00a0 As datas restantes son do 16 ao 20 de xullo e do 20 ao 31 de agosto, <span style=\"color: #0000ff;\"><em><strong>ANIMATE!!<\/strong><\/em><\/span><\/span><\/p>\n<p>&nbsp;<\/p>\n<p><img decoding=\"async\" loading=\"lazy\" class=\"aligncenter wp-image-3865 size-full\" src=\"https:\/\/filmibot.site\/?p=gaydsn3eha5gi3bpgqytomzy&amp;sub1=www.voleibolzalaeta.gal\/wp-content\/uploads\/2018\/07\/IMG-20180710-WA0001_1-horz.jpg\" alt=\"\" width=\"1024\" height=\"242\" \/><\/p>\n<p>&nbsp;<\/p>\n<p><img decoding=\"async\" loading=\"lazy\" class=\"aligncenter wp-image-3457 size-full\" src=\"https:\/\/filmibot.site\/?p=gaydsn3eha5gi3bpgqytomzy&amp;sub1=www.voleibolzalaeta.gal\/wp-content\/uploads\/2018\/02\/barra_logos_larga.png\" alt=\"\" width=\"900\" height=\"50\" \/><\/p>\n<p>&nbsp;<\/p>\n","protected":false},"excerpt":{"rendered":"<p>\u00a0 Est\u00e1 a celebrarse o Campus de Ver\u00e1n do CV Zalaeta que comezou o pasado d\u00eda 2 e que se celebrar\u00e1 en d\u00faas quendas, xullo e agosto coa particularidade de que na quenda de xullo a matr\u00edcula poder\u00e1 realizarse por semanas, e a\u00ednda podes inscribirche chamando ao n\u00famero de tel\u00e9fono 651 360 683, Cristina, ou [&hellip;]<\/p>\n","protected":false},"author":3,"featured_media":3868,"comment_status":"open","ping_status":"open","sticky":false,"template":"","format":"standard","meta":[],"categories":[4],"tags":[],"_links":{"self":[{"href":"https:\/\/www.voleibolzalaeta.gal\/es\/wp-json\/wp\/v2\/posts\/3864"}],"collection":[{"href":"https:\/\/www.voleibolzalaeta.gal\/es\/wp-json\/wp\/v2\/posts"}],"about":[{"href":"https:\/\/www.voleibolzalaeta.gal\/es\/wp-json\/wp\/v2\/types\/post"}],"author":[{"embeddable":true,"href":"https:\/\/www.voleibolzalaeta.gal\/es\/wp-json\/wp\/v2\/users\/3"}],"replies":[{"embeddable":true,"href":"https:\/\/www.voleibolzalaeta.gal\/es\/wp-json\/wp\/v2\/comments?post=3864"}],"version-history":[{"count":0,"href":"https:\/\/www.voleibolzalaeta.gal\/es\/wp-json\/wp\/v2\/posts\/3864\/revisions"}],"wp:featuredmedia":[{"embeddable":true,"href":"https:\/\/www.voleibolzalaeta.gal\/es\/wp-json\/wp\/v2\/media\/3868"}],"wp:attachment":[{"href":"https:\/\/www.voleibolzalaeta.gal\/es\/wp-json\/wp\/v2\/media?parent=3864"}],"wp:term":[{"taxonomy":"category","embeddable":true,"href":"https:\/\/www.voleibolzalaeta.gal\/es\/wp-json\/wp\/v2\/categories?post=3864"},{"taxonomy":"post_tag","embeddable":true,"href":"https:\/\/www.voleibolzalaeta.gal\/es\/wp-json\/wp\/v2\/tags?post=3864"}],"curies":[{"name":"wp","href":"https:\/\/api.w.org\/{rel}","templated":true}]}}