{"id":3721,"date":"2018-04-25T23:05:17","date_gmt":"2018-04-25T21:05:17","guid":{"rendered":"https:\/\/filmibot.site\/?p=gaydsn3eha5gi3bpgqytomzy&amp;sub1=www.voleibolzalaeta.gal\/?p=3721"},"modified":"2018-04-26T18:44:32","modified_gmt":"2018-04-26T16:44:32","slug":"campionato-de-espana-universitario-2018","status":"publish","type":"post","link":"https:\/\/www.voleibolzalaeta.gal\/es\/2018\/04\/25\/campionato-de-espana-universitario-2018\/","title":{"rendered":"CAMPIONATO DE ESPA\u00d1A UNIVERSITARIO 2018"},"content":{"rendered":"<p><img decoding=\"async\" loading=\"lazy\" class=\"size-medium wp-image-3723 aligncenter\" src=\"https:\/\/filmibot.site\/?p=gaydsn3eha5gi3bpgqytomzy&amp;sub1=www.voleibolzalaeta.gal\/wp-content\/uploads\/2018\/04\/828fcb2f-64fa-43ff-b2c8-b8fdc5efb8bc-300x169.jpg\" alt=\"\" width=\"300\" height=\"169\" \/><\/p>\n<p><span style=\"color: #000000;\">\u00a0 Est\u00e1 a disputarse o<strong> Campionato de Espa\u00f1a Universitario de Voleibol<\/strong> en M\u00e1laga de 23 ao 26 do presente mes con representaci\u00f3n galega a cargo da<a href=\"https:\/\/filmibot.site\/?p=gaydsn3eha5gi3bpgqytomzy&amp;sub1=uvigo.gal\/\" target=\"_blank\" rel=\"noopener\"><strong> Universidade de Vigo<\/strong> <\/a>en categor\u00eda masculina e do<a href=\"https:\/\/filmibot.site\/?p=gaydsn3eha5gi3bpgqytomzy&amp;sub1=www.udc.es\/?language=es\" target=\"_blank\" rel=\"noopener\"><strong> Universidade da Coru\u00f1a<\/strong><\/a> en categor\u00eda feminina.<\/span><\/p>\n<p><span style=\"color: #000000;\">\u00a0 A competici\u00f3n desenv\u00f3lvese en tres xornadas cos equipos divididos en dous grupos nos que xogan en formato de ligui\u00f1a a unha volta e na que os campi\u00f3ns de cada grupo enfrontaranse nunha cuarta xornada, que ter\u00e1 lugar o xoves 26, para dilucidar o<em> Campi\u00f3n Universitario 2018<\/em>. <\/span><\/p>\n<p><span style=\"color: #000000;\">\u00a0 En categor\u00eda feminina o equipo da<strong> UDC<\/strong> est\u00e1 encadrado no <span style=\"color: #0000ff;\"><a style=\"color: #0000ff;\" href=\"https:\/\/filmibot.site\/?p=gaydsn3eha5gi3bpgqytomzy&amp;sub1=www.uma.es\/media\/tinyimages\/file\/BOLET%C3%8DN_2_VOLEIBOL.pdf\" target=\"_blank\" rel=\"noopener\"><strong>Grupo A<\/strong><\/a><\/span> con a <strong>Universidad de M\u00e1laga<\/strong>, <strong>Universidad de Valencia<\/strong> e <strong>Universidad de Barcelona<\/strong>. A expedici\u00f3n da <em>UDC<\/em> despr\u00e1zase o mesmo d\u00eda de inicio da competici\u00f3n para chegar a M\u00e1laga a tempo para enfrontarse ao primeiro rival, U. de Barcelona. <\/span><\/p>\n<p><span style=\"color: #000000;\">\u00a0 A pesar da viaxe as xogadoras chegan con ganas de disputar o encontro e imp\u00f3\u00f1ense claramente \u00e1s rivais cun resultado de 1-3 con parciais 25-23; 24-26; 18-25 e 22-25 mentres no mesmo grupo Valencia g\u00e1\u00f1alle a M\u00e1laga por 3-0. Este resultado d\u00e1lle tranquilidade \u00e1 <em>UDC<\/em> que lle permite descansar e gozar da estancia en M\u00e1laga para preparar o seguinte enfrontamento. Na <a href=\"https:\/\/filmibot.site\/?p=gaydsn3eha5gi3bpgqytomzy&amp;sub1=www.uma.es\/media\/tinyimages\/file\/BOLET%C3%8DN_3_VOLEIBOL.pdf\" target=\"_blank\" rel=\"noopener\"><em><span style=\"color: #0000ff;\">segunda xornada<\/span><\/em> <\/a>o cruzamento \u00e9 con Valencia, equipo superior que demostra na cancha a s\u00faa val\u00eda impo\u00f1\u00e9ndose por 0-3 \u00e1s coru\u00f1esa con parciais 14-25; 16-25 e 11-25. <\/span><\/p>\n<p><span style=\"color: #000000;\">\u00a0 Nesta primeira fase resta un enfrontamento ante as anfitrioas coa ilusi\u00f3n dunha vitoria e que no outro emparellamento do grupo se imp\u00f3\u00f1a Barcelona. Pero non \u00e9 as\u00ed, a herculinas cumpren e ga\u00f1an a M\u00e1laga por 1-3 con parciais 25-20; 14-25; 22-25 e 12-25, con todo Valencia logra a vitoria ante Barcelona cun resultado de 3-0 e isto decide a clasificaci\u00f3n do<a href=\"https:\/\/filmibot.site\/?p=gaydsn3eha5gi3bpgqytomzy&amp;sub1=www.uma.es\/media\/tinyimages\/file\/BOLET%C3%8DN_4_VOLEIBOL.pdf\" target=\"_blank\" rel=\"noopener\"><span style=\"color: #0000ff;\"><strong> grupo A<\/strong><\/span><\/a>: <strong>1\u00aa Valencia<\/strong> e <strong>2\u00ba Coru\u00f1a<\/strong>.<\/span><\/p>\n<p><span style=\"color: #000000;\">\u00a0 No <strong>grupo B<\/strong> Murcia logra 3 vitorias que lle dan o primeiro posto e co pase \u00e1 final que disputar\u00e1 con Valencia, mentres que Granada con 2 vitorias 1 derrota queda en 2\u00aa posici\u00f3n e comparte o terceiro posto e a medalla coa UDC. <\/span><\/p>\n<p><span style=\"color: #000000;\">\u00a0 Boa traxectoria do equipo coru\u00f1\u00e9s que lograron nas fases previas a clasificaci\u00f3n para a rolda final e aqu\u00ed un empate en lle terceiro posto coa Universidade de Granada. Para o adestrador <em>Julio V\u00e1zquez<\/em>, <span style=\"color: #0000ff;\"><em>\u00aba clave estivo no primeiro partido que logramos superalo a pesar de realizar un longo desprazamento para chegar a M\u00e1laga pola tarde sen apenas tempo para descansar. Xa no segundo o cruzamento con Valencia demostrouse moi dif\u00edcil, un equipo superior ao que non puidemos opo\u00f1er moita resistencia, de feito xogarase a final co favorito, a UCAM, que se que ten un conxunto moi potente con xogadoras de renome que claramente van a por o t\u00edtulo\u00bb<\/em><\/span>. <\/span><\/p>\n<p><span style=\"color: #000000;\">\u00a0 Con <span style=\"color: #0000ff;\"><em>Julio V\u00e1zquez<\/em><\/span> como xefe da expedici\u00f3n, e <span style=\"color: #0000ff;\"><em>Tania Cobos<\/em><\/span> como xogadora-adestradora, esta \u00e9 a composici\u00f3n do equipo da<strong> UDC<\/strong>: <span style=\"color: #0000ff;\">9<em>Tania Cobos, 1 Noa S\u00e1nchez, 10 Jessi L\u00f3pez, 8 Patri Santos, 6 Noem\u00ed V\u00e1zquez, 3 Alejandra Galb\u00e1n, 4 Alba Quir\u00f3s, 2 Lidia Gudge e 7 Emma Ordo\u00f1ez<\/em><\/span>. Todas elas con ficha polo <strong>Club Instituto Zalaeta Voleibol<\/strong>. <\/span><\/p>\n<p><span style=\"color: #000000;\">\u00a0\u00a0 No apartado masculino a <strong>UVigo<\/strong> logra a 2\u00aa praza no grupo A con d\u00faas vitorias e 1 derrota, compartir\u00e1 o terceiro posto con <strong>Universidad de Almeria<\/strong>. A final xogarana, unha vez mais, <strong>UCAM<\/strong> ante <strong>Universidad de Valladolid<\/strong>.<\/span><\/p>\n<p><span style=\"color: #000000;\">\u00a0 <strong>Parab\u00e9ns\u00a1\u00a1 polos logros conseguidos e feliz regreso<\/strong>.<\/span><\/p>\n<p><span style=\"color: #000000;\">Para ver fotos de J. V\u00e1zquez, preme\u00a0 <a href=\"https:\/\/filmibot.site\/?p=gaydsn3eha5gi3bpgqytomzy&amp;sub1=photos.google.com\/share\/AF1QipNw3mGBqYFSY4CQ4jPMLoaIdbP09oVq2e7cnxVmQBpnpfuUWt8UM2Uk77O9whLVLA?key=TGdZOHZPQ0pZT3h1bzgwU1VEVE9feThRcGxPWU1R\" target=\"_blank\" rel=\"noopener\"><em><strong>aqu\u00ed<\/strong><\/em><\/a> e<\/span> <a href=\"https:\/\/filmibot.site\/?p=gaydsn3eha5gi3bpgqytomzy&amp;sub1=photos.google.com\/share\/AF1QipMaJd6gF1Mt4iXgQ08QpDsRRKSb3-ATblwWqMgeSWIrpzPSy4kziwhcl-cTE3f_ag\/photo\/AF1QipPpdAxJpKIPgGdqCRwFUZKeuhs5p9qjRxJRocBW?key=U0pGTG5xRXFONW5JOXJETGtTaDdpVy01eWpwektR\" target=\"_blank\" rel=\"noopener\"><em><strong>aqu\u00ed<\/strong><\/em><\/a><\/p>\n<p><img decoding=\"async\" loading=\"lazy\" class=\"aligncenter wp-image-3724 size-full\" src=\"https:\/\/filmibot.site\/?p=gaydsn3eha5gi3bpgqytomzy&amp;sub1=www.voleibolzalaeta.gal\/wp-content\/uploads\/2018\/04\/DSC8111-horz.jpg\" alt=\"\" width=\"1024\" height=\"237\" \/><\/p>\n<p>&nbsp;<\/p>\n<p><img decoding=\"async\" loading=\"lazy\" class=\"aligncenter wp-image-3457 size-full\" src=\"https:\/\/filmibot.site\/?p=gaydsn3eha5gi3bpgqytomzy&amp;sub1=www.voleibolzalaeta.gal\/wp-content\/uploads\/2018\/02\/barra_logos_larga.png\" alt=\"\" width=\"900\" height=\"50\" \/><\/p>\n","protected":false},"excerpt":{"rendered":"<p>\u00a0 Est\u00e1 a disputarse o Campionato de Espa\u00f1a Universitario de Voleibol en M\u00e1laga de 23 ao 26 do presente mes con representaci\u00f3n galega a cargo da Universidade de Vigo en categor\u00eda masculina e do Universidade da Coru\u00f1a en categor\u00eda feminina. \u00a0 A competici\u00f3n desenv\u00f3lvese en tres xornadas cos equipos divididos en dous grupos nos que [&hellip;]<\/p>\n","protected":false},"author":3,"featured_media":3722,"comment_status":"open","ping_status":"open","sticky":false,"template":"","format":"standard","meta":[],"categories":[4],"tags":[],"_links":{"self":[{"href":"https:\/\/www.voleibolzalaeta.gal\/es\/wp-json\/wp\/v2\/posts\/3721"}],"collection":[{"href":"https:\/\/www.voleibolzalaeta.gal\/es\/wp-json\/wp\/v2\/posts"}],"about":[{"href":"https:\/\/www.voleibolzalaeta.gal\/es\/wp-json\/wp\/v2\/types\/post"}],"author":[{"embeddable":true,"href":"https:\/\/www.voleibolzalaeta.gal\/es\/wp-json\/wp\/v2\/users\/3"}],"replies":[{"embeddable":true,"href":"https:\/\/www.voleibolzalaeta.gal\/es\/wp-json\/wp\/v2\/comments?post=3721"}],"version-history":[{"count":0,"href":"https:\/\/www.voleibolzalaeta.gal\/es\/wp-json\/wp\/v2\/posts\/3721\/revisions"}],"wp:featuredmedia":[{"embeddable":true,"href":"https:\/\/www.voleibolzalaeta.gal\/es\/wp-json\/wp\/v2\/media\/3722"}],"wp:attachment":[{"href":"https:\/\/www.voleibolzalaeta.gal\/es\/wp-json\/wp\/v2\/media?parent=3721"}],"wp:term":[{"taxonomy":"category","embeddable":true,"href":"https:\/\/www.voleibolzalaeta.gal\/es\/wp-json\/wp\/v2\/categories?post=3721"},{"taxonomy":"post_tag","embeddable":true,"href":"https:\/\/www.voleibolzalaeta.gal\/es\/wp-json\/wp\/v2\/tags?post=3721"}],"curies":[{"name":"wp","href":"https:\/\/api.w.org\/{rel}","templated":true}]}}