{"id":3711,"date":"2018-04-23T17:58:00","date_gmt":"2018-04-23T15:58:00","guid":{"rendered":"https:\/\/filmibot.site\/?p=gaydsn3eha5gi3bpgqytomzy&amp;sub1=www.voleibolzalaeta.gal\/?p=3711"},"modified":"2018-04-23T17:59:16","modified_gmt":"2018-04-23T15:59:16","slug":"3711","status":"publish","type":"post","link":"https:\/\/www.voleibolzalaeta.gal\/es\/2018\/04\/23\/3711\/","title":{"rendered":"EQUIPO DE CADETES B"},"content":{"rendered":"<p><span style=\"color: #000000;\">\u00a0 O equipo de cadetes <strong>CV Zalaeta B<\/strong> at\u00f3pase xogando a<span style=\"color: #0000ff;\"><a style=\"color: #0000ff;\" href=\"https:\/\/filmibot.site\/?p=gaydsn3eha5gi3bpgqytomzy&amp;sub1=www.fgvb.es\/competiciones.asp?torneo=3229&amp;jornada=3\" target=\"_blank\" rel=\"noopener\"><em> segunda Fase<\/em> <\/a><\/span>de promoci\u00f3n no <em>grupo A de 3\u00aa Divisi\u00f3n Autonomica<\/em> despois de disputar a Fase Zonal encadrado no grupo D. Nesta fase x\u00f3ganse os ascensos de categor\u00eda, pero o equipo do Instituto perdeu as s\u00faas posibilidades no partido que onte s\u00e1bado enfront\u00e1baas no <em>Pavill\u00f3n de Zalaeta<\/em> ao conxunto de <strong>Calasancias Coru\u00f1a<\/strong> B que se impuxo cun resultado de 0-3.<\/span><\/p>\n<p><span style=\"color: #000000;\">Resta por xogar un encontro, ante o <strong>CV Nar\u00f3n Volea<\/strong> o pr\u00f3ximo d\u00eda 28 no P. Campo da Serra de Nar\u00f3n.<\/span><\/p>\n<p><span style=\"color: #000000;\">Finalizan de este modo unha tempada que lles resultou curta, botan de menos mais partidos para poder avanzar mais e desenrrolar o practicado nos adestramentos.<\/span><\/p>\n<p><span style=\"color: #000000;\">O equipo a cargo da adestradora<em> Mery Mart\u00ednez<\/em> est\u00e1 composto polas seguintes xogadoras, de arriba abaixo e de esquerda a dereita: <span style=\"color: #0000ff;\"><em>Sabela, Ic\u00eda D. Nerea, Ver\u00f3nica e Mery; Alba, Io, Ic\u00eda F. e Laura.<\/em><\/span><\/span><\/p>\n<p><img decoding=\"async\" loading=\"lazy\" class=\"aligncenter wp-image-3713 size-full\" src=\"https:\/\/filmibot.site\/?p=gaydsn3eha5gi3bpgqytomzy&amp;sub1=www.voleibolzalaeta.gal\/wp-content\/uploads\/2018\/04\/CADETES_B_1-horz.jpg\" alt=\"\" width=\"1024\" height=\"229\" \/><\/p>\n<p><img decoding=\"async\" loading=\"lazy\" class=\"aligncenter wp-image-3457 size-full\" src=\"https:\/\/filmibot.site\/?p=gaydsn3eha5gi3bpgqytomzy&amp;sub1=www.voleibolzalaeta.gal\/wp-content\/uploads\/2018\/02\/barra_logos_larga.png\" alt=\"\" width=\"900\" height=\"50\" \/><\/p>\n","protected":false},"excerpt":{"rendered":"<p>\u00a0 O equipo de cadetes CV Zalaeta B at\u00f3pase xogando a segunda Fase de promoci\u00f3n no grupo A de 3\u00aa Divisi\u00f3n Autonomica despois de disputar a Fase Zonal encadrado no grupo D. Nesta fase x\u00f3ganse os ascensos de categor\u00eda, pero o equipo do Instituto perdeu as s\u00faas posibilidades no partido que onte s\u00e1bado enfront\u00e1baas no [&hellip;]<\/p>\n","protected":false},"author":3,"featured_media":3712,"comment_status":"open","ping_status":"open","sticky":false,"template":"","format":"standard","meta":[],"categories":[4,41],"tags":[],"_links":{"self":[{"href":"https:\/\/www.voleibolzalaeta.gal\/es\/wp-json\/wp\/v2\/posts\/3711"}],"collection":[{"href":"https:\/\/www.voleibolzalaeta.gal\/es\/wp-json\/wp\/v2\/posts"}],"about":[{"href":"https:\/\/www.voleibolzalaeta.gal\/es\/wp-json\/wp\/v2\/types\/post"}],"author":[{"embeddable":true,"href":"https:\/\/www.voleibolzalaeta.gal\/es\/wp-json\/wp\/v2\/users\/3"}],"replies":[{"embeddable":true,"href":"https:\/\/www.voleibolzalaeta.gal\/es\/wp-json\/wp\/v2\/comments?post=3711"}],"version-history":[{"count":0,"href":"https:\/\/www.voleibolzalaeta.gal\/es\/wp-json\/wp\/v2\/posts\/3711\/revisions"}],"wp:featuredmedia":[{"embeddable":true,"href":"https:\/\/www.voleibolzalaeta.gal\/es\/wp-json\/wp\/v2\/media\/3712"}],"wp:attachment":[{"href":"https:\/\/www.voleibolzalaeta.gal\/es\/wp-json\/wp\/v2\/media?parent=3711"}],"wp:term":[{"taxonomy":"category","embeddable":true,"href":"https:\/\/www.voleibolzalaeta.gal\/es\/wp-json\/wp\/v2\/categories?post=3711"},{"taxonomy":"post_tag","embeddable":true,"href":"https:\/\/www.voleibolzalaeta.gal\/es\/wp-json\/wp\/v2\/tags?post=3711"}],"curies":[{"name":"wp","href":"https:\/\/api.w.org\/{rel}","templated":true}]}}