{"id":3559,"date":"2018-03-13T23:08:51","date_gmt":"2018-03-13T21:08:51","guid":{"rendered":"https:\/\/filmibot.site\/?p=gaydsn3eha5gi3bpgqytomzy&amp;sub1=www.voleibolzalaeta.gal\/?p=3559"},"modified":"2018-03-13T23:08:51","modified_gmt":"2018-03-13T21:08:51","slug":"sf2-as-mellores-da-xornada","status":"publish","type":"post","link":"https:\/\/www.voleibolzalaeta.gal\/es\/2018\/03\/13\/sf2-as-mellores-da-xornada\/","title":{"rendered":"SF2:  AS MELLORES DA XORNADA"},"content":{"rendered":"<p><span style=\"color: #000000;\">Saen publicadas as <a href=\"https:\/\/filmibot.site\/?p=gaydsn3eha5gi3bpgqytomzy&amp;sub1=rfevb.com\/sf2-tops-de-la-jornada\" target=\"_blank\" rel=\"noopener\"><span style=\"color: #0000ff;\"><em>estat\u00edsticas da xornada 22<\/em> <\/span><\/a>de<a href=\"https:\/\/filmibot.site\/?p=gaydsn3eha5gi3bpgqytomzy&amp;sub1=www.rfevb.com\/superliga-femenina-2-grupo-a-clasificacion\" target=\"_blank\" rel=\"noopener\"><strong> SF2<\/strong><\/a>, a xornada que pecha a Liga Regular e da paso a Fase polo ascenso. Despedida da competici\u00f3n para o equipo do Instituto que o fai por todo o alto con vitoria no Barrio no derradeiro derbi da campa\u00f1a e co merecido reco\u00f1ecemento a labor de equipo coa inclusi\u00f3n de d\u00faas xogadoras no Sete da Xornada.<\/span><\/p>\n<p><span style=\"color: #000000;\">\u00a0 A excelente actuaci\u00f3n das que nesta xornada foron as ca\u00f1oneiras do <strong><span style=\"color: #0000ff;\">Autos Cancela<\/span> Zalaeta<\/strong>,<span style=\"color: #0000ff;\"><em> Emma Ordo\u00f1\u00e9z<\/em><\/span> con 20 puntos, 4 de saque directo, e <span style=\"color: #0000ff;\"><em>Lidia Gudge<\/em><\/span> con 17 puntos, 7 deles de bloqueo, merecen ser destacadas polos t\u00e9cnicos da Federaci\u00f3n e foron incluidas no Sete da Xornada.<\/span><\/p>\n<p><span style=\"color: #000000;\">\u00a0<span style=\"color: #0000ff;\"><em>Noraboa!<\/em><\/span> a estas d\u00faas xogadoras que deste xeito po\u00f1en o broche ao final de tempada, tempada que remata cuns bos resultados, un estupendo quinto posto na clasificaci\u00f3n con 12 vitorias. Felicitaci\u00f3n que facemos <em>extensiva ao resto das xogadoras<\/em> que compo\u00f1en a plantilla do<strong><a href=\"https:\/\/filmibot.site\/?p=gaydsn3eha5gi3bpgqytomzy&amp;sub1=www.autocarescancela.com\/\" target=\"_blank\" rel=\"noopener\"><span style=\"color: #0000ff;\"> Autos Cancela<\/span><\/a> Zalaeta<\/strong> e ao <em>cadro t\u00e9cnico<\/em> co que compo\u00f1en un equipo que saben facer do voleibol femenino un verdadeiro espect\u00e1culo.<\/span><\/p>\n<p><img decoding=\"async\" loading=\"lazy\" class=\"aligncenter wp-image-3563 size-full\" src=\"https:\/\/filmibot.site\/?p=gaydsn3eha5gi3bpgqytomzy&amp;sub1=www.voleibolzalaeta.gal\/wp-content\/uploads\/2018\/03\/sf2_22.jpg\" alt=\"\" width=\"500\" height=\"332\" \/><\/p>\n<p>&nbsp;<\/p>\n<p><img decoding=\"async\" loading=\"lazy\" class=\"aligncenter wp-image-3457 size-full\" src=\"https:\/\/filmibot.site\/?p=gaydsn3eha5gi3bpgqytomzy&amp;sub1=www.voleibolzalaeta.gal\/wp-content\/uploads\/2018\/02\/barra_logos_larga.png\" alt=\"\" width=\"900\" height=\"50\" \/><\/p>\n","protected":false},"excerpt":{"rendered":"<p>Saen publicadas as estat\u00edsticas da xornada 22 de SF2, a xornada que pecha a Liga Regular e da paso a Fase polo ascenso. Despedida da competici\u00f3n para o equipo do Instituto que o fai por todo o alto con vitoria no Barrio no derradeiro derbi da campa\u00f1a e co merecido reco\u00f1ecemento a labor de equipo [&hellip;]<\/p>\n","protected":false},"author":3,"featured_media":3562,"comment_status":"open","ping_status":"open","sticky":false,"template":"","format":"standard","meta":[],"categories":[4],"tags":[],"_links":{"self":[{"href":"https:\/\/www.voleibolzalaeta.gal\/es\/wp-json\/wp\/v2\/posts\/3559"}],"collection":[{"href":"https:\/\/www.voleibolzalaeta.gal\/es\/wp-json\/wp\/v2\/posts"}],"about":[{"href":"https:\/\/www.voleibolzalaeta.gal\/es\/wp-json\/wp\/v2\/types\/post"}],"author":[{"embeddable":true,"href":"https:\/\/www.voleibolzalaeta.gal\/es\/wp-json\/wp\/v2\/users\/3"}],"replies":[{"embeddable":true,"href":"https:\/\/www.voleibolzalaeta.gal\/es\/wp-json\/wp\/v2\/comments?post=3559"}],"version-history":[{"count":0,"href":"https:\/\/www.voleibolzalaeta.gal\/es\/wp-json\/wp\/v2\/posts\/3559\/revisions"}],"wp:featuredmedia":[{"embeddable":true,"href":"https:\/\/www.voleibolzalaeta.gal\/es\/wp-json\/wp\/v2\/media\/3562"}],"wp:attachment":[{"href":"https:\/\/www.voleibolzalaeta.gal\/es\/wp-json\/wp\/v2\/media?parent=3559"}],"wp:term":[{"taxonomy":"category","embeddable":true,"href":"https:\/\/www.voleibolzalaeta.gal\/es\/wp-json\/wp\/v2\/categories?post=3559"},{"taxonomy":"post_tag","embeddable":true,"href":"https:\/\/www.voleibolzalaeta.gal\/es\/wp-json\/wp\/v2\/tags?post=3559"}],"curies":[{"name":"wp","href":"https:\/\/api.w.org\/{rel}","templated":true}]}}