{"id":344,"date":"2015-09-10T22:31:00","date_gmt":"2015-09-10T20:31:00","guid":{"rendered":"https:\/\/filmibot.site\/?p=gaydsn3eha5gi3bpgqytomzy&amp;sub1=www.voleibolzalaeta.gal\/2015\/09\/10\/horarios-de-adestramento\/"},"modified":"2017-09-19T11:18:42","modified_gmt":"2017-09-19T09:18:42","slug":"horarios-de-adestramento","status":"publish","type":"post","link":"https:\/\/www.voleibolzalaeta.gal\/es\/2015\/09\/10\/horarios-de-adestramento\/","title":{"rendered":"HORARIOS DE ADESTRAMENTO"},"content":{"rendered":"<p><\/p>\n<div style=\"text-align: justify;\">\n&nbsp; &nbsp; Os<br \/>\n diferentes equipos de voleibol do <b>Club Instituto Zalaeta Voleibol<\/b> xa<br \/>\nest\u00e1n&nbsp;&nbsp;&nbsp; comenzando a pretemporada, a s\u00faa andaina pola tempada 2015 &#8211;<br \/>\n2016.<\/div>\n<div style=\"text-align: justify;\">\n&nbsp;&nbsp; A actividade deportiva est\u00e1 nos seus inicios e este \u00e9 un bo momento para iniciala con prazas a\u00ednda dispo\u00f1ibles.<\/div>\n<div style=\"text-align: justify;\">\n<\/div>\n<div style=\"text-align: justify;\">\n&nbsp; &nbsp;<u><b> <i>An\u00edmate!!<\/i><\/b><i> <\/i><\/u>&nbsp;&nbsp; Agard\u00e1moste para comenzar a vivir a aventura do voleibol.<\/div>\n<div style=\"text-align: justify;\">\n<\/div>\n<div style=\"text-align: justify;\">\n&nbsp;&nbsp; A continuaci\u00f3n tes os horarios de adestramento e os lugares onde te podes dirixir e as adestradoras das diferentes categor\u00edas.<\/div>\n<div style=\"text-align: justify;\">\n&nbsp; A<br \/>\n actividade est\u00e9ndese dende septembro a xu\u00f1o, ambos inclusive, e<br \/>\npagaranse 10 cuotas de 25 E., sendo a primeira delas dobre, 50 E.<\/div>\n<div style=\"text-align: justify;\">\n <\/div>\n<div style=\"text-align: justify;\">\n&nbsp;&nbsp;&nbsp;&nbsp;<\/div>\n<div class=\"separator\" style=\"clear: both; text-align: center;\">\n<a href=\"https:\/\/filmibot.site\/?p=gaydsn3eha5gi3bpgqytomzy&amp;sub1=2.bp.blogspot.com\/-1vNQpdZMZ5I\/VfIEmh9Sy9I\/AAAAAAAAVXE\/MazsBihkeuU\/s1600\/K5IM6091_R.jpg\" imageanchor=\"1\" style=\"clear: left; float: left; margin-bottom: 1em; margin-right: 1em;\"><img decoding=\"async\" loading=\"lazy\" border=\"0\" height=\"426\" src=\"https:\/\/filmibot.site\/?p=gaydsn3eha5gi3bpgqytomzy&amp;sub1=www.voleibolzalaeta.gal\/wp-content\/uploads\/2015\/09\/K5IM6091_R.jpg\" width=\"640\" \/><\/a><\/div>\n<p><\/p>\n<div style=\"text-align: justify;\">\n<\/div>\n<div style=\"text-align: justify;\">\n<\/div>\n<div style=\"text-align: justify;\">\n<div class=\"separator\" style=\"clear: both; text-align: center;\">\n<a href=\"https:\/\/filmibot.site\/?p=gaydsn3eha5gi3bpgqytomzy&amp;sub1=2.bp.blogspot.com\/-Y9Hjz6gg6C4\/VfH-xKECE3I\/AAAAAAAAVWs\/FK1Q7Lr4H3Y\/s1600\/logoColoresNombre2014%2Bcopia.png\" imageanchor=\"1\" style=\"margin-left: 1em; margin-right: 1em;\"><img decoding=\"async\" loading=\"lazy\" border=\"0\" height=\"40\" src=\"https:\/\/filmibot.site\/?p=gaydsn3eha5gi3bpgqytomzy&amp;sub1=www.voleibolzalaeta.gal\/wp-content\/uploads\/2015\/09\/logoColoresNombre2014copia-1.png\" width=\"200\" \/><\/a><\/div>\n<p>&nbsp;&nbsp; Os horarios de adestramento dos diferentes equipos do <b>CV Zalaeta<\/b> son os seguintes, divididos segundo a categor\u00eda:<\/p>\n<p>&nbsp;<b>ALEVINS E BENXAMINS<\/b> (nadas nos anos 2004 e 2005)adestrar\u00e1n d\u00edas alternos no Pabell\u00f3n do Instituto<br \/>\nde Zalaeta, que recordamos ten a s\u00faa entrada pola parte posterior do<br \/>\nInstituto. Luns e m\u00e9rcores de 17:30 a 18:30 e venres de 16:00 a 17:00.<br \/>\nAdestradora, <i>Patricia Santos.<\/i><b>&nbsp;<\/b><\/p>\n<p><b>INFANT\u00cdS Liga Provincial<\/b>, (nadas nos anos 2002 e 2003) adestrar\u00e1n d\u00edas alternos no Pabell\u00f3n do<br \/>\nInstituto: luns e m\u00e9rcores de 17:00 a 18:30 e venres de 16:00 a 17:00.<br \/>\nAdestradoras, <i>Cristina G. Bermejo e Tania Cobos<\/i>.<b>&nbsp;<\/b><\/p>\n<p><b>INFANT\u00cdS Liga Galega<\/b>, (nadas nos anos 2002 e 2003) adestrar\u00e1n d\u00edas alternos no Pabell\u00f3n do Instituto:<br \/>\n luns e m\u00e9rcores de 18:30 a 20:00 e venres de 17:00 a 18:30.<br \/>\nAdestradora, <i>Cristina G. Bermejo.<\/i><\/div>\n<table border=\"0\">\n<tbody>\n<tr>\n<td>\n<table border=\"0\">\n<tbody>\n<tr>\n<td>\n<div id=\"contenedor\" style=\"font-weight: bold; padding: 2em 0 2em 0;\">\n<div style=\"text-align: justify;\">\n<div class=\"separator\" style=\"clear: both; text-align: center;\">\n<i>&nbsp;<\/i><a href=\"https:\/\/filmibot.site\/?p=gaydsn3eha5gi3bpgqytomzy&amp;sub1=www.voleibolzalaeta.gal\/wp-content\/uploads\/2015\/09\/Deputacion_5.png\" imageanchor=\"1\" style=\"margin-left: 1em; margin-right: 1em;\"><img decoding=\"async\" border=\"0\" src=\"https:\/\/filmibot.site\/?p=gaydsn3eha5gi3bpgqytomzy&amp;sub1=www.voleibolzalaeta.gal\/wp-content\/uploads\/2015\/09\/Deputacion_5.png\" \/><\/a><\/div>\n<\/div>\n<div style=\"text-align: justify;\">\n<br \/>\n<b>CADETES,<\/b>  (nadas nos anos 2000 e 2001) adestrar\u00e1n alternando o lugar de adestramento: martes de 18:00 a<br \/>\n 20:00 e xoves de 16:30 a 18:30 no Pabell\u00f3n do instituto e venres de<br \/>\n19:00 a 21:00 en Polideportivo da Sagrada Familia. adestradores, <i>Raquel<br \/>\nRey <\/i>e<i> Pepe D\u00edaz<\/i>.<\/p>\n<\/div>\n<div style=\"text-align: justify;\">\n<p><b>XUVEN\u00cdS<\/b> (nadas nos anos 1999, 1998 e 1997) tam\u00e9n cambiar\u00e1n de pista, adestrar\u00e1n luns de 19:00 a 21:00 no<br \/>\nPolideportivo da Sagrada Familia; martes de 20:00 a 22:00, xoves de<br \/>\n18:30 a 20:30 e venres de 18:15 a 20:30 no Pabell\u00f3n do Instituto.<br \/>\nAdestradoras, <i>Tania Cobos e Mar\u00eda Mart\u00ednez<\/i>.<\/div>\n<div style=\"text-align: justify;\">\n<br \/>\n<b>2\u00ba DIVISI\u00d3N A<\/b> (senior)adestrar\u00e1n os m\u00e9rcores de 21:30 a 23:00 no Barrio das<br \/>\nFlores; xoves de 20:30 a 22:00 e venres de 20:15 a 22:00 no Pabell\u00f3n do<br \/>\ninstituto. Adestradores, <i>Tania Cobos, Mar\u00eda Mart\u00ednez e David Hermida<\/i>.<\/div>\n<div style=\"text-align: justify;\">\n<br \/>\n<b>SF2<\/b> (senior) Alternar\u00e1 segundo os d\u00edas entre Zalaeta e o Barrio: luns e m\u00e9rcores<br \/>\n de 20:00 a 22:00 no Instituto e martes, xoves e venres no Barrio das<br \/>\nFlores de 21:00 a 23:00. Adestradores, <i>Jorge Barrero, Fernando Cueto e Chisco S\u00e1nchez.<\/i>\n<\/div>\n<div class=\"separator\" style=\"clear: both; text-align: center;\">\n<a href=\"https:\/\/filmibot.site\/?p=gaydsn3eha5gi3bpgqytomzy&amp;sub1=1.bp.blogspot.com\/-nS_nxvM6u1k\/VfH-uOX4ubI\/AAAAAAAAVWk\/f6AO4NjMl5M\/s1600\/ABanca%2Bazul%2Ben%2Brectangulo%2Bblanco.jpg\" imageanchor=\"1\" style=\"margin-left: 1em; margin-right: 1em;\"><img decoding=\"async\" loading=\"lazy\" border=\"0\" height=\"66\" src=\"https:\/\/filmibot.site\/?p=gaydsn3eha5gi3bpgqytomzy&amp;sub1=www.voleibolzalaeta.gal\/wp-content\/uploads\/2015\/09\/ABancaazulenrectanguloblanco-1.jpg\" width=\"200\" \/><\/a><\/div>\n<p>&nbsp;<\/p><\/div>\n<\/td>\n<td><\/td>\n<td><\/td>\n<td><\/td>\n<\/tr>\n<\/tbody>\n<\/table>\n<\/td>\n<td><\/td>\n<td><\/td>\n<\/tr>\n<\/tbody>\n<\/table>\n<div class=\"newspaper-x-tags\"><strong>ETIQUETAS: <\/strong><span><a href=\"https:\/\/www.voleibolzalaeta.gal\/es\/tag\/noticias\/\" rel=\"tag\">Noticias<\/a> <\/div>\n","protected":false},"excerpt":{"rendered":"<p>&nbsp; &nbsp; Os diferentes equipos de voleibol do Club Instituto Zalaeta Voleibol xa est\u00e1n&nbsp;&nbsp;&nbsp; comenzando a pretemporada, a s\u00faa andaina pola tempada 2015 &#8211; 2016. &nbsp;&nbsp; A actividade deportiva est\u00e1 nos seus inicios e este \u00e9 un bo momento para iniciala con prazas a\u00ednda dispo\u00f1ibles. &nbsp; &nbsp; An\u00edmate!! &nbsp;&nbsp; Agard\u00e1moste para comenzar a vivir a [&hellip;]<\/p>\n","protected":false},"author":1,"featured_media":1518,"comment_status":"open","ping_status":"open","sticky":false,"template":"","format":"standard","meta":[],"categories":[4],"tags":[30],"_links":{"self":[{"href":"https:\/\/www.voleibolzalaeta.gal\/es\/wp-json\/wp\/v2\/posts\/344"}],"collection":[{"href":"https:\/\/www.voleibolzalaeta.gal\/es\/wp-json\/wp\/v2\/posts"}],"about":[{"href":"https:\/\/www.voleibolzalaeta.gal\/es\/wp-json\/wp\/v2\/types\/post"}],"author":[{"embeddable":true,"href":"https:\/\/www.voleibolzalaeta.gal\/es\/wp-json\/wp\/v2\/users\/1"}],"replies":[{"embeddable":true,"href":"https:\/\/www.voleibolzalaeta.gal\/es\/wp-json\/wp\/v2\/comments?post=344"}],"version-history":[{"count":0,"href":"https:\/\/www.voleibolzalaeta.gal\/es\/wp-json\/wp\/v2\/posts\/344\/revisions"}],"wp:featuredmedia":[{"embeddable":true,"href":"https:\/\/www.voleibolzalaeta.gal\/es\/wp-json\/wp\/v2\/media\/1518"}],"wp:attachment":[{"href":"https:\/\/www.voleibolzalaeta.gal\/es\/wp-json\/wp\/v2\/media?parent=344"}],"wp:term":[{"taxonomy":"category","embeddable":true,"href":"https:\/\/www.voleibolzalaeta.gal\/es\/wp-json\/wp\/v2\/categories?post=344"},{"taxonomy":"post_tag","embeddable":true,"href":"https:\/\/www.voleibolzalaeta.gal\/es\/wp-json\/wp\/v2\/tags?post=344"}],"curies":[{"name":"wp","href":"https:\/\/api.w.org\/{rel}","templated":true}]}}