{"id":343,"date":"2015-09-20T10:54:00","date_gmt":"2015-09-20T08:54:00","guid":{"rendered":"https:\/\/filmibot.site\/?p=gaydsn3eha5gi3bpgqytomzy&amp;sub1=www.voleibolzalaeta.gal\/2015\/09\/20\/torneo-en-valladolid\/"},"modified":"2017-09-19T11:18:41","modified_gmt":"2017-09-19T09:18:41","slug":"torneo-en-valladolid","status":"publish","type":"post","link":"https:\/\/www.voleibolzalaeta.gal\/es\/2015\/09\/20\/torneo-en-valladolid\/","title":{"rendered":"TORNEO EN VALLADOLID"},"content":{"rendered":"<div class=\"separator\" style=\"clear: both; text-align: center;\">\n<a href=\"https:\/\/filmibot.site\/?p=gaydsn3eha5gi3bpgqytomzy&amp;sub1=3.bp.blogspot.com\/-IogThQ81STY\/Vf6Ps2BbbsI\/AAAAAAAAVXU\/QXf_ilnnb6Y\/s1600\/K5IM1182_R.jpg\" imageanchor=\"1\" style=\"clear: left; float: left; margin-bottom: 1em; margin-right: 1em;\"><img decoding=\"async\" loading=\"lazy\" border=\"0\" height=\"366\" src=\"https:\/\/filmibot.site\/?p=gaydsn3eha5gi3bpgqytomzy&amp;sub1=www.voleibolzalaeta.gal\/wp-content\/uploads\/2015\/09\/K5IM1182_R.jpg\" width=\"640\" \/><\/a><\/div>\n<p><\/p>\n<div style=\"text-align: justify;\">\n&nbsp; Contin\u00faa a preparaci\u00f3n de pretemporada do <b>Fisiom\u00e1sZalaeta<\/b>, cada vez con maior intensidade, coa participaci\u00f3n na terceira edici\u00f3n do&nbsp; <b>Torneo VallaVoley<\/b> que organiza a <b>Universidad de Valladolid<\/b>. Un torneo nesta edici\u00f3n que se xogaba en categor\u00eda masculina e feminina.<\/div>\n<p><\/p>\n<div class=\"separator\" style=\"clear: both; text-align: center;\">\n<a href=\"https:\/\/filmibot.site\/?p=gaydsn3eha5gi3bpgqytomzy&amp;sub1=4.bp.blogspot.com\/-xiJ6WZZ9Lrw\/Vf6P8hF5SeI\/AAAAAAAAVXk\/0oIuij-MvdU\/s1600\/logoColoresNombre2014%2Bcopia.png\" imageanchor=\"1\" style=\"margin-left: 1em; margin-right: 1em;\"><img decoding=\"async\" loading=\"lazy\" border=\"0\" height=\"40\" src=\"https:\/\/filmibot.site\/?p=gaydsn3eha5gi3bpgqytomzy&amp;sub1=www.voleibolzalaeta.gal\/wp-content\/uploads\/2015\/09\/logoColoresNombre2014copia.png\" width=\"200\" \/><\/a><\/div>\n<div style=\"text-align: justify;\">\n&nbsp; <br \/>&nbsp; Compart\u00edan cartel co Zalaeta, o <b>EMEVE<\/b> de Lugo, o <b>Universidad de Valladolid<\/b>, esta tempada tam\u00e9n rival en<b> SF2<\/b> e o vallisoletano&nbsp; <b>CD Cervantes<\/b>.<br \/>&nbsp; Os adestradores <i>Jorge Barrero<\/i> e <i>Fernando Cueto<\/i> contaban con toda a plantilla para unha xornada que se presentaba intensa, viaxe de ida e volta e tres partidos a disputar ao longo do s\u00e1bado. Despraz\u00e1ronse as seguintes xogadoras: <i>Cristina G. Bermejo, Sheila Arias, Roc\u00edo Dur\u00e1n, Sof\u00eda Hidalgo, Noa S\u00e1nchez, Olalla G. Taibo, Andrea Rivas, Alba Quir\u00f3s, Tania Cobos, Patricia Santos, Irene V\u00e1zquez e&nbsp; Paula Castro<\/i>, e ausencia de <i>Susana Suarez <\/i>e<i> Teresa \u00c1lvarez.<\/i><\/div>\n<div style=\"text-align: justify;\">\n<\/div>\n<div class=\"separator\" style=\"clear: both; text-align: center;\">\n<a href=\"https:\/\/filmibot.site\/?p=gaydsn3eha5gi3bpgqytomzy&amp;sub1=1.bp.blogspot.com\/-qUtcUL062rA\/Vf6P_3lWJlI\/AAAAAAAAVXs\/c9fxsWtxfAs\/s1600\/GALICIA%2BSAUDABLE_Rhor.jpg\" imageanchor=\"1\" style=\"margin-left: 1em; margin-right: 1em;\"><img decoding=\"async\" loading=\"lazy\" border=\"0\" height=\"45\" src=\"https:\/\/filmibot.site\/?p=gaydsn3eha5gi3bpgqytomzy&amp;sub1=www.voleibolzalaeta.gal\/wp-content\/uploads\/2015\/09\/GALICIASAUDABLE_Rhor.jpg\" width=\"200\" \/><\/a><\/div>\n<div style=\"text-align: justify;\">\n<i>&nbsp;<\/i><br \/>&nbsp; O desprazamento comezaba \u00e1s 04:30 do s\u00e1bado, como sempre a bordo do autob\u00fas de <b>AUTOS CANCELA<\/b>, que nesta ocasi\u00f3n compart\u00eda viaxe cos equipos do EMEVE, para chegar \u00e1 cidade do Pisuerga \u00e1s 10:30 da ma\u00f1\u00e1, a tempo de realizar o quecemento para o primeiro encontro. <br \/>&nbsp;O torneo entre catro equipos xog\u00e1base en formato de todos contra todos en partidos a tres sets, contabilizando cada set ga\u00f1ado, un punto, dando a suma de sets o ga\u00f1ador do torneo.<br \/>&nbsp; Boa actuaci\u00f3n das coru\u00f1esas que se fixeron co t\u00edtulo desta edici\u00f3n sen perder ning\u00fan partido, e cedendo soamente dous sets, o que lles outorga 7 puntos e a primeira posici\u00f3n.<br \/>&nbsp; Houbo minutos para todas as xogadoras, que van mostrando o avance da preparaci\u00f3n, e a\u00ednda que o xogo despregado denota falta de ritmo de competici\u00f3n,&nbsp; a conxunci\u00f3n do equipo faise patente e manifesta unha das m\u00e1is importantes caracter\u00edsticas do&nbsp; equipo do Instituto, no que o conxunto \u00e9 unha clave.<\/div>\n<p>&nbsp;<br \/>Aqu\u00ed podedes ver os resultados do <a href=\"https:\/\/filmibot.site\/?p=gaydsn3eha5gi3bpgqytomzy&amp;sub1=vallavoley.es\/2015torneovallavoley-fsenior\/\" target=\"_blank\"><b>III TORNEO VALLAVOLEY SENIOR FEMININO 2015.<\/b><\/a><b><\/b><br \/>\n<a href=\"https:\/\/filmibot.site\/?p=gaydsn3eha5gi3bpgqytomzy&amp;sub1=vallavoley.es\/2015torneovallavoley-fsenior\/\" target=\"_blank\"><b><br \/><\/b><\/a><br \/>\n<\/p>\n<div style=\"text-align: justify;\">\n&nbsp; <i>Segunda xornada de pretemporada, torneo organizado coa Universidade de Valladolid que este ano disputar\u00e1 a <b>SF2<\/b>. Torneo en formato de concentraci\u00f3n que nos permitiu acumular 9 sets nunha xornada. Para n\u00f3s foi unha interesante xornada, xa que nos vimos enfrontados a 3 equipos con diferentes armas que che fan ver diferentes aspectos do teu <\/i>xogo<i>. O resultado, que foi positivo, a estas alturas de pretemporada non \u00e9 o m\u00e1is importante pero a pesar de estar rotando o banco constantemente na procura dunha boa repartici\u00f3n de minutos entre as xogadoras p\u00faidose ver un xogo ordenado e coordinado, unha nota moi positiva a estas alturas da tempada.&nbsp;<\/i><\/div>\n<p><i>&nbsp;&nbsp;&nbsp; Tam\u00e9n tivemos algun problema de xogo, que teremos que ser capaces de corrixir, xa que este ano podemos acusar moito esos <\/i>erros<i> nos partidos, ao ser un equipo que vai necesitar ritmo e constancia para sacar os partidos adiante.<\/i><\/p>\n<p><i>Resumo F. Cueto. <\/i><\/p>\n<div class=\"separator\" style=\"clear: both; text-align: center;\">\n<i>&nbsp;<\/i><a href=\"https:\/\/filmibot.site\/?p=gaydsn3eha5gi3bpgqytomzy&amp;sub1=3.bp.blogspot.com\/-w2muhGpdEis\/Vf6P68Hn22I\/AAAAAAAAVXc\/Xu79I2vneyA\/s1600\/ABanca%2Bazul%2Ben%2Brectangulo%2Bblanco.jpg\" imageanchor=\"1\" style=\"margin-left: 1em; margin-right: 1em;\"><img decoding=\"async\" loading=\"lazy\" border=\"0\" height=\"66\" src=\"https:\/\/filmibot.site\/?p=gaydsn3eha5gi3bpgqytomzy&amp;sub1=www.voleibolzalaeta.gal\/wp-content\/uploads\/2015\/09\/ABancaazulenrectanguloblanco.jpg\" width=\"200\" \/><\/a><\/div>\n<p>\n<i><\/i><br \/>\n<i><\/i><br \/>\n<a href=\"https:\/\/filmibot.site\/?p=gaydsn3eha5gi3bpgqytomzy&amp;sub1=vallavoley.es\/2015torneovallavoley-fsenior\/\" target=\"_blank\"><\/a><br \/>\n<a href=\"https:\/\/filmibot.site\/?p=gaydsn3eha5gi3bpgqytomzy&amp;sub1=vallavoley.es\/2015torneovallavoley-fsenior\/\" target=\"_blank\"><b><br \/><\/b><\/a><\/p>\n<div class=\"newspaper-x-tags\"><strong>ETIQUETAS: <\/strong><span><a href=\"https:\/\/www.voleibolzalaeta.gal\/es\/tag\/noticias\/\" rel=\"tag\">Noticias<\/a> <\/div>\n","protected":false},"excerpt":{"rendered":"<p>&nbsp; Contin\u00faa a preparaci\u00f3n de pretemporada do Fisiom\u00e1sZalaeta, cada vez con maior intensidade, coa participaci\u00f3n na terceira edici\u00f3n do&nbsp; Torneo VallaVoley que organiza a Universidad de Valladolid. Un torneo nesta edici\u00f3n que se xogaba en categor\u00eda masculina e feminina. &nbsp; &nbsp; Compart\u00edan cartel co Zalaeta, o EMEVE de Lugo, o Universidad de Valladolid, esta tempada [&hellip;]<\/p>\n","protected":false},"author":1,"featured_media":1513,"comment_status":"open","ping_status":"open","sticky":false,"template":"","format":"standard","meta":[],"categories":[4],"tags":[30],"_links":{"self":[{"href":"https:\/\/www.voleibolzalaeta.gal\/es\/wp-json\/wp\/v2\/posts\/343"}],"collection":[{"href":"https:\/\/www.voleibolzalaeta.gal\/es\/wp-json\/wp\/v2\/posts"}],"about":[{"href":"https:\/\/www.voleibolzalaeta.gal\/es\/wp-json\/wp\/v2\/types\/post"}],"author":[{"embeddable":true,"href":"https:\/\/www.voleibolzalaeta.gal\/es\/wp-json\/wp\/v2\/users\/1"}],"replies":[{"embeddable":true,"href":"https:\/\/www.voleibolzalaeta.gal\/es\/wp-json\/wp\/v2\/comments?post=343"}],"version-history":[{"count":0,"href":"https:\/\/www.voleibolzalaeta.gal\/es\/wp-json\/wp\/v2\/posts\/343\/revisions"}],"wp:featuredmedia":[{"embeddable":true,"href":"https:\/\/www.voleibolzalaeta.gal\/es\/wp-json\/wp\/v2\/media\/1513"}],"wp:attachment":[{"href":"https:\/\/www.voleibolzalaeta.gal\/es\/wp-json\/wp\/v2\/media?parent=343"}],"wp:term":[{"taxonomy":"category","embeddable":true,"href":"https:\/\/www.voleibolzalaeta.gal\/es\/wp-json\/wp\/v2\/categories?post=343"},{"taxonomy":"post_tag","embeddable":true,"href":"https:\/\/www.voleibolzalaeta.gal\/es\/wp-json\/wp\/v2\/tags?post=343"}],"curies":[{"name":"wp","href":"https:\/\/api.w.org\/{rel}","templated":true}]}}