{"id":342,"date":"2015-09-25T20:14:00","date_gmt":"2015-09-25T18:14:00","guid":{"rendered":"https:\/\/filmibot.site\/?p=gaydsn3eha5gi3bpgqytomzy&amp;sub1=www.voleibolzalaeta.gal\/2015\/09\/25\/despois-da-vitoria-no-torneo-de\/"},"modified":"2017-09-19T11:18:41","modified_gmt":"2017-09-19T09:18:41","slug":"despois-da-vitoria-no-torneo-de","status":"publish","type":"post","link":"https:\/\/www.voleibolzalaeta.gal\/es\/2015\/09\/25\/despois-da-vitoria-no-torneo-de\/","title":{"rendered":"DESPRAZAMENTO A AVIL\u00c9S"},"content":{"rendered":"<p><\/p>\n<div style=\"text-align: justify;\">\n&nbsp;&nbsp; <b>Despois da vitoria no Torneo de Valladolid, toca desprazamento a Asturias para xogar o <a href=\"https:\/\/filmibot.site\/?p=gaydsn3eha5gi3bpgqytomzy&amp;sub1=vallavoley.es\/presentada-la-ix-edicion-del-torneo-villa-de-aviles\/\" target=\"_blank\">IX Torneo de Avil\u00e9s<\/a> no que participan co equipo do Instituto, o anfitri\u00f3n, <a href=\"https:\/\/filmibot.site\/?p=gaydsn3eha5gi3bpgqytomzy&amp;sub1=www.adlacurtidora.com\/\" target=\"_blank\">AD La Curtidora<\/a>, Universidad de Le\u00f3n e o CV Torrelavega.<\/b><\/div>\n<div class=\"separator\" style=\"clear: both; text-align: center;\">\n<a href=\"https:\/\/filmibot.site\/?p=gaydsn3eha5gi3bpgqytomzy&amp;sub1=2.bp.blogspot.com\/-20R5bkWqrws\/VgWqSVDm3GI\/AAAAAAAAVX8\/szl4V8n4opc\/s1600\/K5IM0979_R.jpg\" imageanchor=\"1\" style=\"clear: left; float: left; margin-bottom: 1em; margin-right: 1em;\"><img decoding=\"async\" loading=\"lazy\" border=\"0\" height=\"366\" src=\"https:\/\/filmibot.site\/?p=gaydsn3eha5gi3bpgqytomzy&amp;sub1=www.voleibolzalaeta.gal\/wp-content\/uploads\/2015\/09\/K5IM0979_R.jpg\" width=\"640\" \/><\/a><\/div>\n<p><\/p>\n<div style=\"text-align: justify;\">\n&nbsp;&nbsp; No Municipal dos Canap\u00e9s, o s\u00e1bado 26 \u00e1s 10:30 comezar\u00e1 a 1\u00aa semifinal que enfrontar\u00e1 \u00e1 Curtidora co Universidade de Le\u00f3n e \u00e1s 12:30 a 2\u00aa semifinal que disputar\u00e1n o CV Torrelavega co Fisiom\u00e1sZalaeta. Pola tarde, \u00e1s 17:30, terceiro e cuarto posto e \u00e1s 19:30, a final.<\/div>\n<div style=\"text-align: justify;\">\n&nbsp; O Torneo de Avil\u00e9s, que xa \u00e9 un cl\u00e1sico de pretemporada, serve para continuar a preparaci\u00f3n e ir collendo ritmo de competici\u00f3n ante rivais da mesma categor\u00eda, cun encontro inicial ante o club c\u00e1ntabro que finalizou como campi\u00f3n de grupo a campa\u00f1a pasada e que lle servir\u00e1 ao t\u00e9cnico Jorge Barrero para ir definindo o equipo para a liga. <br \/>\n&nbsp; Despois do bo sabor de boca que deixou o xogo despregado en Valladolid, as d\u00fabidas c\u00e9ntranse nas xogadoras que se poder\u00e1n desprazar para esta cita, na que para o t\u00e9cnico, <i>\u00abo importante \u00e9 o ritmo de competici\u00f3n que podamos adquirir para o comezo da liga e que o equipo contin\u00fae axust\u00e1ndose, na li\u00f1a dos partido xogados en Valladolid, despois os resultados ir\u00e1n chegando\u00bb.<\/i><\/div>\n<div style=\"text-align: justify;\">\n<\/div>\n<div class=\"separator\" style=\"clear: both; text-align: center;\">\n<\/div>\n<div class=\"separator\" style=\"clear: both; text-align: center;\">\n<\/div>\n<div class=\"separator\" style=\"clear: both; text-align: center;\">\n<\/div>\n<div style=\"text-align: justify;\">\n<div class=\"separator\" style=\"clear: both; text-align: center;\">\n<a href=\"https:\/\/filmibot.site\/?p=gaydsn3eha5gi3bpgqytomzy&amp;sub1=1.bp.blogspot.com\/-gwchZTfcHV8\/VgWxPfD728I\/AAAAAAAAVZQ\/HbA7IXaKyKU\/s1600\/LOGOS%2BVARIOS.jpg\" imageanchor=\"1\" style=\"clear: left; float: left; margin-bottom: 1em; margin-right: 1em;\"><img decoding=\"async\" loading=\"lazy\" border=\"0\" height=\"48\" src=\"https:\/\/filmibot.site\/?p=gaydsn3eha5gi3bpgqytomzy&amp;sub1=www.voleibolzalaeta.gal\/wp-content\/uploads\/2015\/09\/LOGOSVARIOS-1.jpg\" width=\"640\" \/><\/a><\/div>\n<div class=\"separator\" style=\"clear: both; text-align: center;\">\n<\/div>\n<div class=\"separator\" style=\"clear: both; text-align: center;\">\n<\/div>\n<div class=\"separator\" style=\"clear: both; text-align: center;\">\n<\/div>\n<p><\/div>\n<div style=\"text-align: justify;\">\n<\/div>\n<div style=\"text-align: justify;\">\n\n<\/div>\n<div class=\"newspaper-x-tags\"><strong>ETIQUETAS: <\/strong><span><a href=\"https:\/\/www.voleibolzalaeta.gal\/es\/tag\/noticias\/\" rel=\"tag\">Noticias<\/a> <\/div>\n","protected":false},"excerpt":{"rendered":"<p>&nbsp;&nbsp; Despois da vitoria no Torneo de Valladolid, toca desprazamento a Asturias para xogar o IX Torneo de Avil\u00e9s no que participan co equipo do Instituto, o anfitri\u00f3n, AD La Curtidora, Universidad de Le\u00f3n e o CV Torrelavega. &nbsp;&nbsp; No Municipal dos Canap\u00e9s, o s\u00e1bado 26 \u00e1s 10:30 comezar\u00e1 a 1\u00aa semifinal que enfrontar\u00e1 \u00e1 [&hellip;]<\/p>\n","protected":false},"author":1,"featured_media":1510,"comment_status":"open","ping_status":"open","sticky":false,"template":"","format":"standard","meta":[],"categories":[4],"tags":[30],"_links":{"self":[{"href":"https:\/\/www.voleibolzalaeta.gal\/es\/wp-json\/wp\/v2\/posts\/342"}],"collection":[{"href":"https:\/\/www.voleibolzalaeta.gal\/es\/wp-json\/wp\/v2\/posts"}],"about":[{"href":"https:\/\/www.voleibolzalaeta.gal\/es\/wp-json\/wp\/v2\/types\/post"}],"author":[{"embeddable":true,"href":"https:\/\/www.voleibolzalaeta.gal\/es\/wp-json\/wp\/v2\/users\/1"}],"replies":[{"embeddable":true,"href":"https:\/\/www.voleibolzalaeta.gal\/es\/wp-json\/wp\/v2\/comments?post=342"}],"version-history":[{"count":0,"href":"https:\/\/www.voleibolzalaeta.gal\/es\/wp-json\/wp\/v2\/posts\/342\/revisions"}],"wp:featuredmedia":[{"embeddable":true,"href":"https:\/\/www.voleibolzalaeta.gal\/es\/wp-json\/wp\/v2\/media\/1510"}],"wp:attachment":[{"href":"https:\/\/www.voleibolzalaeta.gal\/es\/wp-json\/wp\/v2\/media?parent=342"}],"wp:term":[{"taxonomy":"category","embeddable":true,"href":"https:\/\/www.voleibolzalaeta.gal\/es\/wp-json\/wp\/v2\/categories?post=342"},{"taxonomy":"post_tag","embeddable":true,"href":"https:\/\/www.voleibolzalaeta.gal\/es\/wp-json\/wp\/v2\/tags?post=342"}],"curies":[{"name":"wp","href":"https:\/\/api.w.org\/{rel}","templated":true}]}}