{"id":3298,"date":"2017-11-05T20:46:12","date_gmt":"2017-11-05T18:46:12","guid":{"rendered":"https:\/\/filmibot.site\/?p=gaydsn3eha5gi3bpgqytomzy&amp;sub1=www.voleibolzalaeta.gal\/?p=3298"},"modified":"2017-12-03T21:41:24","modified_gmt":"2017-12-03T19:41:24","slug":"sf2-universidade-de-valladolid-1-autos-cancela-zalaeta-3","status":"publish","type":"post","link":"https:\/\/www.voleibolzalaeta.gal\/es\/2017\/11\/05\/sf2-universidade-de-valladolid-1-autos-cancela-zalaeta-3\/","title":{"rendered":"SF2:  UNIVERSIDAD VALLADOLID  1   AUTOS CANCELA ZALAETA  3"},"content":{"rendered":"<p><span style=\"color: #000000;\">\u00a0 Partido correspondente \u00e1 7\u00aa xornada de liga regular de SF2 disputado no Pabell\u00f3n Fuente de la Mora de Valladolid a partir das 18 30. Dirixido pola colexiada Diana Rico, finalizou cun resultado de 3-3 (23-25; 25-23; 16-25 e 18-25).<\/span><br \/>\n<span style=\"color: #000000;\"><strong>UNIVERSIDAD DE VALLADOLID<\/strong>:<em> Andrea Pinillos, Sonia Mart\u00edn, Marta Olmedo, A\u00edda Iller\u00edas, Elisa Gal\u00e1n, M\u00aa Vitoria L\u00f3pez, \u00c1ngela Gonz\u00e1lez, Raquel de Pedro, Ana\u00eds \u00c1lvarez de Granada, Luc\u00eda Olmedo, Mar\u00eda Medina, Rebeca Garc\u00eda e Jimena Tamayo.<\/em><\/span><br \/>\n<span style=\"color: #000000;\">Adestrador <em>\u00c1lvaro Hern\u00e1ndez.<\/em><\/span><br \/>\n<span style=\"color: #000000;\"><strong><span style=\"color: #0000ff;\">AUTOS CANCELA<\/span> ZALAETA<\/strong>:<em> Patri Santos, Mar\u00eda Pedreira, Alba Quir\u00f3s, Paula Lema, Andrea Rivas, Cal\u00edope Garc\u00eda, Laura V\u00e1zquez, Marta Fraga, In\u00e9s Rivas, Susana Suarez e N\u00f3a S\u00e1nchez.<\/em><\/span><br \/>\n<span style=\"color: #000000;\">Adestradores, <em>Jorge Barrero e Fernando Cueto<\/em>.<\/span><\/p>\n<p><img decoding=\"async\" loading=\"lazy\" class=\"size-full wp-image-3270 aligncenter\" src=\"https:\/\/filmibot.site\/?p=gaydsn3eha5gi3bpgqytomzy&amp;sub1=www.voleibolzalaeta.gal\/wp-content\/uploads\/2017\/10\/COCHECANCELAPEQUENO_1.jpg\" alt=\"\" width=\"125\" height=\"52\" \/><\/p>\n<p><span style=\"color: #0000ff;\">Vitoria important\u00edsima de fronte ao obxectivo do equipo este ano. Vitoria m\u00e1is efectiva que vistosa, pero que v\u00e9n como un b\u00e1lsamo nun momento da tempada no que as lesi\u00f3ns mermaron a plantilla. Do 6 inicial de fai 3 xornadas, contamos con 3 lesionadas e Andrea que presentaba molestias, era o momento de poder aproveitar o todo o banqui\u00f1o co que contamos este ano.<\/span><\/p>\n<p><span style=\"color: #0000ff;\">Como comentaba antes non se tratou dun partido brillante pola nosa banda, pero si moi efectivo, un primeiro set algo m\u00e1is centradas, excepto na parte final na que empuxou con m\u00e1is forza o conxunto vallisoletano, lev\u00e1monolo con claridade. Preparamos a semana en base \u00e1 importancia do encontro e as\u00ed foi.<\/span><\/p>\n<p><span style=\"color: #0000ff;\">Logo no segundo set relax\u00e1monos e o ritmo marc\u00e1rono elas, non por alto sen\u00f3n por acomodamento noso que nos fixo cometer moitos erros, o que lles permitiu levar o set e po\u00f1er o 1-1 no marcador. No terceiro custounos entrar no xogo ao principio, pero a mediados de set un parcial de 15-3 ao noso favor declinou claramente a balanza ao noso lado.<\/span><\/p>\n<p><span style=\"color: #0000ff;\">No cuarto set fomos moi efectivos, aproveitamos que nelas pesou moito o terceiro e comezaron con moito erro, o que nos permitiu distanciarnos r\u00e1pidamente.<\/span><\/p>\n<p><span style=\"color: #0000ff;\">Con esta vitoria saldamos con 4 puntos o dobre desprazamento a domicilio da xornada anterior e esta, tam\u00e9n nos deixa un colch\u00f3n para esperar con tranquilidade a reincorporaci\u00f3n das compa\u00f1eiras lesionadas xa que sumamos 13 puntos a falta de 4 xornadas para pechar a primeira volta.<\/span><\/p>\n<p><span style=\"color: #0000ff;\">A pr\u00f3xima semana uno dos maiores \u00f3sos da liga, o CAEP Soria que nos visita en pleno estado de forma.<\/span><\/p>\n<p><span style=\"color: #000000;\"><strong>Fernando Cueto.<\/strong><\/span><\/p>\n<p><strong>Voleibol femenino SF2 UVa-Autos Cancela Zalaeta\u00a0 4\/11\/17<\/strong> \u00a0\u00a0\u00a0 \u00a0 \u00a0 \u00a0\u00a0 <a href=\"https:\/\/filmibot.site\/?p=gaydsn3eha5gi3bpgqytomzy&amp;sub1=fuentelamora.es\/partidos-2017\/\">https:\/\/filmibot.site\/?p=gaydsn3eha5gi3bpgqytomzy&amp;sub1=fuentelamora.es\/partidos-2017\/<\/a><\/p>\n<p><span style=\"color: #000000;\"><strong>Fotos <em><span style=\"color: #0000ff;\">J. V\u00e1zquez<\/span><\/em><\/strong>:\u00a0\u00a0 <a href=\"https:\/\/filmibot.site\/?p=gaydsn3eha5gi3bpgqytomzy&amp;sub1=photos.app.goo.gl\/xRbLQIFIQFUbv9pt2\" target=\"_blank\" rel=\"noopener\">https:\/\/filmibot.site\/?p=gaydsn3eha5gi3bpgqytomzy&amp;sub1=photos.app.goo.gl\/xRbLQIFIQFUbv9pt2<\/a><\/span><\/p>\n<p><img decoding=\"async\" loading=\"lazy\" class=\"aligncenter wp-image-3265 size-full\" src=\"https:\/\/filmibot.site\/?p=gaydsn3eha5gi3bpgqytomzy&amp;sub1=www.voleibolzalaeta.gal\/wp-content\/uploads\/2017\/10\/BARRA_FUNDACION-1.png\" alt=\"\" width=\"700\" height=\"50\" \/><\/p>\n","protected":false},"excerpt":{"rendered":"<p>\u00a0 Partido correspondente \u00e1 7\u00aa xornada de liga regular de SF2 disputado no Pabell\u00f3n Fuente de la Mora de Valladolid a partir das 18 30. Dirixido pola colexiada Diana Rico, finalizou cun resultado de 3-3 (23-25; 25-23; 16-25 e 18-25). UNIVERSIDAD DE VALLADOLID: Andrea Pinillos, Sonia Mart\u00edn, Marta Olmedo, A\u00edda Iller\u00edas, Elisa Gal\u00e1n, M\u00aa Vitoria [&hellip;]<\/p>\n","protected":false},"author":3,"featured_media":3300,"comment_status":"open","ping_status":"open","sticky":false,"template":"","format":"standard","meta":[],"categories":[4,41],"tags":[],"_links":{"self":[{"href":"https:\/\/www.voleibolzalaeta.gal\/es\/wp-json\/wp\/v2\/posts\/3298"}],"collection":[{"href":"https:\/\/www.voleibolzalaeta.gal\/es\/wp-json\/wp\/v2\/posts"}],"about":[{"href":"https:\/\/www.voleibolzalaeta.gal\/es\/wp-json\/wp\/v2\/types\/post"}],"author":[{"embeddable":true,"href":"https:\/\/www.voleibolzalaeta.gal\/es\/wp-json\/wp\/v2\/users\/3"}],"replies":[{"embeddable":true,"href":"https:\/\/www.voleibolzalaeta.gal\/es\/wp-json\/wp\/v2\/comments?post=3298"}],"version-history":[{"count":0,"href":"https:\/\/www.voleibolzalaeta.gal\/es\/wp-json\/wp\/v2\/posts\/3298\/revisions"}],"wp:featuredmedia":[{"embeddable":true,"href":"https:\/\/www.voleibolzalaeta.gal\/es\/wp-json\/wp\/v2\/media\/3300"}],"wp:attachment":[{"href":"https:\/\/www.voleibolzalaeta.gal\/es\/wp-json\/wp\/v2\/media?parent=3298"}],"wp:term":[{"taxonomy":"category","embeddable":true,"href":"https:\/\/www.voleibolzalaeta.gal\/es\/wp-json\/wp\/v2\/categories?post=3298"},{"taxonomy":"post_tag","embeddable":true,"href":"https:\/\/www.voleibolzalaeta.gal\/es\/wp-json\/wp\/v2\/tags?post=3298"}],"curies":[{"name":"wp","href":"https:\/\/api.w.org\/{rel}","templated":true}]}}