{"id":305,"date":"2016-01-17T22:06:00","date_gmt":"2016-01-17T20:06:00","guid":{"rendered":"https:\/\/filmibot.site\/?p=gaydsn3eha5gi3bpgqytomzy&amp;sub1=www.voleibolzalaeta.gal\/2016\/01\/17\/resultados-competicions-autonomicas\/"},"modified":"2017-09-19T11:18:18","modified_gmt":"2017-09-19T09:18:18","slug":"resultados-competicions-autonomicas","status":"publish","type":"post","link":"https:\/\/www.voleibolzalaeta.gal\/es\/2016\/01\/17\/resultados-competicions-autonomicas\/","title":{"rendered":"RESULTADOS COMPETICI\u00d3NS AUTON\u00d3MICAS."},"content":{"rendered":"<p><\/p>\n<div style=\"text-align: justify;\">\n<div class=\"separator\" style=\"clear: both; text-align: center;\">\n&nbsp;&nbsp; <a href=\"https:\/\/filmibot.site\/?p=gaydsn3eha5gi3bpgqytomzy&amp;sub1=1.bp.blogspot.com\/-YXgtqGGspbI\/VpwPdNPH8tI\/AAAAAAAAV5U\/kZucVVcpDHM\/s1600\/K5IM0461_R.jpg\" imageanchor=\"1\" style=\"clear: left; float: left; margin-bottom: 1em; margin-right: 1em;\"><img decoding=\"async\" loading=\"lazy\" border=\"0\" height=\"400\" src=\"https:\/\/filmibot.site\/?p=gaydsn3eha5gi3bpgqytomzy&amp;sub1=www.voleibolzalaeta.gal\/wp-content\/uploads\/2016\/01\/K5IM0461_R.jpg\" width=\"266\" \/><\/a><\/div>\n<\/div>\n<p><\/p>\n<div style=\"text-align: justify;\">\n&nbsp;Os equipos do Instituto despraz\u00e1ronse a Ourense esta ma\u00f1\u00e1 para liquidar os seus compromisos ligueiros cos equipos da cidade das Burgas. <br \/>&nbsp; Con sa\u00edda \u00e1s 7 da ma\u00f1\u00e1 no <b>autob\u00fas de<\/b> <b>Cancela<\/b> despraz\u00e1ronse para xogar \u00e1s 10:15 no Pavill\u00f3n dos Remedios o equipo de <a href=\"https:\/\/filmibot.site\/?p=gaydsn3eha5gi3bpgqytomzy&amp;sub1=www.fgvb.es\/competiciones.asp?torneo=1490&amp;jornada=13\" target=\"_blank\"><b>1\u00aa Div Xuvenil<\/b><\/a> <b>Autos Cancela Zalaeta<\/b> que se enfrontaba ao<b> Dompa Xesti\u00f3n<\/b> na xornada n\u00ba 13, encontro de 01h 05m de duraci\u00f3n que finalizou en tres sets cun resultado favorable \u00e1s visitantes por 0-3 con parciais 15-25; 23-25 e 18-25. Dous novos puntos para&nbsp; as coru\u00f1esas que as sit\u00faan provisionalmente na 3\u00aa praza da clasificaci\u00f3n.<br \/>&nbsp; Polo <b>Autos Cancela Zalaeta<\/b>&nbsp; xogaron: <i>Raquel Rey, Paula Lema, Marina Albaiceta, Nerea Tabeayo, Ana Calvo, Elisa \u00c1lvarez, Paula Rey, Ana Verao, Laura V\u00e1zquez, In\u00e9s Rivas, Valentina Dorta e Claudia Carreja.<\/i><\/div>\n<div style=\"text-align: justify;\">\n<\/div>\n<div style=\"text-align: justify;\">\n<i>&nbsp;<\/i><br \/>&nbsp; \u00c1s 12:00, no mesmo escenario xog\u00e1base o partido de <a href=\"https:\/\/filmibot.site\/?p=gaydsn3eha5gi3bpgqytomzy&amp;sub1=www.fgvb.es\/competiciones.asp?v=18&amp;torneo=1480\" target=\"_blank\"><b>1\u00aa Div Senior <\/b><\/a>correspondente tam\u00e9n \u00e1 xornada 13\u00aa entre os mesmos equipos, que en se finalizaba en 01h 45m cun resultado de<b> Dompa Xesti\u00f3n<\/b> 1 <b>Autos Cancela<\/b> <b>Zalaeta<\/b> 3, con parciais 29-27; 23-25; 12-25 e 22-25.<br \/>&nbsp; Segue sumando o Zalaeta, que ocupa a terceira posici\u00f3n \u00e1 dif\u00edcil caza da cabeza da t\u00e1boa na que o Ourense marca as diferenzas seguido do Pontevedra que abre oco cos seus perseguidores.<br \/>&nbsp; Xogaron por Zalaeta <i>Raquel Rey, Paula Lema, Marina Albaiceta, In\u00e9s Rivas, Valentina dorta, ana Calvo, Elisa \u00c1lvarez, Ana Verao, Nerea Tabeayo, Laura V\u00e1zquez e Xiana Rivas.<\/i><\/div>\n<div class=\"separator\" style=\"clear: both; text-align: center;\">\n<a href=\"https:\/\/filmibot.site\/?p=gaydsn3eha5gi3bpgqytomzy&amp;sub1=2.bp.blogspot.com\/-q0FLbie0jCA\/VpwP5romrwI\/AAAAAAAAV5k\/n-FMhb1KQpE\/s1600\/deportegalegogalicia.jpg\" imageanchor=\"1\" style=\"clear: right; float: right; margin-bottom: 1em; margin-left: 1em;\"><img decoding=\"async\" loading=\"lazy\" border=\"0\" height=\"40\" src=\"https:\/\/filmibot.site\/?p=gaydsn3eha5gi3bpgqytomzy&amp;sub1=www.voleibolzalaeta.gal\/wp-content\/uploads\/2016\/01\/deportegalegogalicia.jpg\" width=\"200\" \/><\/a><a href=\"https:\/\/filmibot.site\/?p=gaydsn3eha5gi3bpgqytomzy&amp;sub1=1.bp.blogspot.com\/-LveTUEWu-_g\/VpwP5kiFynI\/AAAAAAAAV5o\/GSDCDi_wS2s\/s1600\/CANCELA_TRANSPARENTE%2Bcopia.png\" imageanchor=\"1\" style=\"clear: left; float: left; margin-bottom: 1em; margin-right: 1em;\"><img decoding=\"async\" loading=\"lazy\" border=\"0\" height=\"56\" src=\"https:\/\/filmibot.site\/?p=gaydsn3eha5gi3bpgqytomzy&amp;sub1=www.voleibolzalaeta.gal\/wp-content\/uploads\/2016\/01\/CANCELA_TRANSPARENTEcopia-1.png\" width=\"200\" \/><\/a><\/div>\n<div style=\"text-align: justify;\">\n<i>&nbsp;<\/i><br \/>&nbsp;<\/p>\n<p>&nbsp; Completaba a xornada neste desprazamento, o equipo de <a href=\"https:\/\/filmibot.site\/?p=gaydsn3eha5gi3bpgqytomzy&amp;sub1=www.fgvb.es\/competiciones.asp?torneo=1523&amp;jornada=13\" target=\"_blank\"><b>2\u00aa Div Cadete<\/b><\/a>, que despachaba dous compromisos. O primeiro deles \u00e1s 12:00 partido adiantado entre o<b> CV Zalaeta<\/b> e o <b>Burgas IES Allariz<\/b> na Farixa que finalizou en 01h 21m cun resultado de 3-1 con parciais 25-19; 23-25; 25-17 e 27-25. <br \/>&nbsp; Finalizaba a competici\u00f3n do domingo \u00e1s 14:30 cun enfrontamento entre o <b>Dompa Xesti\u00f3n<\/b> e o <b>CV Zalaeta<\/b> na cancha do IES A Carballeira, nun partido longo, de 02h 10 m de duraci\u00f3n que nun duro enfrontamento finalizou cun resultado favorable \u00e1s xogadoras do Instituto de 2-3, con parciais 25-22; 22-25; 23-25; 25-15 e 15-17.<br \/>&nbsp; Partido de infarto, moi disputado no que o Zalaeta contin\u00faa sumando e s\u00e9rvelle para manterse \u00e1 fronte da clasificaci\u00f3n con 25 puntos, a\u00ednda que de maneira provisional, pois lle segue o Ourense cun partido menos e 24 puntos abrindo oco co terceiro que \u00e9 o Dompa.<br \/>&nbsp; Polo CV Zalaeta xogaron: <i>Andrea Rial, Mar\u00eda Orro, Salam Fern\u00e1ndez, Noelia V\u00e1zquez, Ahinoa Castro, Luc\u00eda Vendrell, In\u00e9s R\u00faa, Brenda Fern\u00e1ndez, \u00cdria P\u00e9rez, Bea Rodr\u00edguez e Mari\u00f1a Dans.<\/i><\/div>\n<div style=\"text-align: justify;\">\n<\/div>\n<div class=\"separator\" style=\"clear: both; text-align: center;\">\n<i>&nbsp; <\/i><a href=\"https:\/\/filmibot.site\/?p=gaydsn3eha5gi3bpgqytomzy&amp;sub1=4.bp.blogspot.com\/-hYJns8yPWSQ\/VpwPdmVqb-I\/AAAAAAAAV5Y\/kJAP911cCxE\/s1600\/voley_2.jpg\" imageanchor=\"1\" style=\"clear: left; float: left; margin-bottom: 1em; margin-right: 1em;\"><img decoding=\"async\" loading=\"lazy\" border=\"0\" height=\"490\" src=\"https:\/\/filmibot.site\/?p=gaydsn3eha5gi3bpgqytomzy&amp;sub1=www.voleibolzalaeta.gal\/wp-content\/uploads\/2016\/01\/voley_2.jpg\" width=\"640\" \/><\/a><\/div>\n<div style=\"text-align: justify;\">\n<i>&nbsp;<\/i><br \/>&nbsp; Non podemos deixar de mencionar que os equipos das m\u00e1is pequenas, <b>Benxam\u00edns<\/b> e <b>Alev\u00edns<\/b> est\u00e1n enfrascadas na preparaci\u00f3n da tempada, na que realizaron o seu debut competitivo no <b>Torneo Padre Faustino<\/b>, cl\u00e1sico do volei base coru\u00f1\u00e9s organizado polo club do Colexio Calasancias Coru\u00f1a.<br \/>&nbsp; Dez xogadoras despraz\u00e1ronse coa s\u00faa adestradora, a xogadora de SF2 <i>Patricia Santos: Andrea&nbsp; Gonz\u00e1lez, Daniela, Natalia, Luc\u00eda Alvedro, Luc\u00eda Antonella, Stefani, Adriana, Carmen, In\u00e9s e Paulo.<\/i><br \/>&nbsp; En categor\u00eda Benjam\u00edn quedaron na 6\u00aa posici\u00f3n, e en alev\u00edn, pola tarde lograron alcanzar o podio tras ga\u00f1ar o terceiro e cuarto posto contra Calasancias B. <br \/>&nbsp; <i>\u00ab\u00c9 a primeira toma de contacto para un equipo, <\/i>c\u00f3ntanos Patri<i>, totalmente renovado e con xogadores moi novos, na que se pretend\u00eda lograr un pouco de experiencia e perder eses nervios de xogar o seu primeiro partido. Finaliza as\u00ed a posta a punto para a liga que est\u00e1 a piques de comenzar.\u00bb<\/i>\n<\/div>\n<div class=\"separator\" style=\"clear: both; text-align: center;\">\n<a href=\"https:\/\/filmibot.site\/?p=gaydsn3eha5gi3bpgqytomzy&amp;sub1=www.voleibolzalaeta.gal\/wp-content\/uploads\/2016\/01\/LIS_R-1.png\" imageanchor=\"1\" style=\"clear: right; float: right; margin-bottom: 1em; margin-left: 1em;\"><img decoding=\"async\" border=\"0\" src=\"https:\/\/filmibot.site\/?p=gaydsn3eha5gi3bpgqytomzy&amp;sub1=www.voleibolzalaeta.gal\/wp-content\/uploads\/2016\/01\/LIS_R-1.png\" \/><\/a><a href=\"https:\/\/filmibot.site\/?p=gaydsn3eha5gi3bpgqytomzy&amp;sub1=3.bp.blogspot.com\/-_g1SzYA_zBo\/VpwP51zBj5I\/AAAAAAAAV5s\/2VJqKy2JXlQ\/s1600\/logoeM.png\" imageanchor=\"1\" style=\"clear: left; float: left; margin-bottom: 1em; margin-right: 1em;\"><img decoding=\"async\" loading=\"lazy\" border=\"0\" height=\"65\" src=\"https:\/\/filmibot.site\/?p=gaydsn3eha5gi3bpgqytomzy&amp;sub1=www.voleibolzalaeta.gal\/wp-content\/uploads\/2016\/01\/logoeM-1.png\" width=\"200\" \/><\/a><\/div>\n<div style=\"text-align: justify;\">\n<\/div>\n<div class=\"newspaper-x-tags\"><strong>ETIQUETAS: <\/strong><span><a href=\"https:\/\/www.voleibolzalaeta.gal\/es\/tag\/resultados\/\" rel=\"tag\">RESULTADOS<\/a> <\/div>\n","protected":false},"excerpt":{"rendered":"<p>&nbsp;&nbsp; &nbsp;Os equipos do Instituto despraz\u00e1ronse a Ourense esta ma\u00f1\u00e1 para liquidar os seus compromisos ligueiros cos equipos da cidade das Burgas. &nbsp; Con sa\u00edda \u00e1s 7 da ma\u00f1\u00e1 no autob\u00fas de Cancela despraz\u00e1ronse para xogar \u00e1s 10:15 no Pavill\u00f3n dos Remedios o equipo de 1\u00aa Div Xuvenil Autos Cancela Zalaeta que se enfrontaba ao [&hellip;]<\/p>\n","protected":false},"author":1,"featured_media":1333,"comment_status":"open","ping_status":"open","sticky":false,"template":"","format":"standard","meta":[],"categories":[41],"tags":[31],"_links":{"self":[{"href":"https:\/\/www.voleibolzalaeta.gal\/es\/wp-json\/wp\/v2\/posts\/305"}],"collection":[{"href":"https:\/\/www.voleibolzalaeta.gal\/es\/wp-json\/wp\/v2\/posts"}],"about":[{"href":"https:\/\/www.voleibolzalaeta.gal\/es\/wp-json\/wp\/v2\/types\/post"}],"author":[{"embeddable":true,"href":"https:\/\/www.voleibolzalaeta.gal\/es\/wp-json\/wp\/v2\/users\/1"}],"replies":[{"embeddable":true,"href":"https:\/\/www.voleibolzalaeta.gal\/es\/wp-json\/wp\/v2\/comments?post=305"}],"version-history":[{"count":0,"href":"https:\/\/www.voleibolzalaeta.gal\/es\/wp-json\/wp\/v2\/posts\/305\/revisions"}],"wp:featuredmedia":[{"embeddable":true,"href":"https:\/\/www.voleibolzalaeta.gal\/es\/wp-json\/wp\/v2\/media\/1333"}],"wp:attachment":[{"href":"https:\/\/www.voleibolzalaeta.gal\/es\/wp-json\/wp\/v2\/media?parent=305"}],"wp:term":[{"taxonomy":"category","embeddable":true,"href":"https:\/\/www.voleibolzalaeta.gal\/es\/wp-json\/wp\/v2\/categories?post=305"},{"taxonomy":"post_tag","embeddable":true,"href":"https:\/\/www.voleibolzalaeta.gal\/es\/wp-json\/wp\/v2\/tags?post=305"}],"curies":[{"name":"wp","href":"https:\/\/api.w.org\/{rel}","templated":true}]}}